{"id":9033,"date":"2026-03-09T20:56:54","date_gmt":"2026-03-09T20:56:54","guid":{"rendered":"https:\/\/peopleofcostarica.com\/?p=9033"},"modified":"2026-03-09T20:58:55","modified_gmt":"2026-03-09T20:58:55","slug":"un-nouveau-champignon-menace-les-cultures-de-fraises-au-costa-rica","status":"publish","type":"post","link":"https:\/\/peopleofcostarica.com\/fr\/un-nouveau-champignon-menace-les-cultures-de-fraises-au-costa-rica\/","title":{"rendered":"Un nouveau champignon menace les cultures de fraises au Costa Rica"},"content":{"rendered":"\n<p>Un nouveau champignon r\u00e9cemment d\u00e9tect\u00e9 repr\u00e9sente une menace pour les <strong>cultures de fraises au Costa Rica<\/strong>, suscitant l\u2019inqui\u00e9tude des producteurs et des autorit\u00e9s agricoles. La pr\u00e9sence de cette maladie pourrait affecter la production dans certaines des principales r\u00e9gions agricoles du pays, o\u00f9 la culture de la fraise fait partie de l\u2019\u00e9conomie locale.<\/p>\n\n\n\n<p>Les autorit\u00e9s et les sp\u00e9cialistes de l\u2019agriculture ont lanc\u00e9 des op\u00e9rations de surveillance afin d\u2019\u00e9valuer l\u2019ampleur de la situation et de mettre en place des mesures visant \u00e0 r\u00e9duire son impact sur la production.<\/p>\n\n\n\n<h2 class=\"wp-block-heading\">Impact sur la production agricole<\/h2>\n\n\n\n<p>La culture de la fraise est une activit\u00e9 agricole importante dans plusieurs r\u00e9gions du pays, notamment dans les zones au climat temp\u00e9r\u00e9 des provinces de Cartago et d\u2019Alajuela. L\u2019apparition de maladies fongiques peut provoquer des dommages significatifs aux plantes, affectant \u00e0 la fois la qualit\u00e9 et le rendement des r\u00e9coltes.<\/p>\n\n\n\n<p>Selon le <strong>Minist\u00e8re de l\u2019Agriculture et de l\u2019\u00c9levage (MAG)<\/strong>, la surveillance phytosanitaire est essentielle pour d\u00e9tecter rapidement la pr\u00e9sence de ravageurs et de maladies susceptibles de compromettre la production agricole nationale.<\/p>\n\n\n\n<p>Les producteurs d\u00e9pendent de ces mesures de surveillance pour prot\u00e9ger leurs cultures et garantir la stabilit\u00e9 de l\u2019approvisionnement sur le march\u00e9 local.<\/p>\n\n\n\n<h2 class=\"wp-block-heading\">Surveillance et r\u00e9ponse des autorit\u00e9s<\/h2>\n\n\n\n<p>Les institutions agricoles ont intensifi\u00e9 les efforts de suivi dans les zones de production afin d\u2019identifier la propagation du champignon et d\u2019appliquer des strat\u00e9gies de contr\u00f4le. Ces actions comprennent des inspections sur le terrain, des analyses techniques et des recommandations destin\u00e9es aux agriculteurs.<\/p>\n\n\n\n<p>Le <strong>Service phytosanitaire de l\u2019\u00c9tat (SFE)<\/strong>, organisme rattach\u00e9 au Minist\u00e8re de l\u2019Agriculture et de l\u2019\u00c9levage, est charg\u00e9 de superviser la sant\u00e9 des v\u00e9g\u00e9taux dans le pays et de coordonner les mesures visant \u00e0 pr\u00e9venir la propagation des maladies affectant les cultures.<\/p>\n\n\n\n<p>Parmi les recommandations figurent g\u00e9n\u00e9ralement de bonnes pratiques de gestion agricole, des mesures de contr\u00f4le sanitaire et le respect de protocoles techniques permettant de r\u00e9duire les risques de propagation de la maladie.<\/p>\n\n\n\n<h2 class=\"wp-block-heading\">Importance de la sant\u00e9 v\u00e9g\u00e9tale au Costa Rica<\/h2>\n\n\n\n<p>La protection des cultures constitue un \u00e9l\u00e9ment essentiel pour la s\u00e9curit\u00e9 alimentaire et le d\u00e9veloppement du secteur agricole. Le Costa Rica dispose de syst\u00e8mes de surveillance phytosanitaire afin d\u2019identifier les risques et de r\u00e9pondre aux menaces potentielles pouvant affecter la production agricole.<\/p>\n\n\n\n<p>L\u2019<strong>Institut national d\u2019innovation et de transfert en technologie agropecuaire (INTA)<\/strong> participe \u00e9galement \u00e0 la recherche et au d\u00e9veloppement de solutions techniques visant \u00e0 am\u00e9liorer la productivit\u00e9 et la r\u00e9silience des cultures face aux maladies ou aux changements environnementaux.<\/p>\n\n\n\n<p>Le suivi constant et la collaboration entre producteurs, institutions et sp\u00e9cialistes sont essentiels pour faire face \u00e0 des d\u00e9fis tels que l\u2019apparition de nouvelles maladies agricoles.<\/p>\n\n\n\n<h2 class=\"wp-block-heading\">Sources officielles consult\u00e9es<\/h2>\n\n\n\n<p>Minist\u00e8re de l\u2019Agriculture et de l\u2019\u00c9levage (MAG)<br>Service phytosanitaire de l\u2019\u00c9tat (SFE)<br>Institut national d\u2019innovation et de transfert en technologie agropecuaire (INTA)<br>The Tico Times \u2013 \u00ab New fungus threatens Costa Rica strawberry crops \u00bb<\/p>\n","protected":false},"excerpt":{"rendered":"<p>Un nouveau champignon r\u00e9cemment d\u00e9tect\u00e9 repr\u00e9sente une menace pour les cultures de fraises au Costa Rica, suscitant l\u2019inqui\u00e9tude des producteurs et des autorit\u00e9s agricoles. La pr\u00e9sence de cette maladie pourrait affecter la production dans certaines des principales r\u00e9gions agricoles du pays, o\u00f9 la culture de la fraise fait partie de l\u2019\u00e9conomie locale. Les autorit\u00e9s et [&hellip;]<\/p>\n","protected":false},"author":16,"featured_media":9032,"comment_status":"open","ping_status":"open","sticky":false,"template":"","format":"standard","meta":{"footnotes":""},"categories":[86,96],"tags":[],"class_list":["post-9033","post","type-post","status-publish","format-standard","has-post-thumbnail","hentry","category-actualites","category-sante-et-securite"],"_links":{"self":[{"href":"https:\/\/peopleofcostarica.com\/fr\/wp-json\/wp\/v2\/posts\/9033","targetHints":{"allow":["GET"]}}],"collection":[{"href":"https:\/\/peopleofcostarica.com\/fr\/wp-json\/wp\/v2\/posts"}],"about":[{"href":"https:\/\/peopleofcostarica.com\/fr\/wp-json\/wp\/v2\/types\/post"}],"author":[{"embeddable":true,"href":"https:\/\/peopleofcostarica.com\/fr\/wp-json\/wp\/v2\/users\/16"}],"replies":[{"embeddable":true,"href":"https:\/\/peopleofcostarica.com\/fr\/wp-json\/wp\/v2\/comments?post=9033"}],"version-history":[{"count":1,"href":"https:\/\/peopleofcostarica.com\/fr\/wp-json\/wp\/v2\/posts\/9033\/revisions"}],"predecessor-version":[{"id":9034,"href":"https:\/\/peopleofcostarica.com\/fr\/wp-json\/wp\/v2\/posts\/9033\/revisions\/9034"}],"wp:featuredmedia":[{"embeddable":true,"href":"https:\/\/peopleofcostarica.com\/fr\/wp-json\/wp\/v2\/media\/9032"}],"wp:attachment":[{"href":"https:\/\/peopleofcostarica.com\/fr\/wp-json\/wp\/v2\/media?parent=9033"}],"wp:term":[{"taxonomy":"category","embeddable":true,"href":"https:\/\/peopleofcostarica.com\/fr\/wp-json\/wp\/v2\/categories?post=9033"},{"taxonomy":"post_tag","embeddable":true,"href":"https:\/\/peopleofcostarica.com\/fr\/wp-json\/wp\/v2\/tags?post=9033"}],"curies":[{"name":"wp","href":"https:\/\/api.w.org\/{rel}","templated":true}]}}