{"id":8464,"date":"2026-04-03T10:00:00","date_gmt":"2026-04-03T10:00:00","guid":{"rendered":"https:\/\/peopleofcostarica.com\/?p=8464"},"modified":"2026-02-23T21:17:38","modified_gmt":"2026-02-23T21:17:38","slug":"la-biografia-de-nuestra-libertad-entrega-i-los-cimientos-de-la-republica-1821-1848","status":"publish","type":"post","link":"https:\/\/peopleofcostarica.com\/fr\/la-biografia-de-nuestra-libertad-entrega-i-los-cimientos-de-la-republica-1821-1848\/","title":{"rendered":"La Biographie de notre Libert\u00e9 (Partie I) : Les Fondements de la R\u00e9publique (1821-1848)"},"content":{"rendered":"\n<p>La d\u00e9mocratie costaricienne n\u2019est pas n\u00e9e d\u2019un \u00e9v\u00e9nement spontan\u00e9, mais d\u2019un processus de \u00ab s\u00e9dimentation culturelle et politique \u00bb qui a commenc\u00e9 bien avant la signature de son ind\u00e9pendance. Pour comprendre la stabilit\u00e9 actuelle du pays, il est n\u00e9cessaire d\u2019analyser les conditions structurelles de son \u00e9poque fondatrice.<\/p>\n\n\n\n<h3 class=\"wp-block-heading\"><strong>Le substrat colonial et l\u2019\u00e9galitarisme relatif<\/strong><\/h3>\n\n\n\n<p>Contrairement \u00e0 d\u2019autres r\u00e9gions d\u2019Am\u00e9rique latine, le Costa Rica colonial se caract\u00e9risait par un isolement g\u00e9ographique et une profonde pr\u00e9carit\u00e9 \u00e9conomique. Selon la litt\u00e9rature historique, cette absence de richesses mini\u00e8res ou de grandes populations indig\u00e8nes destin\u00e9es au syst\u00e8me d\u2019encomienda a emp\u00each\u00e9 la formation de hi\u00e9rarchies sociales rigides. Ce ph\u00e9nom\u00e8ne a g\u00e9n\u00e9r\u00e9 un \u00ab \u00e9galitarisme relatif \u00bb et une culture de la n\u00e9gociation qui ont servi de base \u00e0 la construction de l\u2019\u00c9tat national.<\/p>\n\n\n\n<h3 class=\"wp-block-heading\"><strong>1821 : Une ind\u00e9pendance d\u2019id\u00e9es et de cabildos<\/strong><\/h3>\n\n\n\n<p>La transition de colonie \u00e0 entit\u00e9 souveraine en 1821 fut avant tout un processus civiliste. Le d\u00e9bat politique de l\u2019\u00e9poque fut fortement influenc\u00e9 par les Lumi\u00e8res et les Cortes de Cadix. Les municipalit\u00e9s et leurs \u00ab tertulias \u00bb devinrent des espaces d\u00e9cisifs de d\u00e9lib\u00e9ration, o\u00f9 commen\u00e7a \u00e0 se forger la notion de citoyennet\u00e9.<\/p>\n\n\n\n<p>Au cours de cette p\u00e9riode, le Costa Rica exp\u00e9rimenta ses premi\u00e8res normes fondamentales, notamment le Pacte de Concorde (1821), qui \u00e9tablit les bases de la coexistence politique initiale. Un fait pertinent est que d\u00e8s la Constitution politique de 1844, des exp\u00e9rimentations pr\u00e9coces avec le vote direct furent r\u00e9alis\u00e9es, bien que sous un registre \u00e9lectoral limit\u00e9 aux hommes propri\u00e9taires.<\/p>\n\n\n\n<h3 class=\"wp-block-heading\"><strong>1848 : La naissance de la R\u00e9publique<\/strong><\/h3>\n\n\n\n<p>Le jalon d\u00e9finitif de cette \u00e9tape eut lieu le 31 ao\u00fbt 1848. Sous la direction du Dr Jos\u00e9 Mar\u00eda Castro Madriz, le Costa Rica rompit ses derniers liens avec la F\u00e9d\u00e9ration centram\u00e9ricaine et se proclama R\u00e9publique souveraine et ind\u00e9pendante.<\/p>\n\n\n\n<p>Cet acte ne fut pas seulement symbolique ; il entra\u00eena la cr\u00e9ation d\u2019une division administrative claire (provinces, cantons et districts) et le renforcement de la libert\u00e9 de la presse. Castro Madriz, connu comme le \u00ab Fondateur de la R\u00e9publique \u00bb, promut l\u2019id\u00e9e que l\u2019\u00e9ducation et l\u2019opinion publique \u00e9taient les v\u00e9ritables piliers d\u2019une nation libre, favorisant l\u2019apparition des premiers journaux qui dynamis\u00e8rent la vie citoyenne.<\/p>\n\n\n\n<h3 class=\"wp-block-heading\"><strong>L\u2019\u00e9conomie comme moteur de changement<\/strong><\/h3>\n\n\n\n<p>La consolidation de ce mod\u00e8le r\u00e9publicain fut li\u00e9e \u00e0 l\u2019essor du caf\u00e9. Le mod\u00e8le agro-exportateur donna non seulement une viabilit\u00e9 \u00e9conomique \u00e0 l\u2019\u00c9tat, mais commen\u00e7a \u00e9galement \u00e0 d\u00e9finir la structure sociale qui participerait aux processus \u00e9lectoraux de la seconde moiti\u00e9 du XIXe si\u00e8cle.<\/p>\n\n\n\n<h3 class=\"wp-block-heading\">Sources consult\u00e9es :<\/h3>\n\n\n\n<ul class=\"wp-block-list\">\n<li>L\u2019Ind\u00e9pendance au Costa Rica, Archives historiques (Primera L\u00ednea).<\/li>\n\n\n\n<li>La Trajectoire de la polyarchie costaricienne : Analyse historique, institutionnelle et sociopolitique de longue dur\u00e9e.<\/li>\n\n\n\n<li>Histoire du Costa Rica, Document de synth\u00e8se historique.<\/li>\n\n\n\n<li>La longue transition vers la d\u00e9mocratie au Costa Rica, Rapport Estado de la Naci\u00f3n (INEC).<\/li>\n\n\n\n<li>Les 200 ans de la R\u00e9publique du Costa Rica, SURCOS Digital.<\/li>\n<\/ul>\n\n\n\n<p><\/p>\n","protected":false},"excerpt":{"rendered":"<p>La d\u00e9mocratie costaricienne n\u2019est pas n\u00e9e d\u2019un \u00e9v\u00e9nement spontan\u00e9, mais d\u2019un processus de \u00ab s\u00e9dimentation culturelle et politique \u00bb qui a commenc\u00e9 bien avant la signature de son ind\u00e9pendance. Pour comprendre la stabilit\u00e9 actuelle du pays, il est n\u00e9cessaire d\u2019analyser les conditions structurelles de son \u00e9poque fondatrice. Le substrat colonial et l\u2019\u00e9galitarisme relatif Contrairement \u00e0 [&hellip;]<\/p>\n","protected":false},"author":16,"featured_media":8465,"comment_status":"open","ping_status":"open","sticky":false,"template":"","format":"standard","meta":{"footnotes":""},"categories":[28],"tags":[],"class_list":["post-8464","post","type-post","status-publish","format-standard","has-post-thumbnail","hentry","category-non-classifiee"],"_links":{"self":[{"href":"https:\/\/peopleofcostarica.com\/fr\/wp-json\/wp\/v2\/posts\/8464","targetHints":{"allow":["GET"]}}],"collection":[{"href":"https:\/\/peopleofcostarica.com\/fr\/wp-json\/wp\/v2\/posts"}],"about":[{"href":"https:\/\/peopleofcostarica.com\/fr\/wp-json\/wp\/v2\/types\/post"}],"author":[{"embeddable":true,"href":"https:\/\/peopleofcostarica.com\/fr\/wp-json\/wp\/v2\/users\/16"}],"replies":[{"embeddable":true,"href":"https:\/\/peopleofcostarica.com\/fr\/wp-json\/wp\/v2\/comments?post=8464"}],"version-history":[{"count":2,"href":"https:\/\/peopleofcostarica.com\/fr\/wp-json\/wp\/v2\/posts\/8464\/revisions"}],"predecessor-version":[{"id":8470,"href":"https:\/\/peopleofcostarica.com\/fr\/wp-json\/wp\/v2\/posts\/8464\/revisions\/8470"}],"wp:featuredmedia":[{"embeddable":true,"href":"https:\/\/peopleofcostarica.com\/fr\/wp-json\/wp\/v2\/media\/8465"}],"wp:attachment":[{"href":"https:\/\/peopleofcostarica.com\/fr\/wp-json\/wp\/v2\/media?parent=8464"}],"wp:term":[{"taxonomy":"category","embeddable":true,"href":"https:\/\/peopleofcostarica.com\/fr\/wp-json\/wp\/v2\/categories?post=8464"},{"taxonomy":"post_tag","embeddable":true,"href":"https:\/\/peopleofcostarica.com\/fr\/wp-json\/wp\/v2\/tags?post=8464"}],"curies":[{"name":"wp","href":"https:\/\/api.w.org\/{rel}","templated":true}]}}