{"id":8417,"date":"2026-05-01T10:00:00","date_gmt":"2026-05-01T16:00:00","guid":{"rendered":"https:\/\/peopleofcostarica.com\/?p=8417"},"modified":"2026-02-20T20:00:42","modified_gmt":"2026-02-20T20:00:42","slug":"la-biographie-de-notre-liberte-partie-v-du-bipartisme-a-la-fragmentation-1986-2018","status":"publish","type":"post","link":"https:\/\/peopleofcostarica.com\/fr\/la-biographie-de-notre-liberte-partie-v-du-bipartisme-a-la-fragmentation-1986-2018\/","title":{"rendered":"La Biographie de notre Libert\u00e9 (Partie V) : Du bipartisme \u00e0 la fragmentation (1986\u20132018)"},"content":{"rendered":"\n<p>Apr\u00e8s la consolidation des institutions de la Seconde R\u00e9publique, le Costa Rica est entr\u00e9 dans une phase de maturit\u00e9 politique caract\u00e9ris\u00e9e par la pr\u00e9dominance de deux grandes forces : le Partido Liberaci\u00f3n Nacional (PLN) et le Partido Unidad Social Cristiana (PUSC). Cette p\u00e9riode, qui a couvert une grande partie des derni\u00e8res d\u00e9cennies du XXe si\u00e8cle, a conf\u00e9r\u00e9 au pays une stabilit\u00e9 enviable dans la r\u00e9gion, tout en semant les germes de sa propre transformation.<\/p>\n\n\n\n<h2 class=\"wp-block-heading\">L\u2019\u00e8re du bipartisme et du consensus<\/h2>\n\n\n\n<p>Entre 1986 et 2000, le syst\u00e8me \u00e9lectoral a fonctionn\u00e9 de mani\u00e8re presque m\u00e9canique. L\u2019alternance au pouvoir entre le PLN et le PUSC permettait une continuit\u00e9 du mod\u00e8le de d\u00e9veloppement. Durant ces ann\u00e9es, le Costa Rica a non seulement renforc\u00e9 sa d\u00e9mocratie interne, mais a \u00e9galement projet\u00e9 son leadership \u00e0 l\u2019international. Un jalon fondamental fut la signature du Plan de paix d\u2019Esquipulas II sous la direction du pr\u00e9sident \u00d3scar Arias S\u00e1nchez, qui visait la d\u00e9mocratisation et la fin des conflits arm\u00e9s en Am\u00e9rique centrale, r\u00e9affirmant le r\u00f4le du Costa Rica comme r\u00e9f\u00e9rence civiliste dans la r\u00e9gion.<\/p>\n\n\n\n<h2 class=\"wp-block-heading\">Le \u00ab PLUSC \u00bb et le malaise citoyen<\/h2>\n\n\n\n<p>Avec le temps, la proximit\u00e9 programmatique entre les deux partis majoritaires a conduit une partie de la population \u00e0 forger le terme \u00ab PLUSC \u00bb pour d\u00e9signer ce qu\u2019elle percevait comme un bloc de pouvoir unique et indiff\u00e9renci\u00e9. Les sources acad\u00e9miques indiquent que cette p\u00e9riode a commenc\u00e9 \u00e0 montrer des signes d\u2019essoufflement en raison de :<\/p>\n\n\n\n<p>Scandales de corruption : Des affaires impliquant des figures de haut niveau ont affect\u00e9 la confiance dans les institutions traditionnelles.<br>D\u00e9salignement \u00e9lectoral : Un nombre croissant de citoyens a cess\u00e9 de s\u2019identifier \u00e9motionnellement aux couleurs partisanes (\u00ab vote de drapeau \u00bb).<br>Augmentation de l\u2019abstention : La participation, historiquement sup\u00e9rieure \u00e0 80 %, a commenc\u00e9 \u00e0 diminuer, refl\u00e9tant une d\u00e9connexion entre l\u2019offre politique et les demandes sociales.<\/p>\n\n\n\n<h2 class=\"wp-block-heading\">2002 : La rupture du syst\u00e8me<\/h2>\n\n\n\n<p>Les \u00e9lections de 2002 ont marqu\u00e9 un point de non-retour. L\u2019\u00e9mergence du Partido Acci\u00f3n Ciudadana (PAC), dirig\u00e9 par Ott\u00f3n Sol\u00eds, a bris\u00e9 le monopole bipartite et a contraint, pour la premi\u00e8re fois dans l\u2019histoire moderne sous la Constitution de 1949, \u00e0 un second tour \u00e9lectoral. Cet \u00e9v\u00e9nement a transform\u00e9 le syst\u00e8me d\u2019un \u00ab bipartisme parfait \u00bb en un pluralisme limit\u00e9, o\u00f9 les majorit\u00e9s \u00e0 l\u2019Assembl\u00e9e l\u00e9gislative sont devenues plus difficiles \u00e0 atteindre, exigeant une plus grande capacit\u00e9 de n\u00e9gociation et de coalition.<\/p>\n\n\n\n<h2 class=\"wp-block-heading\">Vers le multipartisme (2014\u20132018)<\/h2>\n\n\n\n<p>La fragmentation s\u2019est approfondie au cours de la d\u00e9cennie suivante. En 2014, le PAC a acc\u00e9d\u00e9 \u00e0 la pr\u00e9sidence, mettant fin \u00e0 des d\u00e9cennies d\u2019alternance PLN-PUSC. En 2018, le paysage politique est devenu encore plus complexe avec l\u2019entr\u00e9e de th\u00e9matiques religieuses et de valeurs dans l\u2019agenda, entra\u00eenant un Nombre Effectif de Partis (NEP) significativement plus \u00e9lev\u00e9. La d\u00e9mocratie costaricienne est pass\u00e9e d\u2019un syst\u00e8me pr\u00e9visible \u00e0 un syst\u00e8me vibrant, diversifi\u00e9 et, parfois, polaris\u00e9, refl\u00e9tant une soci\u00e9t\u00e9 plus critique et moins dispos\u00e9e \u00e0 signer des \u00ab ch\u00e8ques en blanc \u00bb \u00e0 ses dirigeants.<\/p>\n\n\n\n<h2 class=\"wp-block-heading\">Sources consult\u00e9es :<\/h2>\n\n\n\n<ul class=\"wp-block-list\">\n<li>Sistema de partidos en Costa Rica en el periodo 1986-2018: del bipartidismo al multipartidismo, Carlos Cuiti\u00f1o Burone.<\/li>\n\n\n\n<li>La paz en Centroam\u00e9rica, 1987-1990. El Plan Arias desde adentro, Cristina Eguiz\u00e1bal Mendoza.<\/li>\n\n\n\n<li>Transici\u00f3n pol\u00edtica en Costa Rica y el Partido Acci\u00f3n Ciudadana, Carlos Alvarado Quesada (Nuevo Mundo Mundos Nuevos).<\/li>\n\n\n\n<li>Crisis pol\u00edtica y bipartidismo en Costa Rica: Apuntes sobre hechos recientes, Dialnet.<\/li>\n\n\n\n<li>\u00bfC\u00f3mo hemos cambiado? Progresos y desmejoras en la democracia costarricense, Informe Estado de la Naci\u00f3n.<\/li>\n<\/ul>\n","protected":false},"excerpt":{"rendered":"<p>Apr\u00e8s la consolidation des institutions de la Seconde R\u00e9publique, le Costa Rica est entr\u00e9 dans une phase de maturit\u00e9 politique caract\u00e9ris\u00e9e par la pr\u00e9dominance de deux grandes forces : le Partido Liberaci\u00f3n Nacional (PLN) et le Partido Unidad Social Cristiana (PUSC). Cette p\u00e9riode, qui a couvert une grande partie des derni\u00e8res d\u00e9cennies du XXe si\u00e8cle, [&hellip;]<\/p>\n","protected":false},"author":16,"featured_media":8416,"comment_status":"open","ping_status":"open","sticky":false,"template":"","format":"standard","meta":{"footnotes":""},"categories":[138],"tags":[],"class_list":["post-8417","post","type-post","status-publish","format-standard","has-post-thumbnail","hentry","category-politiques"],"_links":{"self":[{"href":"https:\/\/peopleofcostarica.com\/fr\/wp-json\/wp\/v2\/posts\/8417","targetHints":{"allow":["GET"]}}],"collection":[{"href":"https:\/\/peopleofcostarica.com\/fr\/wp-json\/wp\/v2\/posts"}],"about":[{"href":"https:\/\/peopleofcostarica.com\/fr\/wp-json\/wp\/v2\/types\/post"}],"author":[{"embeddable":true,"href":"https:\/\/peopleofcostarica.com\/fr\/wp-json\/wp\/v2\/users\/16"}],"replies":[{"embeddable":true,"href":"https:\/\/peopleofcostarica.com\/fr\/wp-json\/wp\/v2\/comments?post=8417"}],"version-history":[{"count":1,"href":"https:\/\/peopleofcostarica.com\/fr\/wp-json\/wp\/v2\/posts\/8417\/revisions"}],"predecessor-version":[{"id":8418,"href":"https:\/\/peopleofcostarica.com\/fr\/wp-json\/wp\/v2\/posts\/8417\/revisions\/8418"}],"wp:featuredmedia":[{"embeddable":true,"href":"https:\/\/peopleofcostarica.com\/fr\/wp-json\/wp\/v2\/media\/8416"}],"wp:attachment":[{"href":"https:\/\/peopleofcostarica.com\/fr\/wp-json\/wp\/v2\/media?parent=8417"}],"wp:term":[{"taxonomy":"category","embeddable":true,"href":"https:\/\/peopleofcostarica.com\/fr\/wp-json\/wp\/v2\/categories?post=8417"},{"taxonomy":"post_tag","embeddable":true,"href":"https:\/\/peopleofcostarica.com\/fr\/wp-json\/wp\/v2\/tags?post=8417"}],"curies":[{"name":"wp","href":"https:\/\/api.w.org\/{rel}","templated":true}]}}