{"id":8215,"date":"2026-02-13T15:14:39","date_gmt":"2026-02-13T15:14:39","guid":{"rendered":"https:\/\/peopleofcostarica.com\/?p=8215"},"modified":"2026-02-13T15:15:00","modified_gmt":"2026-02-13T15:15:00","slug":"les-dimanches-familiaux-sans-fumee-reviennent-en-fevrier-et-mars-avec-des-activites-gratuites","status":"publish","type":"post","link":"https:\/\/peopleofcostarica.com\/fr\/les-dimanches-familiaux-sans-fumee-reviennent-en-fevrier-et-mars-avec-des-activites-gratuites\/","title":{"rendered":"Les Dimanches familiaux sans fum\u00e9e reviennent en f\u00e9vrier et mars avec des activit\u00e9s gratuites"},"content":{"rendered":"\n<p>Le Paseo Col\u00f3n redeviendra un immense parc urbain sans v\u00e9hicules ni pollution. La Municipalidad de San Jos\u00e9 a officialis\u00e9 le retour des \u00ab Domingos Familiares sin Humo \u00bb (Dimanches familiaux sans fum\u00e9e), une initiative visant \u00e0 promouvoir des modes de vie sains, le sport et l\u2019appropriation des espaces publics de la capitale, enti\u00e8rement gratuite.<\/p>\n\n\n\n<p>Pour 2026, l\u2019activit\u00e9 se d\u00e9roulera sur quatre dates cl\u00e9s et int\u00e9grera pour la premi\u00e8re fois le Parque Metropolitano La Sabana pour sa journ\u00e9e de cl\u00f4ture.<\/p>\n\n\n\n<p>Les autorit\u00e9s municipales ont confirm\u00e9 les dates et lieux suivants :<\/p>\n\n\n\n<ul class=\"wp-block-list\">\n<li><strong>15 et 22 f\u00e9vrier :<\/strong> Paseo Col\u00f3n (fermeture des voies de la rue 24 \u00e0 la rue 42).<\/li>\n\n\n\n<li><strong>1er mars :<\/strong> Paseo Col\u00f3n.<\/li>\n\n\n\n<li><strong>8 mars :<\/strong> Grande cl\u00f4ture au Parque Metropolitano La Sabana, \u00e0 l\u2019occasion de la Journ\u00e9e internationale des femmes.<\/li>\n<\/ul>\n\n\n\n<p>L\u2019\u00e9v\u00e9nement proposera un vaste programme d\u2019animations r\u00e9parties sur plusieurs p\u00e2t\u00e9s de maisons, avec des activit\u00e9s pour tous les \u00e2ges :<\/p>\n\n\n\n<p><strong>Pour les enfants :<\/strong><br>Circuits de v\u00e9lo (de 2 \u00e0 9 ans), piste de Go-Karts, structures gonflables g\u00e9antes, ateliers de peinture et p\u00e9pini\u00e8res mobiles.<\/p>\n\n\n\n<p><strong>Sport et adr\u00e9naline :<\/strong><br>Exhibitions de lutte libre, skate park urbain, piste de patinage et jeux traditionnels.<\/p>\n\n\n\n<p><strong>Animaux de compagnie :<\/strong><br>La zone \u00ab Healthy Pets \u00bb comprendra des piscines, rampes, parcours d\u2019obstacles et services de soins pour les animaux.<\/p>\n\n\n\n<p><strong>Culture et environnement :<\/strong><br>D\u00e9monstrations de la Police canine, PhotoBooths et campagne de recyclage permettant aux participants d\u2019\u00e9changer du verre, du plastique et de l\u2019aluminium contre des articles promotionnels.<\/p>\n\n\n\n<p>Afin de garantir la s\u00e9curit\u00e9 des participants, le Ministerio de Obras P\u00fablicas y Transportes (MOPT) et la Police municipale mettront en place des fermetures de voies sur le Paseo Col\u00f3n de 5h00 \u00e0 16h00 durant les dimanches programm\u00e9s. Il est recommand\u00e9 aux automobilistes d\u2019emprunter des itin\u00e9raires alternatifs.<\/p>\n\n\n\n<p>Le maire de San Jos\u00e9, Diego Miranda, a soulign\u00e9 que cette \u00e9dition 2026 met l\u2019accent sur la d\u00e9carbonisation et rend hommage \u00e0 des institutions m\u00e9ritoires telles que le Corps des pompiers, qui c\u00e9l\u00e8bre cette ann\u00e9e son 160e anniversaire. L\u2019invitation est lanc\u00e9e aux familles pour s\u2019approprier la ville dans un environnement s\u00fbr, propre et sans fum\u00e9e de tabac.<\/p>\n","protected":false},"excerpt":{"rendered":"<p>Le Paseo Col\u00f3n redeviendra un immense parc urbain sans v\u00e9hicules ni pollution. La Municipalidad de San Jos\u00e9 a officialis\u00e9 le retour des \u00ab Domingos Familiares sin Humo \u00bb (Dimanches familiaux sans fum\u00e9e), une initiative visant \u00e0 promouvoir des modes de vie sains, le sport et l\u2019appropriation des espaces publics de la capitale, enti\u00e8rement gratuite. Pour [&hellip;]<\/p>\n","protected":false},"author":15,"featured_media":8214,"comment_status":"open","ping_status":"open","sticky":false,"template":"","format":"standard","meta":{"footnotes":""},"categories":[86,55,102],"tags":[],"class_list":["post-8215","post","type-post","status-publish","format-standard","has-post-thumbnail","hentry","category-actualites","category-endroits-fr","category-tourisme-et-culture"],"_links":{"self":[{"href":"https:\/\/peopleofcostarica.com\/fr\/wp-json\/wp\/v2\/posts\/8215","targetHints":{"allow":["GET"]}}],"collection":[{"href":"https:\/\/peopleofcostarica.com\/fr\/wp-json\/wp\/v2\/posts"}],"about":[{"href":"https:\/\/peopleofcostarica.com\/fr\/wp-json\/wp\/v2\/types\/post"}],"author":[{"embeddable":true,"href":"https:\/\/peopleofcostarica.com\/fr\/wp-json\/wp\/v2\/users\/15"}],"replies":[{"embeddable":true,"href":"https:\/\/peopleofcostarica.com\/fr\/wp-json\/wp\/v2\/comments?post=8215"}],"version-history":[{"count":1,"href":"https:\/\/peopleofcostarica.com\/fr\/wp-json\/wp\/v2\/posts\/8215\/revisions"}],"predecessor-version":[{"id":8220,"href":"https:\/\/peopleofcostarica.com\/fr\/wp-json\/wp\/v2\/posts\/8215\/revisions\/8220"}],"wp:featuredmedia":[{"embeddable":true,"href":"https:\/\/peopleofcostarica.com\/fr\/wp-json\/wp\/v2\/media\/8214"}],"wp:attachment":[{"href":"https:\/\/peopleofcostarica.com\/fr\/wp-json\/wp\/v2\/media?parent=8215"}],"wp:term":[{"taxonomy":"category","embeddable":true,"href":"https:\/\/peopleofcostarica.com\/fr\/wp-json\/wp\/v2\/categories?post=8215"},{"taxonomy":"post_tag","embeddable":true,"href":"https:\/\/peopleofcostarica.com\/fr\/wp-json\/wp\/v2\/tags?post=8215"}],"curies":[{"name":"wp","href":"https:\/\/api.w.org\/{rel}","templated":true}]}}