{"id":7928,"date":"2026-02-06T21:36:56","date_gmt":"2026-02-06T21:36:56","guid":{"rendered":"https:\/\/peopleofcostarica.com\/?p=7928"},"modified":"2026-02-06T21:37:42","modified_gmt":"2026-02-06T21:37:42","slug":"le-cenac-ravive-la-tradition-des-lunadas-pour-dynamiser-les-nuits-dete-a-san-jose","status":"publish","type":"post","link":"https:\/\/peopleofcostarica.com\/fr\/le-cenac-ravive-la-tradition-des-lunadas-pour-dynamiser-les-nuits-dete-a-san-jose\/","title":{"rendered":"Le CENAC ravive la tradition des \u00ab Lunadas \u00bb pour dynamiser les nuits d\u2019\u00e9t\u00e9 \u00e0 San Jos\u00e9"},"content":{"rendered":"\n<p>Le Centre national de la culture (CENAC) a donn\u00e9 le coup d\u2019envoi de sa saison estivale avec le programme \u00ab Lunadas \u00bb, une initiative visant \u00e0 revitaliser le centre historique de la capitale gr\u00e2ce \u00e0 une offre artistique diversifi\u00e9e sous la lumi\u00e8re de la lune. Les samedis de f\u00e9vrier et de mars, l\u2019amphith\u00e9\u00e2tre Fidel Gamboa, situ\u00e9 au c\u0153ur du CENAC face au parc Espa\u00f1a, se transformera en un point de rencontre pour des personnes de tous \u00e2ges, avec des concerts gratuits parcourant diff\u00e9rents genres, \u00e9poques et sensibilit\u00e9s musicales.<\/p>\n\n\n\n<p>La proposition des \u00ab Lunadas \u00bb ne se limite pas uniquement \u00e0 la musique. Le programme a \u00e9t\u00e9 con\u00e7u comme une exp\u00e9rience multisensorielle qui comprend des foires de design local, de la gastronomie, du cin\u00e9ma en plein air et des arts de la sc\u00e8ne. L\u2019objectif principal est d\u2019offrir \u00e0 la population un espace de loisirs s\u00fbr, gratuit et accessible, favorisant le sentiment de communaut\u00e9 au c\u0153ur de San Jos\u00e9.<\/p>\n\n\n\n<p>Pour les personnes souhaitant participer \u00e0 ces journ\u00e9es, l\u2019organisation a \u00e9tabli un programme permettant de profiter des installations du coucher du soleil jusqu\u2019\u00e0 la fin de la soir\u00e9e :<\/p>\n\n\n\n<ul class=\"wp-block-list\">\n<li><strong>17 h 00 \u2013 Ouverture de la Foire cr\u00e9ative :<\/strong> Les cours centrales se remplissent de stands d\u2019artisanat national, de design ind\u00e9pendant et de propositions gastronomiques locales.<\/li>\n\n\n\n<li><strong>18 h 00 \u2013 Cr\u00e9puscule musical :<\/strong> Sessions de musique acoustique et prestations de solistes sur la Plaza del Reloj pour accompagner la transition vers la nuit.<\/li>\n\n\n\n<li><strong>19 h 00 \u2013 Concert principal :<\/strong> Pr\u00e9sentation de groupes nationaux dans l\u2019amphith\u00e9\u00e2tre, couvrant des genres allant du jazz au rock contemporain.<\/li>\n\n\n\n<li><strong>20 h 30 \u2013 Interventions sc\u00e9niques :<\/strong> Performances itin\u00e9rantes de danse et de th\u00e9\u00e2tre court dans les couloirs et les patios int\u00e9rieurs du complexe.<\/li>\n\n\n\n<li><strong>21 h 30 \u2013 Cl\u00f4ture de la journ\u00e9e :<\/strong> Fin des activit\u00e9s artistiques et \u00e9vacuation ordonn\u00e9e du site.<\/li>\n<\/ul>\n\n\n\n<p>Ce cycle estival ne b\u00e9n\u00e9ficie pas seulement aux artistes, mais g\u00e9n\u00e8re \u00e9galement une dynamique \u00e9conomique positive pour les commerces situ\u00e9s aux abords du parc Espa\u00f1a. En attirant des centaines de personnes lors des soir\u00e9es de fin de semaine, il contribue \u00e0 renforcer la perception de s\u00e9curit\u00e9 dans la zone et \u00e0 promouvoir l\u2019utilisation du patrimoine historique comme un espace vivant et dynamique.<\/p>\n\n\n\n<p>\u00c9tant donn\u00e9 que les activit\u00e9s se d\u00e9roulent en plein air, il est recommand\u00e9 aux participants de porter des v\u00eatements confortables et de pr\u00e9voir une veste l\u00e9g\u00e8re, compte tenu de la baisse de temp\u00e9rature caract\u00e9ristique des nuits de f\u00e9vrier dans la capitale. L\u2019acc\u00e8s est gratuit jusqu\u2019\u00e0 ce que la capacit\u00e9 maximale des diff\u00e9rents espaces du complexe culturel soit atteinte.<\/p>\n","protected":false},"excerpt":{"rendered":"<p>Le Centre national de la culture (CENAC) a donn\u00e9 le coup d\u2019envoi de sa saison estivale avec le programme \u00ab Lunadas \u00bb, une initiative visant \u00e0 revitaliser le centre historique de la capitale gr\u00e2ce \u00e0 une offre artistique diversifi\u00e9e sous la lumi\u00e8re de la lune. Les samedis de f\u00e9vrier et de mars, l\u2019amphith\u00e9\u00e2tre Fidel Gamboa, [&hellip;]<\/p>\n","protected":false},"author":15,"featured_media":7931,"comment_status":"open","ping_status":"open","sticky":false,"template":"","format":"standard","meta":{"footnotes":""},"categories":[86,104,93,55,87,99],"tags":[],"class_list":["post-7928","post","type-post","status-publish","format-standard","has-post-thumbnail","hentry","category-actualites","category-agenda-fin-de-semana","category-costa-rica-en-el-mundo","category-endroits-fr","category-noticias","category-noticias-nacionales"],"_links":{"self":[{"href":"https:\/\/peopleofcostarica.com\/fr\/wp-json\/wp\/v2\/posts\/7928","targetHints":{"allow":["GET"]}}],"collection":[{"href":"https:\/\/peopleofcostarica.com\/fr\/wp-json\/wp\/v2\/posts"}],"about":[{"href":"https:\/\/peopleofcostarica.com\/fr\/wp-json\/wp\/v2\/types\/post"}],"author":[{"embeddable":true,"href":"https:\/\/peopleofcostarica.com\/fr\/wp-json\/wp\/v2\/users\/15"}],"replies":[{"embeddable":true,"href":"https:\/\/peopleofcostarica.com\/fr\/wp-json\/wp\/v2\/comments?post=7928"}],"version-history":[{"count":1,"href":"https:\/\/peopleofcostarica.com\/fr\/wp-json\/wp\/v2\/posts\/7928\/revisions"}],"predecessor-version":[{"id":7936,"href":"https:\/\/peopleofcostarica.com\/fr\/wp-json\/wp\/v2\/posts\/7928\/revisions\/7936"}],"wp:featuredmedia":[{"embeddable":true,"href":"https:\/\/peopleofcostarica.com\/fr\/wp-json\/wp\/v2\/media\/7931"}],"wp:attachment":[{"href":"https:\/\/peopleofcostarica.com\/fr\/wp-json\/wp\/v2\/media?parent=7928"}],"wp:term":[{"taxonomy":"category","embeddable":true,"href":"https:\/\/peopleofcostarica.com\/fr\/wp-json\/wp\/v2\/categories?post=7928"},{"taxonomy":"post_tag","embeddable":true,"href":"https:\/\/peopleofcostarica.com\/fr\/wp-json\/wp\/v2\/tags?post=7928"}],"curies":[{"name":"wp","href":"https:\/\/api.w.org\/{rel}","templated":true}]}}