{"id":7898,"date":"2026-02-06T19:46:59","date_gmt":"2026-02-06T19:46:59","guid":{"rendered":"https:\/\/peopleofcostarica.com\/?p=7898"},"modified":"2026-02-06T19:47:12","modified_gmt":"2026-02-06T19:47:12","slug":"le-costa-rica-se-consolide-parmi-les-cinq-destinations-presentant-le-plus-fort-potentiel-pour-lhotellerie-de-luxe-en-amerique-latine","status":"publish","type":"post","link":"https:\/\/peopleofcostarica.com\/fr\/le-costa-rica-se-consolide-parmi-les-cinq-destinations-presentant-le-plus-fort-potentiel-pour-lhotellerie-de-luxe-en-amerique-latine\/","title":{"rendered":"Le Costa Rica se consolide parmi les cinq destinations pr\u00e9sentant le plus fort potentiel pour l\u2019h\u00f4tellerie de luxe en Am\u00e9rique latine"},"content":{"rendered":"\n<p>Le Costa Rica est parvenu \u00e0 se positionner dans le \u00ab Top 5 \u00bb des march\u00e9s latino-am\u00e9ricains pr\u00e9sentant le plus grand potentiel pour le d\u00e9veloppement de l\u2019h\u00f4tellerie haut de gamme et des complexes de luxe pour la p\u00e9riode 2026-2027. Cette reconnaissance d\u00e9coule d\u2019analyses strat\u00e9giques du secteur qui placent le pays aux c\u00f4t\u00e9s de grandes puissances touristiques telles que le Mexique, le Br\u00e9sil et la R\u00e9publique dominicaine.<\/p>\n\n\n\n<p>Le dynamisme du secteur immobilier touristique du pays est manifeste. Selon des donn\u00e9es r\u00e9centes des autorit\u00e9s touristiques, 26 projets h\u00f4teliers sont actuellement en phase de d\u00e9veloppement ou de construction pour le biennium 2025-2026, repr\u00e9sentant un investissement total sup\u00e9rieur \u00e0 720 millions de dollars.<\/p>\n\n\n\n<p>Ces investissements ne se limitent pas \u00e0 la construction de chambres, mais transforment \u00e9galement les zones c\u00f4ti\u00e8res et urbaines gr\u00e2ce \u00e0 des concepts de \u00ab luxe responsable \u00bb, qui int\u00e8grent des services de classe mondiale tout en minimisant l\u2019empreinte environnementale. Cette expansion devrait g\u00e9n\u00e9rer plus de 3 400 emplois directs dans les r\u00e9gions de Guanacaste, de la Vall\u00e9e Centrale et du Pacifique Central.<\/p>\n\n\n\n<p>La province de Guanacaste, et plus particuli\u00e8rement les zones de Papagayo et de Costa Elena, demeure le principal p\u00f4le d\u2019attraction pour les grandes cha\u00eenes h\u00f4teli\u00e8res internationales. Des projets de marques mondiales d\u2019ultra-luxe sont programm\u00e9s pour ouvrir entre 2026 et 2027, introduisant des formules de \u00ab tout compris de luxe \u00bb ainsi que des r\u00e9sidences de marque qui augmentent le panier moyen des visiteurs.<\/p>\n\n\n\n<p>Dans la seule zone de Papagayo, les nouveaux investissements dans les h\u00f4tels et les r\u00e9sidences d\u00e9passent 300 millions de dollars, consolidant la province comme une r\u00e9f\u00e9rence en mati\u00e8re d\u2019exclusivit\u00e9, alliant innovation architecturale et respect de la biodiversit\u00e9 locale.<\/p>\n\n\n\n<p>La projection du Costa Rica dans le segment haut de gamme repose sur trois piliers strat\u00e9giques identifi\u00e9s par des experts internationaux :<\/p>\n\n\n\n<ul class=\"wp-block-list\">\n<li><strong>La durabilit\u00e9 comme norme :<\/strong> Le voyageur de luxe d\u2019aujourd\u2019hui recherche des exp\u00e9riences authentiques qui ne compromettent pas l\u2019environnement. Le mod\u00e8le costaricien de conservation constitue son principal atout commercial.<\/li>\n\n\n\n<li><strong>Stabilit\u00e9 juridique :<\/strong> Le cadre des concessions et les incitations fiscales pour les projets touristiques durables offrent la s\u00e9curit\u00e9 n\u00e9cessaire aux investissements \u00e0 long terme.<\/li>\n\n\n\n<li><strong>D\u00e9centralisation :<\/strong> Bien que le Pacifique soit en t\u00eate, des destinations \u00e9mergentes comme Puerto Viejo dans les Cara\u00efbes et des zones montagneuses telles que Monteverde connaissent un essor des h\u00f4tels-boutiques haut de gamme, diversifiant ainsi l\u2019offre nationale.<\/li>\n<\/ul>\n\n\n\n<p>Malgr\u00e9 des perspectives positives, les analystes soulignent que la comp\u00e9titivit\u00e9 du pays d\u00e9pendra de sa capacit\u00e9 \u00e0 moderniser les infrastructures publiques (routes et connectivit\u00e9 num\u00e9rique) et \u00e0 garantir la s\u00e9curit\u00e9 dans les destinations cl\u00e9s. De plus, la formation de talents humains sp\u00e9cialis\u00e9s dans les services d\u2019h\u00f4tellerie haut de gamme est jug\u00e9e urgente afin de r\u00e9pondre aux standards des nouvelles ouvertures.<\/p>\n","protected":false},"excerpt":{"rendered":"<p>Le Costa Rica est parvenu \u00e0 se positionner dans le \u00ab Top 5 \u00bb des march\u00e9s latino-am\u00e9ricains pr\u00e9sentant le plus grand potentiel pour le d\u00e9veloppement de l\u2019h\u00f4tellerie haut de gamme et des complexes de luxe pour la p\u00e9riode 2026-2027. Cette reconnaissance d\u00e9coule d\u2019analyses strat\u00e9giques du secteur qui placent le pays aux c\u00f4t\u00e9s de grandes puissances [&hellip;]<\/p>\n","protected":false},"author":15,"featured_media":7897,"comment_status":"open","ping_status":"open","sticky":false,"template":"","format":"standard","meta":{"footnotes":""},"categories":[92,98,102],"tags":[],"class_list":["post-7898","post","type-post","status-publish","format-standard","has-post-thumbnail","hentry","category-le-costa-rica-dans-le-monde","category-nouvelles-nationales","category-tourisme-et-culture"],"_links":{"self":[{"href":"https:\/\/peopleofcostarica.com\/fr\/wp-json\/wp\/v2\/posts\/7898","targetHints":{"allow":["GET"]}}],"collection":[{"href":"https:\/\/peopleofcostarica.com\/fr\/wp-json\/wp\/v2\/posts"}],"about":[{"href":"https:\/\/peopleofcostarica.com\/fr\/wp-json\/wp\/v2\/types\/post"}],"author":[{"embeddable":true,"href":"https:\/\/peopleofcostarica.com\/fr\/wp-json\/wp\/v2\/users\/15"}],"replies":[{"embeddable":true,"href":"https:\/\/peopleofcostarica.com\/fr\/wp-json\/wp\/v2\/comments?post=7898"}],"version-history":[{"count":1,"href":"https:\/\/peopleofcostarica.com\/fr\/wp-json\/wp\/v2\/posts\/7898\/revisions"}],"predecessor-version":[{"id":7903,"href":"https:\/\/peopleofcostarica.com\/fr\/wp-json\/wp\/v2\/posts\/7898\/revisions\/7903"}],"wp:featuredmedia":[{"embeddable":true,"href":"https:\/\/peopleofcostarica.com\/fr\/wp-json\/wp\/v2\/media\/7897"}],"wp:attachment":[{"href":"https:\/\/peopleofcostarica.com\/fr\/wp-json\/wp\/v2\/media?parent=7898"}],"wp:term":[{"taxonomy":"category","embeddable":true,"href":"https:\/\/peopleofcostarica.com\/fr\/wp-json\/wp\/v2\/categories?post=7898"},{"taxonomy":"post_tag","embeddable":true,"href":"https:\/\/peopleofcostarica.com\/fr\/wp-json\/wp\/v2\/tags?post=7898"}],"curies":[{"name":"wp","href":"https:\/\/api.w.org\/{rel}","templated":true}]}}