{"id":7692,"date":"2026-01-29T02:19:41","date_gmt":"2026-01-29T02:19:41","guid":{"rendered":"https:\/\/peopleofcostarica.com\/?p=7692"},"modified":"2026-01-29T02:19:50","modified_gmt":"2026-01-29T02:19:50","slug":"clasico-des-legendes-barcelone-real-madrid-au-costa-rica","status":"publish","type":"post","link":"https:\/\/peopleofcostarica.com\/fr\/clasico-des-legendes-barcelone-real-madrid-au-costa-rica\/","title":{"rendered":"Cl\u00e1sico des L\u00e9gendes Barcelone\u2013Real Madrid au Costa Rica"},"content":{"rendered":"\n<p>Le samedi 7 f\u00e9vrier prochain, le Costa Rica accueillera pour la premi\u00e8re fois une rencontre entre les l\u00e9gendes du Real Madrid et du FC Barcelone. L\u2019\u00e9v\u00e9nement, intitul\u00e9 <strong>\u00ab El Cl\u00e1sico de las Galaxias \u00bb<\/strong>, se d\u00e9roulera au Stade National \u00e0 partir de 18h00, sous la production d\u2019Experiencias MKP.<\/p>\n\n\n\n<p>La rencontre r\u00e9unira des figures historiques du football des deux clubs. Du c\u00f4t\u00e9 du FC Barcelona Legends, la pr\u00e9sence de Ronaldinho Ga\u00facho, Carles Puyol, Rivaldo et David Villa est confirm\u00e9e. De son c\u00f4t\u00e9, le Real Madrid Legends comptera sur le retour de Keylor Navas dans les cages madril\u00e8nes, accompagn\u00e9 de joueurs embl\u00e9matiques tels qu\u2019Iker Casillas, Roberto Carlos, Luis Figo et Fabio Cannavaro.<\/p>\n\n\n\n<h3 class=\"wp-block-heading\"><strong>Billetterie et cat\u00e9gories<\/strong><\/h3>\n\n\n\n<p>Les billets sont en vente via la plateforme <strong>kuikpei.com<\/strong>. Les tarifs sont r\u00e9partis comme suit :<\/p>\n\n\n\n<figure class=\"wp-block-table\"><table class=\"has-fixed-layout\"><thead><tr><th>Cat\u00e9gorie<\/th><th>Prix (frais inclus)<\/th><\/tr><\/thead><tbody><tr><td>Soleil (Nord et Sud)<\/td><td>100 $<\/td><\/tr><tr><td>Ombre (Est et Ouest)<\/td><td>130 $<\/td><\/tr><tr><td>Balcon (Est et Ouest)<\/td><td>195 $<\/td><\/tr><tr><td>Tribune \/ Platea (Est et Ouest)<\/td><td>230 $<\/td><\/tr><tr><td>Exp\u00e9riences Loge<\/td><td>500 $<\/td><\/tr><tr><td>Legends VIP<\/td><td>1 000 $<\/td><\/tr><\/tbody><\/table><\/figure>\n\n\n\n<p><strong>Remarque :<\/strong> Le billet Legends VIP comprend des avantages exclusifs tels que l\u2019acc\u00e8s \u00e0 un entra\u00eenement priv\u00e9 du FC Barcelone, un d\u00eener de gala et une s\u00e9ance de Meet &amp; Greet avec les joueurs dans la zone d\u2019Escaz\u00fa.<\/p>\n\n\n\n<p>L\u2019organisation a confirm\u00e9 que l\u2019\u00e9v\u00e9nement b\u00e9n\u00e9ficie de l\u2019aval officiel des deux clubs espagnols, ainsi que de l\u2019autorisation du Minist\u00e8re de l\u2019\u00c9conomie, de l\u2019Industrie et du Commerce (MEIC). En plus du match, le programme pr\u00e9voit des cliniques de football, des s\u00e9ances de d\u00e9dicaces et une conf\u00e9rence de presse officielle dans les jours pr\u00e9c\u00e9dant l\u2019\u00e9v\u00e9nement.<\/p>\n\n\n\n<p>Pour le public qui n\u2019assistera pas au stade, la rencontre sera retransmise en exclusivit\u00e9 sur <strong>Teletica Canal 7<\/strong>. Les autorit\u00e9s et les organisateurs recommandent d\u2019acheter les billets \u00e0 l\u2019avance, car des secteurs comme l\u2019ombre et la tribune affichent une forte demande.<\/p>\n","protected":false},"excerpt":{"rendered":"<p>Le samedi 7 f\u00e9vrier prochain, le Costa Rica accueillera pour la premi\u00e8re fois une rencontre entre les l\u00e9gendes du Real Madrid et du FC Barcelone. L\u2019\u00e9v\u00e9nement, intitul\u00e9 \u00ab El Cl\u00e1sico de las Galaxias \u00bb, se d\u00e9roulera au Stade National \u00e0 partir de 18h00, sous la production d\u2019Experiencias MKP. La rencontre r\u00e9unira des figures historiques du [&hellip;]<\/p>\n","protected":false},"author":15,"featured_media":7691,"comment_status":"open","ping_status":"open","sticky":false,"template":"","format":"standard","meta":{"footnotes":""},"categories":[94,92,98],"tags":[],"class_list":["post-7692","post","type-post","status-publish","format-standard","has-post-thumbnail","hentry","category-festivals-et-celebrations","category-le-costa-rica-dans-le-monde","category-nouvelles-nationales"],"_links":{"self":[{"href":"https:\/\/peopleofcostarica.com\/fr\/wp-json\/wp\/v2\/posts\/7692","targetHints":{"allow":["GET"]}}],"collection":[{"href":"https:\/\/peopleofcostarica.com\/fr\/wp-json\/wp\/v2\/posts"}],"about":[{"href":"https:\/\/peopleofcostarica.com\/fr\/wp-json\/wp\/v2\/types\/post"}],"author":[{"embeddable":true,"href":"https:\/\/peopleofcostarica.com\/fr\/wp-json\/wp\/v2\/users\/15"}],"replies":[{"embeddable":true,"href":"https:\/\/peopleofcostarica.com\/fr\/wp-json\/wp\/v2\/comments?post=7692"}],"version-history":[{"count":1,"href":"https:\/\/peopleofcostarica.com\/fr\/wp-json\/wp\/v2\/posts\/7692\/revisions"}],"predecessor-version":[{"id":7697,"href":"https:\/\/peopleofcostarica.com\/fr\/wp-json\/wp\/v2\/posts\/7692\/revisions\/7697"}],"wp:featuredmedia":[{"embeddable":true,"href":"https:\/\/peopleofcostarica.com\/fr\/wp-json\/wp\/v2\/media\/7691"}],"wp:attachment":[{"href":"https:\/\/peopleofcostarica.com\/fr\/wp-json\/wp\/v2\/media?parent=7692"}],"wp:term":[{"taxonomy":"category","embeddable":true,"href":"https:\/\/peopleofcostarica.com\/fr\/wp-json\/wp\/v2\/categories?post=7692"},{"taxonomy":"post_tag","embeddable":true,"href":"https:\/\/peopleofcostarica.com\/fr\/wp-json\/wp\/v2\/tags?post=7692"}],"curies":[{"name":"wp","href":"https:\/\/api.w.org\/{rel}","templated":true}]}}