{"id":7534,"date":"2026-01-23T17:23:06","date_gmt":"2026-01-23T17:23:06","guid":{"rendered":"https:\/\/peopleofcostarica.com\/?p=7534"},"modified":"2026-01-23T17:23:15","modified_gmt":"2026-01-23T17:23:15","slug":"le-festival-art-et-saveur-animera-le-paseo-de-los-estudiantes-ce-week-end","status":"publish","type":"post","link":"https:\/\/peopleofcostarica.com\/fr\/le-festival-art-et-saveur-animera-le-paseo-de-los-estudiantes-ce-week-end\/","title":{"rendered":"Le festival \u00ab Art et Saveur \u00bb animera le Paseo de los Estudiantes ce week-end"},"content":{"rendered":"\n<p>Le Paseo de los Estudiantes sera le th\u00e9\u00e2tre de la foire \u00ab Art et Saveur \u00bb ce samedi et dimanche, une activit\u00e9 visant \u00e0 dynamiser la circulation pi\u00e9tonne et le commerce dans ce secteur de la capitale. L\u2019\u00e9v\u00e9nement proposera une offre conjointe de gastronomie, d\u2019expositions artistiques et de prestations musicales en espaces ouverts.<\/p>\n\n\n\n<p>Cette initiative, coordonn\u00e9e entre le secteur commercial et les autorit\u00e9s municipales, permettra aux \u00e9tablissements du boulevard d\u2019\u00e9largir leurs zones de service, en proposant des menus allant de la cuisine traditionnelle costaricienne \u00e0 des propositions internationales. L\u2019objectif principal est d\u2019encourager la consommation locale et d\u2019attirer des visiteurs dans le centre de San Jos\u00e9 gr\u00e2ce \u00e0 l\u2019usage r\u00e9cr\u00e9atif de l\u2019espace public.<\/p>\n\n\n\n<p>Sur le plan culturel, la programmation comprend des concerts de musique en direct avec des artistes nationaux de divers genres, des expositions d\u2019arts plastiques et une foire artisanale o\u00f9 des producteurs locaux pr\u00e9senteront leurs cr\u00e9ations. Toutes ces activit\u00e9s se d\u00e9rouleront de mani\u00e8re continue tout au long du week-end, en int\u00e9grant la programmation musicale aux espaces d\u2019exposition afin que le visiteur trouve une offre culturelle sur l\u2019ensemble du parcours.<\/p>\n\n\n\n<p>Pour le d\u00e9roulement du festival, un dispositif renforc\u00e9 de s\u00e9curit\u00e9 et de propret\u00e9 a \u00e9t\u00e9 mis en place aux abords du Paseo de los Estudiantes. Les organisateurs ont confirm\u00e9 que l\u2019\u00e9v\u00e9nement est en acc\u00e8s libre et con\u00e7u pour accueillir un public de tous \u00e2ges, en mettant l\u2019accent sur la convivialit\u00e9 citoyenne et le renforcement de l\u2019identit\u00e9 urbaine josefina.<\/p>\n","protected":false},"excerpt":{"rendered":"<p>Le Paseo de los Estudiantes sera le th\u00e9\u00e2tre de la foire \u00ab Art et Saveur \u00bb ce samedi et dimanche, une activit\u00e9 visant \u00e0 dynamiser la circulation pi\u00e9tonne et le commerce dans ce secteur de la capitale. L\u2019\u00e9v\u00e9nement proposera une offre conjointe de gastronomie, d\u2019expositions artistiques et de prestations musicales en espaces ouverts. Cette initiative, [&hellip;]<\/p>\n","protected":false},"author":15,"featured_media":7533,"comment_status":"open","ping_status":"open","sticky":false,"template":"","format":"standard","meta":{"footnotes":""},"categories":[94,92,98,102],"tags":[],"class_list":["post-7534","post","type-post","status-publish","format-standard","has-post-thumbnail","hentry","category-festivals-et-celebrations","category-le-costa-rica-dans-le-monde","category-nouvelles-nationales","category-tourisme-et-culture"],"_links":{"self":[{"href":"https:\/\/peopleofcostarica.com\/fr\/wp-json\/wp\/v2\/posts\/7534","targetHints":{"allow":["GET"]}}],"collection":[{"href":"https:\/\/peopleofcostarica.com\/fr\/wp-json\/wp\/v2\/posts"}],"about":[{"href":"https:\/\/peopleofcostarica.com\/fr\/wp-json\/wp\/v2\/types\/post"}],"author":[{"embeddable":true,"href":"https:\/\/peopleofcostarica.com\/fr\/wp-json\/wp\/v2\/users\/15"}],"replies":[{"embeddable":true,"href":"https:\/\/peopleofcostarica.com\/fr\/wp-json\/wp\/v2\/comments?post=7534"}],"version-history":[{"count":1,"href":"https:\/\/peopleofcostarica.com\/fr\/wp-json\/wp\/v2\/posts\/7534\/revisions"}],"predecessor-version":[{"id":7537,"href":"https:\/\/peopleofcostarica.com\/fr\/wp-json\/wp\/v2\/posts\/7534\/revisions\/7537"}],"wp:featuredmedia":[{"embeddable":true,"href":"https:\/\/peopleofcostarica.com\/fr\/wp-json\/wp\/v2\/media\/7533"}],"wp:attachment":[{"href":"https:\/\/peopleofcostarica.com\/fr\/wp-json\/wp\/v2\/media?parent=7534"}],"wp:term":[{"taxonomy":"category","embeddable":true,"href":"https:\/\/peopleofcostarica.com\/fr\/wp-json\/wp\/v2\/categories?post=7534"},{"taxonomy":"post_tag","embeddable":true,"href":"https:\/\/peopleofcostarica.com\/fr\/wp-json\/wp\/v2\/tags?post=7534"}],"curies":[{"name":"wp","href":"https:\/\/api.w.org\/{rel}","templated":true}]}}