{"id":7459,"date":"2026-01-20T10:30:00","date_gmt":"2026-01-20T10:30:00","guid":{"rendered":"https:\/\/peopleofcostarica.com\/?p=7459"},"modified":"2026-01-20T16:12:16","modified_gmt":"2026-01-20T16:12:16","slug":"marriott-et-hilton-prevoient-louverture-de-22-hotels-au-costa-rica-dici-2028","status":"publish","type":"post","link":"https:\/\/peopleofcostarica.com\/fr\/marriott-et-hilton-prevoient-louverture-de-22-hotels-au-costa-rica-dici-2028\/","title":{"rendered":"Marriott et Hilton pr\u00e9voient l\u2019ouverture de 22 h\u00f4tels au Costa Rica d\u2019ici 2028."},"content":{"rendered":"\n<p>Les cha\u00eenes h\u00f4teli\u00e8res Marriott International et Hilton Worldwide ont annonc\u00e9 leurs plans d\u2019expansion sur le territoire costaricien, pr\u00e9voyant l\u2019inauguration de plus d\u2019une vingtaine de propri\u00e9t\u00e9s au cours des trois prochaines ann\u00e9es. <\/p>\n\n\n\n<p>Le panorama h\u00f4telier du Costa Rica se pr\u00e9pare \u00e0 une transformation sans pr\u00e9c\u00e9dent. Marriott et Hilton, les deux cha\u00eenes internationales ayant la plus forte pr\u00e9sence dans le pays, ont confirm\u00e9 une feuille de route ambitieuse qui ajoutera 22 nouvelles propri\u00e9t\u00e9s \u00e0 leur portefeuille national au cours des trois prochaines ann\u00e9es.<br>Cette vague d\u2019ouvertures, programm\u00e9e entre 2026 et 2028, ne renforce pas seulement la confiance des g\u00e9ants mondiaux dans la destination \u00ab Pura Vida \u00bb, mais red\u00e9finit \u00e9galement l\u2019offre pour les voyageurs d\u2019affaires, de loisirs et le segment du luxe.<br><br>La phase la plus proche pour Marriott d\u00e9butera en 2026 avec une approche hybride. Au c\u0153ur de la capitale, la conversion de l\u2019embl\u00e9matique D Sabana Hotel en un moderne Four Points by Sheraton donnera le ton du secteur dans le Barrio Don Bosco. Simultan\u00e9ment, le secteur d\u2019El Coyol \u00e0 Alajuela accueillera un Residence Inn, con\u00e7u strat\u00e9giquement pour le flux croissant du corridor industriel et de l\u2019a\u00e9roport Juan Santamar\u00eda.<\/p>\n\n\n\n<p>Cependant, le \u00ab joyau de la couronne \u00bb se trouve au Guanacaste. Pour le printemps 2026, l\u2019int\u00e9gration du JW Marriott All-Inclusive \u00e0 Costa Elena est attendue, un projet qui promet d\u2019\u00e9lever le standard de l\u2019h\u00e9bergement de luxe sous le mod\u00e8le tout compris. Entre 2027 et 2028, la cha\u00eene pr\u00e9voit d\u2019ajouter 12 h\u00f4tels suppl\u00e9mentaires, totalisant plus de 1 170 chambres \u00e0 son offre globale.<br><\/p>\n","protected":false},"excerpt":{"rendered":"<p>Les cha\u00eenes h\u00f4teli\u00e8res Marriott International et Hilton Worldwide ont annonc\u00e9 leurs plans d\u2019expansion sur le territoire costaricien, pr\u00e9voyant l\u2019inauguration de plus d\u2019une vingtaine de propri\u00e9t\u00e9s au cours des trois prochaines ann\u00e9es. Le panorama h\u00f4telier du Costa Rica se pr\u00e9pare \u00e0 une transformation sans pr\u00e9c\u00e9dent. Marriott et Hilton, les deux cha\u00eenes internationales ayant la plus forte [&hellip;]<\/p>\n","protected":false},"author":15,"featured_media":7458,"comment_status":"open","ping_status":"open","sticky":false,"template":"","format":"standard","meta":{"footnotes":""},"categories":[55,92,98,102],"tags":[],"class_list":["post-7459","post","type-post","status-publish","format-standard","has-post-thumbnail","hentry","category-endroits-fr","category-le-costa-rica-dans-le-monde","category-nouvelles-nationales","category-tourisme-et-culture"],"_links":{"self":[{"href":"https:\/\/peopleofcostarica.com\/fr\/wp-json\/wp\/v2\/posts\/7459","targetHints":{"allow":["GET"]}}],"collection":[{"href":"https:\/\/peopleofcostarica.com\/fr\/wp-json\/wp\/v2\/posts"}],"about":[{"href":"https:\/\/peopleofcostarica.com\/fr\/wp-json\/wp\/v2\/types\/post"}],"author":[{"embeddable":true,"href":"https:\/\/peopleofcostarica.com\/fr\/wp-json\/wp\/v2\/users\/15"}],"replies":[{"embeddable":true,"href":"https:\/\/peopleofcostarica.com\/fr\/wp-json\/wp\/v2\/comments?post=7459"}],"version-history":[{"count":1,"href":"https:\/\/peopleofcostarica.com\/fr\/wp-json\/wp\/v2\/posts\/7459\/revisions"}],"predecessor-version":[{"id":7462,"href":"https:\/\/peopleofcostarica.com\/fr\/wp-json\/wp\/v2\/posts\/7459\/revisions\/7462"}],"wp:featuredmedia":[{"embeddable":true,"href":"https:\/\/peopleofcostarica.com\/fr\/wp-json\/wp\/v2\/media\/7458"}],"wp:attachment":[{"href":"https:\/\/peopleofcostarica.com\/fr\/wp-json\/wp\/v2\/media?parent=7459"}],"wp:term":[{"taxonomy":"category","embeddable":true,"href":"https:\/\/peopleofcostarica.com\/fr\/wp-json\/wp\/v2\/categories?post=7459"},{"taxonomy":"post_tag","embeddable":true,"href":"https:\/\/peopleofcostarica.com\/fr\/wp-json\/wp\/v2\/tags?post=7459"}],"curies":[{"name":"wp","href":"https:\/\/api.w.org\/{rel}","templated":true}]}}