{"id":7444,"date":"2026-01-19T20:02:25","date_gmt":"2026-01-19T20:02:25","guid":{"rendered":"https:\/\/peopleofcostarica.com\/?p=7444"},"modified":"2026-01-19T20:02:33","modified_gmt":"2026-01-19T20:02:33","slug":"michael-jordan-choisit-une-nouvelle-fois-le-costa-rica-comme-destination-de-repos-et-de-peche-sportive","status":"publish","type":"post","link":"https:\/\/peopleofcostarica.com\/fr\/michael-jordan-choisit-une-nouvelle-fois-le-costa-rica-comme-destination-de-repos-et-de-peche-sportive\/","title":{"rendered":"Michael Jordan choisit une nouvelle fois le Costa Rica comme destination de repos et de p\u00eache sportive"},"content":{"rendered":"\n<p>La l\u00e9gende mondiale du basketball et sextuple champion de la NBA, Michael Jordan, est de retour au Costa Rica, r\u00e9affirmant le pays comme l\u2019un de ses lieux de pr\u00e9dilection pour se reposer et pratiquer des activit\u00e9s sportives de haut niveau.<\/p>\n\n\n\n<p>Selon les autorit\u00e9s de la Direction G\u00e9n\u00e9rale de la Migration et des \u00c9trangers, Jordan est arriv\u00e9 ce mercredi 14 janvier 2026 \u00e0 l\u2019A\u00e9roport International Juan Santamar\u00eda \u00e0 bord de son jet priv\u00e9, un Gulfstream G650ER embl\u00e9matique immatricul\u00e9 N236MJ \u2014 une combinaison alphanum\u00e9rique faisant r\u00e9f\u00e9rence \u00e0 son num\u00e9ro (23), \u00e0 ses titres remport\u00e9s (6) et \u00e0 ses initiales.<\/p>\n\n\n\n<p>La pr\u00e9sence de \u201cSa Majest\u00e9\u201d sur le territoire costaricien est devenue r\u00e9currente au cours des deux derni\u00e8res ann\u00e9es. Rien qu\u2019en 2025, Jordan a effectu\u00e9 au moins trois entr\u00e9es officielles dans le pays (janvier, f\u00e9vrier et avril), auxquelles s\u2019ajoute cette nouvelle visite en d\u00e9but d\u2019ann\u00e9e 2026.<\/p>\n\n\n\n<p>Le principal motif qui attire l\u2019ancien joueur des Chicago Bulls est sa passion profonde pour la p\u00eache sportive en haute mer. Cette fois-ci, l\u2019astre am\u00e9ricain se dirige vers le Pacifique Central afin de participer \u00e0 la 10e \u00e9dition du tournoi Pelagic Rockstar Offshore, organis\u00e9 \u00e0 la Marina Pez Vela, \u00e0 Quepos.<\/p>\n\n\n\n<p>Jordan ne visite pas le pays uniquement comme touriste de luxe; sa participation \u00e0 des tournois internationaux de p\u00eache, \u00e0 bord de son yacht \u201cCatch 23\u201d, g\u00e9n\u00e8re un impact \u00e9conomique significatif dans les zones c\u00f4ti\u00e8res. On estime que ce type d\u2019\u00e9v\u00e9nements de p\u00eache sportive injecte des millions de dollars dans l\u2019\u00e9conomie locale et consolide le Costa Rica comme l\u2019\u00e9picentre mondial de cette discipline.<\/p>\n\n\n\n<p>Avec cette nouvelle arriv\u00e9e, Michael Jordan rejoint la liste croissante des c\u00e9l\u00e9brit\u00e9s qui choisissent le \u201cPura Vida\u201d non pas uniquement comme destination de passage, mais comme refuge r\u00e9current pour profiter de la nature dans les standards les plus exclusifs.<\/p>\n","protected":false},"excerpt":{"rendered":"<p>La l\u00e9gende mondiale du basketball et sextuple champion de la NBA, Michael Jordan, est de retour au Costa Rica, r\u00e9affirmant le pays comme l\u2019un de ses lieux de pr\u00e9dilection pour se reposer et pratiquer des activit\u00e9s sportives de haut niveau. Selon les autorit\u00e9s de la Direction G\u00e9n\u00e9rale de la Migration et des \u00c9trangers, Jordan est [&hellip;]<\/p>\n","protected":false},"author":15,"featured_media":7443,"comment_status":"open","ping_status":"open","sticky":false,"template":"","format":"standard","meta":{"footnotes":""},"categories":[86,53,55,92,98,49,102],"tags":[],"class_list":["post-7444","post","type-post","status-publish","format-standard","has-post-thumbnail","hentry","category-actualites","category-archive-fr-2","category-endroits-fr","category-le-costa-rica-dans-le-monde","category-nouvelles-nationales","category-people-fr","category-tourisme-et-culture"],"_links":{"self":[{"href":"https:\/\/peopleofcostarica.com\/fr\/wp-json\/wp\/v2\/posts\/7444","targetHints":{"allow":["GET"]}}],"collection":[{"href":"https:\/\/peopleofcostarica.com\/fr\/wp-json\/wp\/v2\/posts"}],"about":[{"href":"https:\/\/peopleofcostarica.com\/fr\/wp-json\/wp\/v2\/types\/post"}],"author":[{"embeddable":true,"href":"https:\/\/peopleofcostarica.com\/fr\/wp-json\/wp\/v2\/users\/15"}],"replies":[{"embeddable":true,"href":"https:\/\/peopleofcostarica.com\/fr\/wp-json\/wp\/v2\/comments?post=7444"}],"version-history":[{"count":1,"href":"https:\/\/peopleofcostarica.com\/fr\/wp-json\/wp\/v2\/posts\/7444\/revisions"}],"predecessor-version":[{"id":7451,"href":"https:\/\/peopleofcostarica.com\/fr\/wp-json\/wp\/v2\/posts\/7444\/revisions\/7451"}],"wp:featuredmedia":[{"embeddable":true,"href":"https:\/\/peopleofcostarica.com\/fr\/wp-json\/wp\/v2\/media\/7443"}],"wp:attachment":[{"href":"https:\/\/peopleofcostarica.com\/fr\/wp-json\/wp\/v2\/media?parent=7444"}],"wp:term":[{"taxonomy":"category","embeddable":true,"href":"https:\/\/peopleofcostarica.com\/fr\/wp-json\/wp\/v2\/categories?post=7444"},{"taxonomy":"post_tag","embeddable":true,"href":"https:\/\/peopleofcostarica.com\/fr\/wp-json\/wp\/v2\/tags?post=7444"}],"curies":[{"name":"wp","href":"https:\/\/api.w.org\/{rel}","templated":true}]}}