{"id":7414,"date":"2026-01-19T10:00:00","date_gmt":"2026-01-19T10:00:00","guid":{"rendered":"https:\/\/peopleofcostarica.com\/?p=7414"},"modified":"2026-01-19T15:14:18","modified_gmt":"2026-01-19T15:14:18","slug":"le-projet-dextension-de-juan-santamaria-depasse-la-moitie-de-son-avancement","status":"publish","type":"post","link":"https:\/\/peopleofcostarica.com\/fr\/le-projet-dextension-de-juan-santamaria-depasse-la-moitie-de-son-avancement\/","title":{"rendered":"Le projet d\u2019extension de Juan Santamar\u00eda d\u00e9passe la moiti\u00e9 de son avancement"},"content":{"rendered":"\n<p>Principal point d\u2019entr\u00e9e a\u00e9rien du Costa Rica, l\u2019A\u00e9roport International Juan Santamar\u00eda (AIJS) est en pleine m\u00e9tamorphose. Les travaux d\u2019extension de son terminal principal affichent d\u00e9sormais un solide taux d\u2019avancement de 58 %, marquant une \u00e9tape d\u00e9cisive dans la feuille de route visant \u00e0 renforcer la comp\u00e9titivit\u00e9 logistique et touristique du pays.<\/p>\n\n\n\n<p>Lanc\u00e9 en mars de l\u2019ann\u00e9e derni\u00e8re, le projet \u2014un investissement strat\u00e9gique de 62 millions de dollars\u2014 se concentre actuellement sur la construction de zones cl\u00e9s pour l\u2019exp\u00e9rience passager. Selon Aeris, gestionnaire de la terminal, les voyageurs pourront profiter des nouvelles installations d\u00e8s le mois de mai de cette ann\u00e9e.<\/p>\n\n\n\n<p>Que peut-on attendre de cette nouvelle phase ? L\u2019extension ne se r\u00e9sume pas \u00e0 une augmentation de surface ; elle vise aussi \u00e0 am\u00e9liorer l\u2019efficacit\u00e9 op\u00e9rationnelle. Le projet inclut une nouvelle zone d\u2019arriv\u00e9es, des sanitaires r\u00e9nov\u00e9s, des centres d\u2019affaires et un syst\u00e8me renforc\u00e9 d\u2019inspection des bagages. Les contr\u00f4les phytosanitaires et douaniers sont \u00e9galement optimis\u00e9s afin de fluidifier les proc\u00e9dures d\u2019entr\u00e9e sans compromettre la s\u00e9curit\u00e9 nationale.<\/p>\n\n\n\n<p>Un a\u00e9roport en constante \u00e9volution<br>Mais le terminal principal n\u2019est qu\u2019une pi\u00e8ce d\u2019un ensemble plus vaste. Le Plan Directeur de l\u2019a\u00e9roport pr\u00e9voit plusieurs autres chantiers parall\u00e8les :<\/p>\n\n\n\n<p>\u2022 Aire de stationnement \u00e9loign\u00e9e : 10 % d\u2019avancement, livraison pr\u00e9vue en d\u00e9cembre.<br>\u2022 Terminal domestique : les vols internes disposeront d\u2019un espace modernis\u00e9 en avril 2027.<br>\u2022 Stationnement public : un projet attendu dont l\u2019inauguration est pr\u00e9vue pour mai 2027.<\/p>\n\n\n\n<p>Gr\u00e2ce \u00e0 ces avanc\u00e9es, Juan Santamar\u00eda vise non seulement \u00e0 absorber un volume croissant de passagers, mais aussi \u00e0 s\u2019imposer comme un terminal de pointe en Am\u00e9rique centrale, pr\u00eat \u00e0 r\u00e9pondre aux exigences croissantes d\u2019un monde toujours plus connect\u00e9.<\/p>\n","protected":false},"excerpt":{"rendered":"<p>Principal point d\u2019entr\u00e9e a\u00e9rien du Costa Rica, l\u2019A\u00e9roport International Juan Santamar\u00eda (AIJS) est en pleine m\u00e9tamorphose. Les travaux d\u2019extension de son terminal principal affichent d\u00e9sormais un solide taux d\u2019avancement de 58 %, marquant une \u00e9tape d\u00e9cisive dans la feuille de route visant \u00e0 renforcer la comp\u00e9titivit\u00e9 logistique et touristique du pays. Lanc\u00e9 en mars de [&hellip;]<\/p>\n","protected":false},"author":15,"featured_media":7413,"comment_status":"open","ping_status":"open","sticky":false,"template":"","format":"standard","meta":{"footnotes":""},"categories":[93,28,87,99,103],"tags":[],"class_list":["post-7414","post","type-post","status-publish","format-standard","has-post-thumbnail","hentry","category-costa-rica-en-el-mundo","category-non-classifiee","category-noticias","category-noticias-nacionales","category-turismo-y-cultura"],"_links":{"self":[{"href":"https:\/\/peopleofcostarica.com\/fr\/wp-json\/wp\/v2\/posts\/7414","targetHints":{"allow":["GET"]}}],"collection":[{"href":"https:\/\/peopleofcostarica.com\/fr\/wp-json\/wp\/v2\/posts"}],"about":[{"href":"https:\/\/peopleofcostarica.com\/fr\/wp-json\/wp\/v2\/types\/post"}],"author":[{"embeddable":true,"href":"https:\/\/peopleofcostarica.com\/fr\/wp-json\/wp\/v2\/users\/15"}],"replies":[{"embeddable":true,"href":"https:\/\/peopleofcostarica.com\/fr\/wp-json\/wp\/v2\/comments?post=7414"}],"version-history":[{"count":1,"href":"https:\/\/peopleofcostarica.com\/fr\/wp-json\/wp\/v2\/posts\/7414\/revisions"}],"predecessor-version":[{"id":7417,"href":"https:\/\/peopleofcostarica.com\/fr\/wp-json\/wp\/v2\/posts\/7414\/revisions\/7417"}],"wp:featuredmedia":[{"embeddable":true,"href":"https:\/\/peopleofcostarica.com\/fr\/wp-json\/wp\/v2\/media\/7413"}],"wp:attachment":[{"href":"https:\/\/peopleofcostarica.com\/fr\/wp-json\/wp\/v2\/media?parent=7414"}],"wp:term":[{"taxonomy":"category","embeddable":true,"href":"https:\/\/peopleofcostarica.com\/fr\/wp-json\/wp\/v2\/categories?post=7414"},{"taxonomy":"post_tag","embeddable":true,"href":"https:\/\/peopleofcostarica.com\/fr\/wp-json\/wp\/v2\/tags?post=7414"}],"curies":[{"name":"wp","href":"https:\/\/api.w.org\/{rel}","templated":true}]}}