{"id":7370,"date":"2026-01-16T14:00:00","date_gmt":"2026-01-16T14:00:00","guid":{"rendered":"https:\/\/peopleofcostarica.com\/?p=7370"},"modified":"2026-01-15T16:45:06","modified_gmt":"2026-01-15T16:45:06","slug":"une-importante-route-nationale-restera-fermee-pendant-deux-semaines-en-raison-de-la-construction-dun-pont","status":"publish","type":"post","link":"https:\/\/peopleofcostarica.com\/fr\/une-importante-route-nationale-restera-fermee-pendant-deux-semaines-en-raison-de-la-construction-dun-pont\/","title":{"rendered":"Une importante route nationale restera ferm\u00e9e pendant deux semaines en raison de la construction d\u2019un pont"},"content":{"rendered":"\n<p>\u00c0 partir du lundi 19 janvier 2026, la circulation sur la Route Nationale 32 \u2014principal axe reliant la Vall\u00e9e Centrale \u00e0 la province de Lim\u00f3n\u2014 sera totalement suspendue pendant 15 jours calendaires. Le Minist\u00e8re des Travaux Publics et des Transports (MOPT) a confirm\u00e9 que cette mesure est n\u00e9cessaire pour proc\u00e9der au montage des poutres structurelles du nouveau pont sur le R\u00edo Sucio, \u00e9l\u00e9ment cl\u00e9 dans l\u2019extension de cette voie.<\/p>\n\n\n\n<p>La fermeture sera continue (24 heures sur 24) et prendra fin le 2 f\u00e9vrier. La zone affect\u00e9e couvre sp\u00e9cifiquement le secteur du chantier du pont ; toutefois, pour le contr\u00f4le du trafic, des points de restriction seront install\u00e9s au p\u00e9age de Zurqu\u00ed et au carrefour de R\u00edo Fr\u00edo, emp\u00eachant le passage par le Parc National Braulio Carrillo.<\/p>\n\n\n\n<p><strong>Itin\u00e9raires obligatoires de d\u00e9viation :<\/strong><br>Les autorit\u00e9s ont \u00e9tabli les itin\u00e9raires alternatifs suivants afin d\u2019\u00e9viter un effondrement logistique :<\/p>\n\n\n\n<p>\u2022 <strong>V\u00e9hicules lourds et articul\u00e9s :<\/strong> Devront obligatoirement emprunter la Route 10, qui relie San Jos\u00e9 \u00e0 Siquirres via Cartago et Turrialba. Il est indiqu\u00e9 que cet itin\u00e9raire peut ajouter jusqu\u2019\u00e0 deux heures au temps de trajet habituel.<\/p>\n\n\n\n<p>\u2022 <strong>V\u00e9hicules l\u00e9gers et petits autobus :<\/strong> Pourront utiliser la route de Vara Blanca (Route 126), mais une prudence extr\u00eame est recommand\u00e9e en raison des virages serr\u00e9s et du risque de brouillard.<\/p>\n\n\n\n<p>Le Conseil National de la Voirie (CONAVI) a expliqu\u00e9 que l\u2019utilisation de grues de grande capacit\u00e9 dans le lit de la rivi\u00e8re et sur la chauss\u00e9e actuelle rend impossible le maintien d\u2019un trafic s\u00e9curis\u00e9. \u00ab Nous entrons dans la phase la plus critique de la structure ; une fois ces poutres install\u00e9es, le projet passera \u00e0 sa phase finale de pavage \u00bb, ont indiqu\u00e9 les autorit\u00e9s.<\/p>\n\n\n\n<p>Les entreprises exportatrices et les services de transport de passagers sont invit\u00e9s \u00e0 adapter leurs horaires, car aucun v\u00e9hicule \u2014qu\u2019il s\u2019agisse de v\u00e9hicules d\u2019urgence ou priv\u00e9s\u2014 ne sera autoris\u00e9 \u00e0 traverser la zone de travaux pendant les man\u0153uvres de levage.<\/p>\n","protected":false},"excerpt":{"rendered":"<p>\u00c0 partir du lundi 19 janvier 2026, la circulation sur la Route Nationale 32 \u2014principal axe reliant la Vall\u00e9e Centrale \u00e0 la province de Lim\u00f3n\u2014 sera totalement suspendue pendant 15 jours calendaires. Le Minist\u00e8re des Travaux Publics et des Transports (MOPT) a confirm\u00e9 que cette mesure est n\u00e9cessaire pour proc\u00e9der au montage des poutres structurelles [&hellip;]<\/p>\n","protected":false},"author":15,"featured_media":7371,"comment_status":"open","ping_status":"open","sticky":false,"template":"","format":"standard","meta":{"footnotes":""},"categories":[86,55,98],"tags":[],"class_list":["post-7370","post","type-post","status-publish","format-standard","has-post-thumbnail","hentry","category-actualites","category-endroits-fr","category-nouvelles-nationales"],"_links":{"self":[{"href":"https:\/\/peopleofcostarica.com\/fr\/wp-json\/wp\/v2\/posts\/7370","targetHints":{"allow":["GET"]}}],"collection":[{"href":"https:\/\/peopleofcostarica.com\/fr\/wp-json\/wp\/v2\/posts"}],"about":[{"href":"https:\/\/peopleofcostarica.com\/fr\/wp-json\/wp\/v2\/types\/post"}],"author":[{"embeddable":true,"href":"https:\/\/peopleofcostarica.com\/fr\/wp-json\/wp\/v2\/users\/15"}],"replies":[{"embeddable":true,"href":"https:\/\/peopleofcostarica.com\/fr\/wp-json\/wp\/v2\/comments?post=7370"}],"version-history":[{"count":1,"href":"https:\/\/peopleofcostarica.com\/fr\/wp-json\/wp\/v2\/posts\/7370\/revisions"}],"predecessor-version":[{"id":7373,"href":"https:\/\/peopleofcostarica.com\/fr\/wp-json\/wp\/v2\/posts\/7370\/revisions\/7373"}],"wp:featuredmedia":[{"embeddable":true,"href":"https:\/\/peopleofcostarica.com\/fr\/wp-json\/wp\/v2\/media\/7371"}],"wp:attachment":[{"href":"https:\/\/peopleofcostarica.com\/fr\/wp-json\/wp\/v2\/media?parent=7370"}],"wp:term":[{"taxonomy":"category","embeddable":true,"href":"https:\/\/peopleofcostarica.com\/fr\/wp-json\/wp\/v2\/categories?post=7370"},{"taxonomy":"post_tag","embeddable":true,"href":"https:\/\/peopleofcostarica.com\/fr\/wp-json\/wp\/v2\/tags?post=7370"}],"curies":[{"name":"wp","href":"https:\/\/api.w.org\/{rel}","templated":true}]}}