{"id":7207,"date":"2026-01-10T07:00:00","date_gmt":"2026-01-10T07:00:00","guid":{"rendered":"https:\/\/peopleofcostarica.com\/?p=7207"},"modified":"2026-01-09T20:45:14","modified_gmt":"2026-01-09T20:45:14","slug":"le-retour-de-la-restriction-de-circulation-a-san-jose","status":"publish","type":"post","link":"https:\/\/peopleofcostarica.com\/fr\/le-retour-de-la-restriction-de-circulation-a-san-jose\/","title":{"rendered":"Le retour de la restriction de circulation \u00e0 San Jos\u00e9"},"content":{"rendered":"\n<p>Apr\u00e8s une suspension temporaire durant les festivit\u00e9s, le Minist\u00e8re des Travaux Publics et des Transports (MOPT) a officiellement r\u00e9tabli la restriction de circulation selon le num\u00e9ro de plaque d\u2019immatriculation dans la zone m\u00e9tropolitaine de San Jos\u00e9. Cette mesure vise \u00e0 normaliser le flux routier apr\u00e8s la reprise des activit\u00e9s commerciales et professionnelles.<\/p>\n\n\n\n<p> <strong>Calendrier de circulation<\/strong><\/p>\n\n\n\n<p>La restriction s\u2019applique du lundi au vendredi, de 6h00 \u00e0 19h00, selon le dernier chiffre de la plaque :<\/p>\n\n\n\n<p>Lundi : 1 et 2<br>Mardi : 3 et 4<br>Mercredi : 5 et 6<br>Jeudi : 7 et 8<br>Vendredi : 9 et 0<\/p>\n\n\n\n<p><strong>Zone d\u2019application<\/strong><\/p>\n\n\n\n<p>L\u2019interdiction d\u2019acc\u00e8s couvre tout le centre-ville de San Jos\u00e9, ainsi que l\u2019anneau de la Route 39 (Circonvalation) et toutes les voies radiales qui y convergent.<\/p>\n\n\n\n<p><strong>Sanction \u00e9conomique<\/strong><\/p>\n\n\n\n<p>Les conducteurs qui ne respectent pas cette r\u00e9glementation s\u2019exposent \u00e0 une amende administrative d\u2019environ \u00a226 000. Selon les donn\u00e9es de la Police de la circulation, cette infraction demeure l\u2019une des plus fr\u00e9quentes dans le pays.<br>\u00c0 noter : Les v\u00e9hicules \u00e9lectriques, les transports publics, les services d\u2019urgence ainsi que les v\u00e9hicules transportant des personnes en situation de handicap sont exempt\u00e9s de cette mesure.<\/p>\n","protected":false},"excerpt":{"rendered":"<p>Apr\u00e8s une suspension temporaire durant les festivit\u00e9s, le Minist\u00e8re des Travaux Publics et des Transports (MOPT) a officiellement r\u00e9tabli la restriction de circulation selon le num\u00e9ro de plaque d\u2019immatriculation dans la zone m\u00e9tropolitaine de San Jos\u00e9. Cette mesure vise \u00e0 normaliser le flux routier apr\u00e8s la reprise des activit\u00e9s commerciales et professionnelles. Calendrier de circulation [&hellip;]<\/p>\n","protected":false},"author":15,"featured_media":7210,"comment_status":"open","ping_status":"open","sticky":false,"template":"","format":"standard","meta":{"footnotes":""},"categories":[86,55,98],"tags":[],"class_list":["post-7207","post","type-post","status-publish","format-standard","has-post-thumbnail","hentry","category-actualites","category-endroits-fr","category-nouvelles-nationales"],"_links":{"self":[{"href":"https:\/\/peopleofcostarica.com\/fr\/wp-json\/wp\/v2\/posts\/7207","targetHints":{"allow":["GET"]}}],"collection":[{"href":"https:\/\/peopleofcostarica.com\/fr\/wp-json\/wp\/v2\/posts"}],"about":[{"href":"https:\/\/peopleofcostarica.com\/fr\/wp-json\/wp\/v2\/types\/post"}],"author":[{"embeddable":true,"href":"https:\/\/peopleofcostarica.com\/fr\/wp-json\/wp\/v2\/users\/15"}],"replies":[{"embeddable":true,"href":"https:\/\/peopleofcostarica.com\/fr\/wp-json\/wp\/v2\/comments?post=7207"}],"version-history":[{"count":1,"href":"https:\/\/peopleofcostarica.com\/fr\/wp-json\/wp\/v2\/posts\/7207\/revisions"}],"predecessor-version":[{"id":7215,"href":"https:\/\/peopleofcostarica.com\/fr\/wp-json\/wp\/v2\/posts\/7207\/revisions\/7215"}],"wp:featuredmedia":[{"embeddable":true,"href":"https:\/\/peopleofcostarica.com\/fr\/wp-json\/wp\/v2\/media\/7210"}],"wp:attachment":[{"href":"https:\/\/peopleofcostarica.com\/fr\/wp-json\/wp\/v2\/media?parent=7207"}],"wp:term":[{"taxonomy":"category","embeddable":true,"href":"https:\/\/peopleofcostarica.com\/fr\/wp-json\/wp\/v2\/categories?post=7207"},{"taxonomy":"post_tag","embeddable":true,"href":"https:\/\/peopleofcostarica.com\/fr\/wp-json\/wp\/v2\/tags?post=7207"}],"curies":[{"name":"wp","href":"https:\/\/api.w.org\/{rel}","templated":true}]}}