{"id":7191,"date":"2026-01-09T12:30:00","date_gmt":"2026-01-09T12:30:00","guid":{"rendered":"https:\/\/peopleofcostarica.com\/?p=7191"},"modified":"2026-01-09T18:22:39","modified_gmt":"2026-01-09T18:22:39","slug":"manuel-antonio-en-alerte-le-projet-touristique-ocean-cove-denonce-pour-de-graves-dommages-environnementaux","status":"publish","type":"post","link":"https:\/\/peopleofcostarica.com\/fr\/manuel-antonio-en-alerte-le-projet-touristique-ocean-cove-denonce-pour-de-graves-dommages-environnementaux\/","title":{"rendered":"Manuel Antonio en alerte : Le projet touristique \u00ab Ocean Cove \u00bb d\u00e9nonc\u00e9 pour de graves dommages environnementaux"},"content":{"rendered":"\n<p>Ce qui devrait \u00eatre un mod\u00e8le de d\u00e9veloppement durable dans l&rsquo;une des zones les plus biologiquement intenses du pays est devenu le centre d&rsquo;une bataille juridique et environnementale. Un ambitieux projet touristique nomm\u00e9 <strong>Ocean Cove<\/strong>, situ\u00e9 au c\u0153ur de Manuel Antonio, fait aujourd&rsquo;hui l&rsquo;objet de demandes d&rsquo;arr\u00eat imm\u00e9diat en raison d&rsquo;irr\u00e9gularit\u00e9s pr\u00e9sum\u00e9es mena\u00e7ant l&rsquo;int\u00e9grit\u00e9 de l&rsquo;\u00e9cosyst\u00e8me local.<\/p>\n\n\n\n<p><strong>L&rsquo;origine de la plainte<\/strong> L&rsquo;alerte a \u00e9t\u00e9 donn\u00e9e suite \u00e0 une s\u00e9rie de mouvements de terrain et d&rsquo;abattages d&rsquo;arbres qui ont attir\u00e9 l&rsquo;attention des voisins et des d\u00e9fenseurs de l&rsquo;environnement. Selon la plainte d\u00e9pos\u00e9e aupr\u00e8s des autorit\u00e9s judiciaires et administratives, le projet est ex\u00e9cut\u00e9 <strong>sans les permis correspondants<\/strong> du Secr\u00e9tariat Technique National de l&rsquo;Environnement (SETENA) ni du Syst\u00e8me National des Aires de Conservation (SINAC).<\/p>\n\n\n\n<p><strong>Irr\u00e9gularit\u00e9s signal\u00e9es<\/strong> Le dossier de l&rsquo;affaire d\u00e9taille une s\u00e9rie d&rsquo;actions qui contreviennent \u00e0 la l\u00e9gislation environnementale en vigueur au Costa Rica :<\/p>\n\n\n\n<ul class=\"wp-block-list\">\n<li><strong>Exploitation foresti\u00e8re ill\u00e9gale :<\/strong> Signalements de suppression de la couverture foresti\u00e8re sans inventaire forestier ni autorisation du SINAC.<\/li>\n\n\n\n<li><strong>Mouvements de terrain ill\u00e9gaux :<\/strong> Ouverture de sentiers et de routes internes ayant alt\u00e9r\u00e9 l&rsquo;\u00e9coulement naturel des eaux, augmentant le risque d&rsquo;\u00e9rosion et de s\u00e9dimentation sur les plages voisines.<\/li>\n\n\n\n<li><strong>Impact sur les cours d&rsquo;eau :<\/strong> Intervention directe sur des cours d&rsquo;eau du domaine public, ce qui constitue une violation grave du Code des mines et de la Loi sur les eaux.<\/li>\n<\/ul>\n\n\n\n<blockquote class=\"wp-block-quote is-layout-flow wp-block-quote-is-layout-flow\">\n<p>\u00ab Un projet se d\u00e9veloppe de mani\u00e8re ill\u00e9gale et d\u00e9sordonn\u00e9e, au vu et au su des autorit\u00e9s charg\u00e9es de veiller au respect de la loi \u00bb, indique une partie de la plainte d\u00e9sormais entre les mains du Minist\u00e8re Public.<\/p>\n<\/blockquote>\n\n\n\n<p><strong>R\u00e9action des autorit\u00e9s locales<\/strong> La mairesse de Quepos, Patricia Bola\u00f1os, a d\u00e9clar\u00e9 que la municipalit\u00e9 est en phase de r\u00e9vision des dossiers. Bien qu&rsquo;elle ait admis n&rsquo;avoir eu aucune connaissance pr\u00e9alable de l&rsquo;ampleur de la plainte avant l&rsquo;intervention de la presse nationale, elle a assur\u00e9 que les informations ont \u00e9t\u00e9 transmises aux d\u00e9partements d&rsquo;ing\u00e9nierie et de contr\u00f4le urbain pour v\u00e9rifier s&rsquo;il y a un non-respect des ordres de construction.<\/p>\n","protected":false},"excerpt":{"rendered":"<p>Ce qui devrait \u00eatre un mod\u00e8le de d\u00e9veloppement durable dans l&rsquo;une des zones les plus biologiquement intenses du pays est devenu le centre d&rsquo;une bataille juridique et environnementale. Un ambitieux projet touristique nomm\u00e9 Ocean Cove, situ\u00e9 au c\u0153ur de Manuel Antonio, fait aujourd&rsquo;hui l&rsquo;objet de demandes d&rsquo;arr\u00eat imm\u00e9diat en raison d&rsquo;irr\u00e9gularit\u00e9s pr\u00e9sum\u00e9es mena\u00e7ant l&rsquo;int\u00e9grit\u00e9 de [&hellip;]<\/p>\n","protected":false},"author":15,"featured_media":7195,"comment_status":"open","ping_status":"open","sticky":false,"template":"","format":"standard","meta":{"footnotes":""},"categories":[90,98],"tags":[],"class_list":["post-7191","post","type-post","status-publish","format-standard","has-post-thumbnail","hentry","category-climat-et-environnement","category-nouvelles-nationales"],"_links":{"self":[{"href":"https:\/\/peopleofcostarica.com\/fr\/wp-json\/wp\/v2\/posts\/7191","targetHints":{"allow":["GET"]}}],"collection":[{"href":"https:\/\/peopleofcostarica.com\/fr\/wp-json\/wp\/v2\/posts"}],"about":[{"href":"https:\/\/peopleofcostarica.com\/fr\/wp-json\/wp\/v2\/types\/post"}],"author":[{"embeddable":true,"href":"https:\/\/peopleofcostarica.com\/fr\/wp-json\/wp\/v2\/users\/15"}],"replies":[{"embeddable":true,"href":"https:\/\/peopleofcostarica.com\/fr\/wp-json\/wp\/v2\/comments?post=7191"}],"version-history":[{"count":1,"href":"https:\/\/peopleofcostarica.com\/fr\/wp-json\/wp\/v2\/posts\/7191\/revisions"}],"predecessor-version":[{"id":7197,"href":"https:\/\/peopleofcostarica.com\/fr\/wp-json\/wp\/v2\/posts\/7191\/revisions\/7197"}],"wp:featuredmedia":[{"embeddable":true,"href":"https:\/\/peopleofcostarica.com\/fr\/wp-json\/wp\/v2\/media\/7195"}],"wp:attachment":[{"href":"https:\/\/peopleofcostarica.com\/fr\/wp-json\/wp\/v2\/media?parent=7191"}],"wp:term":[{"taxonomy":"category","embeddable":true,"href":"https:\/\/peopleofcostarica.com\/fr\/wp-json\/wp\/v2\/categories?post=7191"},{"taxonomy":"post_tag","embeddable":true,"href":"https:\/\/peopleofcostarica.com\/fr\/wp-json\/wp\/v2\/tags?post=7191"}],"curies":[{"name":"wp","href":"https:\/\/api.w.org\/{rel}","templated":true}]}}