{"id":4934,"date":"2025-07-15T22:46:02","date_gmt":"2025-07-15T22:46:02","guid":{"rendered":"https:\/\/peopleofcostarica.com\/?p=4934"},"modified":"2025-07-11T22:55:17","modified_gmt":"2025-07-11T22:55:17","slug":"filcr-2025-neuf-jours-pour-lire-le-monde-au-centre-de-conventions","status":"publish","type":"post","link":"https:\/\/peopleofcostarica.com\/fr\/filcr-2025-neuf-jours-pour-lire-le-monde-au-centre-de-conventions\/","title":{"rendered":"FILCR 2025 : Neuf jours pour lire le monde au Centre de conventions"},"content":{"rendered":"\n<p>Du <strong>19 au 27 juillet 2025<\/strong>, le <strong>Centre de conventions du Costa Rica<\/strong> accueillera la 23\u1d49 \u00e9dition de la <strong>Feria Internacional del Libro de Costa Rica (FILCR)<\/strong>, organis\u00e9e par la Chambre costaricienne du livre. L\u2019entr\u00e9e est <strong>gratuite<\/strong>, et cette foire s\u2019impose comme l\u2019un des principaux rendez-vous culturels de la r\u00e9gion .<\/p>\n\n\n\n<h2 class=\"wp-block-heading\">D\u00e9clarations d\u2019int\u00e9r\u00eat culturel et \u00e9ducatif<\/h2>\n\n\n\n<p>La FILCR 2025 a obtenu la <strong>D\u00e9claration d\u2019int\u00e9r\u00eat culturel<\/strong> du Minist\u00e8re de la Culture et de la Jeunesse et la <strong>D\u00e9claration d\u2019int\u00e9r\u00eat \u00e9ducatif<\/strong> du Minist\u00e8re de l\u2019\u00c9ducation Publique (MEP), t\u00e9moignages officiels de sa valeur patrimoniale, cr\u00e9ative et p\u00e9dagogique pour le pays .<\/p>\n\n\n\n<h2 class=\"wp-block-heading\">Invit\u00e9s internationaux de premier plan<\/h2>\n\n\n\n<p>Cette \u00e9dition r\u00e9unit des auteurs de renom d\u2019Europe, d\u2019Am\u00e9rique du Nord et d\u2019Am\u00e9rique centrale, parmi lesquels :<\/p>\n\n\n\n<ul class=\"wp-block-list\">\n<li><strong>Irene Vallejo<\/strong> (Espagne), auteure de <em>L\u2019infini dans un roseau<\/em>, traduit en plus de 20 langues.<\/li>\n\n\n\n<li><strong>Juan David Morgan<\/strong> (Panama), romancier historique explorant l\u2019identit\u00e9 centro-am\u00e9ricaine.<\/li>\n\n\n\n<li><strong>\u00c9ric Chacour<\/strong> (Canada), dont le roman <em>Ce que je sais de toi<\/em> a \u00e9t\u00e9 traduit en 15 langues et prim\u00e9 en France et au Canada.<\/li>\n\n\n\n<li><strong>Adolfo D. Roitman<\/strong> (Argentine\u2013Isra\u00ebl), directeur de l\u2019Institut Shalem au Mexique et sp\u00e9cialiste de la litt\u00e9rature biblique ancienne .<\/li>\n<\/ul>\n\n\n\n<blockquote class=\"wp-block-quote is-layout-flow wp-block-quote-is-layout-flow\">\n<p><strong>Note :<\/strong> Pour des raisons de sant\u00e9, Santiago Posteguillo ne pourra pas assister, mais la programmation reste de haut niveau.<\/p>\n<\/blockquote>\n\n\n\n<h2 class=\"wp-block-heading\">Programmation pour tous les publics<\/h2>\n\n\n\n<p>En plus des conf\u00e9rences et s\u00e9ances de d\u00e9dicaces, la FILCR 2025 propose :<\/p>\n\n\n\n<ul class=\"wp-block-list\">\n<li><strong>Tables rondes et conversations<\/strong> avec des auteurs nationaux et internationaux.<\/li>\n\n\n\n<li><strong>Ateliers d\u2019\u00e9criture, d\u2019\u00e9dition et de traduction<\/strong>.<\/li>\n\n\n\n<li><strong>Espace jeunesse<\/strong> avec contes et activit\u00e9s ludiques.<\/li>\n\n\n\n<li><strong>Sessions acad\u00e9miques<\/strong> d\u00e9di\u00e9es aux enseignants et biblioth\u00e9caires.<\/li>\n\n\n\n<li><strong>\u00c9v\u00e9nements parall\u00e8les<\/strong> : expositions \u00e9ditoriales, clubs de lecture et rencontres professionnelles.<\/li>\n<\/ul>\n\n\n\n<p>Programme complet et inscription aux ateliers :<\/p>\n\n\n\n<blockquote class=\"wp-block-quote is-layout-flow wp-block-quote-is-layout-flow\">\n<p>\ud83d\udc49 <a>FILCR 2025 \u2013 Site officiel<\/a><\/p>\n<\/blockquote>\n\n\n\n<blockquote class=\"wp-block-quote is-layout-flow wp-block-quote-is-layout-flow\">\n<h2 class=\"wp-block-heading\">Logistique et participation<\/h2>\n\n\n\n<ul class=\"wp-block-list\">\n<li><strong>Lieu :<\/strong> Centre de conventions du Costa Rica (Route interam\u00e9ricaine, carrefour Bel\u00e9n\u2013Heredia)<\/li>\n\n\n\n<li><strong>Dates :<\/strong> Du samedi 19 au dimanche 27 juillet 2025<\/li>\n\n\n\n<li><strong>Horaires :<\/strong> 10 h \u2013 20 h (inauguration \u00e0 18 h)<\/li>\n\n\n\n<li><strong>Entr\u00e9e :<\/strong> Gratuite, inscription en ligne facultative pour les ateliers.<\/li>\n<\/ul>\n\n\n\n<h2 class=\"wp-block-heading\">Impact et perspectives<\/h2>\n\n\n\n<p>Avec plus de <strong>250 exposants<\/strong> et des dizaines d\u2019activit\u00e9s quotidiennes, la FILCR 2025 vise \u00e0 renforcer la culture de la lecture, \u00e0 promouvoir l\u2019industrie du livre et \u00e0 tisser des liens culturels nationaux et internationaux. Selon la Chambre costaricienne du livre, la foire attire chaque ann\u00e9e plus de <strong>60 000 visiteurs<\/strong>, devenant ainsi un point de rencontre incontournable pour auteurs, \u00e9diteurs, enseignants et passionn\u00e9s de litt\u00e9rature .<\/p>\n\n\n\n<p><\/p>\n<\/blockquote>\n","protected":false},"excerpt":{"rendered":"<p>Du 19 au 27 juillet 2025, le Centre de conventions du Costa Rica accueillera la 23\u1d49 \u00e9dition de la Feria Internacional del Libro de Costa Rica (FILCR), organis\u00e9e par la Chambre costaricienne du livre. L\u2019entr\u00e9e est gratuite, et cette foire s\u2019impose comme l\u2019un des principaux rendez-vous culturels de la r\u00e9gion . D\u00e9clarations d\u2019int\u00e9r\u00eat culturel et [&hellip;]<\/p>\n","protected":false},"author":1,"featured_media":4925,"comment_status":"open","ping_status":"open","sticky":false,"template":"","format":"standard","meta":{"footnotes":""},"categories":[28],"tags":[],"class_list":["post-4934","post","type-post","status-publish","format-standard","has-post-thumbnail","hentry","category-non-classifiee"],"_links":{"self":[{"href":"https:\/\/peopleofcostarica.com\/fr\/wp-json\/wp\/v2\/posts\/4934","targetHints":{"allow":["GET"]}}],"collection":[{"href":"https:\/\/peopleofcostarica.com\/fr\/wp-json\/wp\/v2\/posts"}],"about":[{"href":"https:\/\/peopleofcostarica.com\/fr\/wp-json\/wp\/v2\/types\/post"}],"author":[{"embeddable":true,"href":"https:\/\/peopleofcostarica.com\/fr\/wp-json\/wp\/v2\/users\/1"}],"replies":[{"embeddable":true,"href":"https:\/\/peopleofcostarica.com\/fr\/wp-json\/wp\/v2\/comments?post=4934"}],"version-history":[{"count":1,"href":"https:\/\/peopleofcostarica.com\/fr\/wp-json\/wp\/v2\/posts\/4934\/revisions"}],"predecessor-version":[{"id":4935,"href":"https:\/\/peopleofcostarica.com\/fr\/wp-json\/wp\/v2\/posts\/4934\/revisions\/4935"}],"wp:featuredmedia":[{"embeddable":true,"href":"https:\/\/peopleofcostarica.com\/fr\/wp-json\/wp\/v2\/media\/4925"}],"wp:attachment":[{"href":"https:\/\/peopleofcostarica.com\/fr\/wp-json\/wp\/v2\/media?parent=4934"}],"wp:term":[{"taxonomy":"category","embeddable":true,"href":"https:\/\/peopleofcostarica.com\/fr\/wp-json\/wp\/v2\/categories?post=4934"},{"taxonomy":"post_tag","embeddable":true,"href":"https:\/\/peopleofcostarica.com\/fr\/wp-json\/wp\/v2\/tags?post=4934"}],"curies":[{"name":"wp","href":"https:\/\/api.w.org\/{rel}","templated":true}]}}