{"id":4251,"date":"2025-05-28T15:59:59","date_gmt":"2025-05-28T15:59:59","guid":{"rendered":"https:\/\/peopleofcostarica.com\/?p=4251"},"modified":"2025-05-28T16:00:26","modified_gmt":"2025-05-28T16:00:26","slug":"la-piece-de-theatre-para-vestir-santos-revient-au-musee-historique-culturel-juan-santamaria-avec-une-nouvelle-aventure","status":"publish","type":"post","link":"https:\/\/peopleofcostarica.com\/fr\/la-piece-de-theatre-para-vestir-santos-revient-au-musee-historique-culturel-juan-santamaria-avec-une-nouvelle-aventure\/","title":{"rendered":"La pi\u00e8ce de th\u00e9\u00e2tre \u201cPara vestir santos\u201d revient au Mus\u00e9e Historique Culturel Juan Santamar\u00eda avec une nouvelle aventure"},"content":{"rendered":"\n<p><strong>Le Minist\u00e8re de la Culture et de la Jeunesse, par le biais du Mus\u00e9e Historique Culturel Juan Santamar\u00eda, en coproduction avec RA Producciones et le Teatro Los de a Pie, invite le public \u00e0 profiter de la seconde partie de la pi\u00e8ce <em>\u201cPara vestir Santos\u201d.<\/em><\/strong><\/p>\n\n\n\n<ul class=\"wp-block-list\">\n<li>Le spectacle sera pr\u00e9sent\u00e9 les 29, 30 et 31 mai \u00e0 19h, dans l\u2019auditorium du Mus\u00e9e Historique Culturel Juan Santamar\u00eda, situ\u00e9 \u00e0 Alajuela<\/li>\n\n\n\n<li>La troupe promet une soir\u00e9e pleine d\u2019humour, de d\u00e9votion et de malice<\/li>\n<\/ul>\n\n\n\n<p>Le Minist\u00e8re de la Culture et de la Jeunesse, par le biais du Mus\u00e9e Historique Culturel Juan Santamar\u00eda, en coproduction avec RA Producciones et le Teatro Los de a Pie, invite le public \u00e0 d\u00e9couvrir la deuxi\u00e8me partie de la pi\u00e8ce <em>\u201cPara vestir Santos\u201d.<\/em><\/p>\n\n\n\n<p>Dans sa premi\u00e8re \u00e9dition, <em>\u201cPara vestir Santos : Histoires de la Semaine Sainte\u201d<\/em>, la mise en sc\u00e8ne visait \u00e0 encourager la participation du public aux \u00e9v\u00e9nements de la Semaine Sainte \u00e0 travers la performance orale et les r\u00e9cits de Do\u00f1a \u201cChila\u201d \u2014 personnage incarn\u00e9 par Xinia Vargas S\u00e1nchez \u2014 une femme \u00e2g\u00e9e, fid\u00e8le b\u00e9n\u00e9vole de la paroisse de sa communaut\u00e9, qui a recueilli une s\u00e9rie d\u2019histoires et d\u2019anecdotes survenues pendant ces c\u00e9l\u00e9brations et processions.<\/p>\n\n\n\n<p>Cette fois, Do\u00f1a \u201cChila\u201d revient avec de nouvelles histoires, accompagn\u00e9e de Tob\u00edas Candelario \u2014 jou\u00e9 par Wilson Ulate Araya \u2014 cher ami du P\u00e8re Justo, un collaborateur paisible et exp\u00e9riment\u00e9 de plusieurs \u00e9glises, convoqu\u00e9 par ce dernier pour une r\u00e9union d\u2019\u00e9valuation. Tous deux se retrouvent impliqu\u00e9s dans la recherche d\u2019objets disparus qui n\u2019ont pas pu \u00eatre utilis\u00e9s lors des pr\u00e9c\u00e9dentes processions. Cette mission d\u00e9clenchera une \u201cguerre\u201d de pouvoir entre eux, promettant un d\u00e9nouement inattendu et rempli de surprises. La troupe promet au public une soir\u00e9e m\u00ealant humour, d\u00e9votion et espi\u00e8glerie avec cette mise en sc\u00e8ne intitul\u00e9e <em>\u201cPara vestir santos : Du sublime au terrestre\u201d.<\/em><\/p>\n\n\n\n<p>\u201cCe que nous cherchons \u00e0 travers ce sc\u00e9nario, en plus de donner une suite \u00e0 la pr\u00e9c\u00e9dente mise en sc\u00e8ne, c\u2019est de mettre en valeur nos traditions de foi et ceux qui les rendent possibles,\u201d a soulign\u00e9 Wilson Ulate Araya, acteur, dramaturge et metteur en sc\u00e8ne de la pi\u00e8ce, ainsi que directeur du groupe Teatro Los de a Pie.<\/p>\n\n\n\n<p><strong>Dates, horaires et billets.<\/strong> Les repr\u00e9sentations auront lieu les 29, 30 et 31 mai 2025, \u00e0 19h, dans l\u2019auditorium du Mus\u00e9e Historique Culturel Juan Santamar\u00eda. Le prix g\u00e9n\u00e9ral des billets est de 3 000 colons. La billetterie ouvrira \u00e0 partir de 17h30 les jours de repr\u00e9sentation. Les r\u00e9servations peuvent \u00eatre effectu\u00e9es au num\u00e9ro 8363-4892.<\/p>\n","protected":false},"excerpt":{"rendered":"<p>Le Minist\u00e8re de la Culture et de la Jeunesse, par le biais du Mus\u00e9e Historique Culturel Juan Santamar\u00eda, en coproduction avec RA Producciones et le Teatro Los de a Pie, invite le public \u00e0 profiter de la seconde partie de la pi\u00e8ce \u201cPara vestir Santos\u201d. Le Minist\u00e8re de la Culture et de la Jeunesse, par [&hellip;]<\/p>\n","protected":false},"author":14,"featured_media":4254,"comment_status":"open","ping_status":"open","sticky":false,"template":"","format":"standard","meta":{"footnotes":""},"categories":[86,28,87,102,103],"tags":[],"class_list":["post-4251","post","type-post","status-publish","format-standard","has-post-thumbnail","hentry","category-actualites","category-non-classifiee","category-noticias","category-tourisme-et-culture","category-turismo-y-cultura"],"_links":{"self":[{"href":"https:\/\/peopleofcostarica.com\/fr\/wp-json\/wp\/v2\/posts\/4251","targetHints":{"allow":["GET"]}}],"collection":[{"href":"https:\/\/peopleofcostarica.com\/fr\/wp-json\/wp\/v2\/posts"}],"about":[{"href":"https:\/\/peopleofcostarica.com\/fr\/wp-json\/wp\/v2\/types\/post"}],"author":[{"embeddable":true,"href":"https:\/\/peopleofcostarica.com\/fr\/wp-json\/wp\/v2\/users\/14"}],"replies":[{"embeddable":true,"href":"https:\/\/peopleofcostarica.com\/fr\/wp-json\/wp\/v2\/comments?post=4251"}],"version-history":[{"count":1,"href":"https:\/\/peopleofcostarica.com\/fr\/wp-json\/wp\/v2\/posts\/4251\/revisions"}],"predecessor-version":[{"id":4257,"href":"https:\/\/peopleofcostarica.com\/fr\/wp-json\/wp\/v2\/posts\/4251\/revisions\/4257"}],"wp:featuredmedia":[{"embeddable":true,"href":"https:\/\/peopleofcostarica.com\/fr\/wp-json\/wp\/v2\/media\/4254"}],"wp:attachment":[{"href":"https:\/\/peopleofcostarica.com\/fr\/wp-json\/wp\/v2\/media?parent=4251"}],"wp:term":[{"taxonomy":"category","embeddable":true,"href":"https:\/\/peopleofcostarica.com\/fr\/wp-json\/wp\/v2\/categories?post=4251"},{"taxonomy":"post_tag","embeddable":true,"href":"https:\/\/peopleofcostarica.com\/fr\/wp-json\/wp\/v2\/tags?post=4251"}],"curies":[{"name":"wp","href":"https:\/\/api.w.org\/{rel}","templated":true}]}}