{"id":4179,"date":"2025-05-26T21:24:15","date_gmt":"2025-05-26T21:24:15","guid":{"rendered":"https:\/\/peopleofcostarica.com\/?p=4179"},"modified":"2025-05-26T21:24:42","modified_gmt":"2025-05-26T21:24:42","slug":"preambulo-presente-le-festival-de-cinema-latino-americain-contemporain-et-territoires-paraguay","status":"publish","type":"post","link":"https:\/\/peopleofcostarica.com\/fr\/preambulo-presente-le-festival-de-cinema-latino-americain-contemporain-et-territoires-paraguay\/","title":{"rendered":"Pre\u00e1mbulo pr\u00e9sente le Festival de Cin\u00e9ma Latino-Am\u00e9ricain Contemporain et Territoires Paraguay"},"content":{"rendered":"\n<ul class=\"wp-block-list\">\n<li>Toutes les projections du Festival de Cin\u00e9ma Latino-Am\u00e9ricain Contemporain et Territoires Paraguay sont gratuites, dans la limite des places disponibles.<\/li>\n<\/ul>\n\n\n\n<p>Le programme <em>Pre\u00e1mbulo<\/em> du Centre de Cin\u00e9ma du Minist\u00e8re de la Culture et de la Jeunesse pr\u00e9sente une nouvelle \u00e9dition du Festival de Cin\u00e9ma Latino-Am\u00e9ricain Contemporain et Territoires Paraguay. Du 28 au 31 juin, la salle G\u00f3mez Miralles accueillera une s\u00e9lection repr\u00e9sentative de la cin\u00e9matographie latino-am\u00e9ricaine et paraguayenne, avec des titres couvrant diff\u00e9rentes \u00e9poques, styles et th\u00e9matiques.<\/p>\n\n\n\n<p>La programmation d\u00e9bute le mercredi 28 juin \u00e0 19h00 avec <em>Los hijos del \u00faltimo jard\u00edn<\/em> (2004), un film de fiction bolivien r\u00e9alis\u00e9 par Jorge Sanjin\u00e9s. Situ\u00e9 dans les jours troubl\u00e9s du F\u00e9vrier Noir, le film raconte l\u2019histoire de cinq jeunes amis qui, lass\u00e9s de la corruption et du manque d\u2019opportunit\u00e9s, d\u00e9cident de faire justice eux-m\u00eames. Unis par le football, ils planifient un cambriolage chez un parlementaire douteux, mais tout ne se passe pas comme pr\u00e9vu. La projection est r\u00e9serv\u00e9e aux personnes de 15 ans et plus, et le film dure 98 minutes.<\/p>\n\n\n\n<p>Le jeudi 29 juin \u00e0 19h00, sera projet\u00e9 <em>Matar a un muerto<\/em> (2019), une coproduction entre le Paraguay, l\u2019Argentine et la France, r\u00e9alis\u00e9e par Hugo Gim\u00e9nez. Ce puissant film de fiction, se d\u00e9roulant en 1978 sous la dictature militaire paraguayenne, suit deux hommes qui enterrent clandestinement des cadavres dans la for\u00eat. Un jour, ils d\u00e9couvrent parmi les corps un homme encore en vie. Bien qu\u2019ils sachent qu\u2019ils doivent le tuer, ils n\u2019ont jamais \u00f4t\u00e9 la vie \u00e0 personne. Le film dure 87 minutes et est destin\u00e9 \u00e0 un public de 18 ans et plus.<\/p>\n\n\n\n<p>Le vendredi 30 juin \u00e0 19h00, sera pr\u00e9sent\u00e9 <em>Boreal<\/em> (2022), r\u00e9alis\u00e9 par Federico Adorno. Cette fiction paraguayenne de 87 minutes, adapt\u00e9e aux personnes de 15 ans et plus, raconte l\u2019histoire de Benjam\u00edn, un jeune homme qui a du mal \u00e0 s\u2019adapter \u00e0 son travail dans les cl\u00f4tures. Alors qu\u2019il attend pendant des jours l\u2019arriv\u00e9e du chef mennonite, les autres travailleurs commencent \u00e0 percevoir qu\u2019une \u00e9trange fatigue s\u2019empare du Chaco paraguayen.<\/p>\n\n\n\n<p>La programmation du samedi 31 juin commence \u00e0 17h00 avec <em>El pueblo<\/em> (1968), un film exp\u00e9rimental r\u00e9alis\u00e9 par Carlos Saguier. Consid\u00e9r\u00e9 comme un joyau retrouv\u00e9 du cin\u00e9ma paraguayen, ce film offre une vision quasi-documentaire des vicissitudes du Paraguay rural. Avec une dur\u00e9e de 50 minutes et accessible \u00e0 tous les publics, <em>El pueblo<\/em> est une synth\u00e8se visuelle de l\u2019idiosyncrasie paraguayenne.<\/p>\n\n\n\n<p>Enfin, le samedi 31 juin \u00e0 19h00, se cl\u00f4ture le festival avec <em>El tiempo nublado<\/em> (2014), un documentaire r\u00e9alis\u00e9 par Arami Ull\u00f3n et coproduit entre le Paraguay et la Suisse. D\u2019une dur\u00e9e de 92 minutes et accessible \u00e0 partir de 12 ans, le film aborde avec sensibilit\u00e9 le dilemme universel du soin aux parents \u00e2g\u00e9s. La r\u00e9alisatrice est partag\u00e9e entre rester au Paraguay pour s\u2019occuper de sa m\u00e8re malade ou continuer sa vie en Europe, dans une exploration intime de l\u2019amour, de l\u2019autonomie et des responsabilit\u00e9s familiales.<\/p>\n\n\n\n<p>Toutes les projections du Festival de Cin\u00e9ma Latino-Am\u00e9ricain Contemporain sont gratuites, dans la limite des places disponibles.<\/p>\n\n\n\n<p>Cette programmation est une invitation \u00e0 d\u00e9couvrir d\u2019autres r\u00e9alit\u00e9s de notre r\u00e9gion \u00e0 travers des \u0153uvres qui dialoguent avec les contextes sociaux, historiques et personnels de leurs protagonistes. Le Centre de Cin\u00e9ma, rattach\u00e9 au Minist\u00e8re de la Culture et de la Jeunesse, r\u00e9affirme ainsi son engagement envers la diffusion du cin\u00e9ma latino-am\u00e9ricain et la promotion de contenus culturels de qualit\u00e9.<\/p>\n","protected":false},"excerpt":{"rendered":"<p>Le programme Pre\u00e1mbulo du Centre de Cin\u00e9ma du Minist\u00e8re de la Culture et de la Jeunesse pr\u00e9sente une nouvelle \u00e9dition du Festival de Cin\u00e9ma Latino-Am\u00e9ricain Contemporain et Territoires Paraguay. Du 28 au 31 juin, la salle G\u00f3mez Miralles accueillera une s\u00e9lection repr\u00e9sentative de la cin\u00e9matographie latino-am\u00e9ricaine et paraguayenne, avec des titres couvrant diff\u00e9rentes \u00e9poques, styles [&hellip;]<\/p>\n","protected":false},"author":14,"featured_media":4182,"comment_status":"open","ping_status":"open","sticky":false,"template":"","format":"standard","meta":{"footnotes":""},"categories":[86,102],"tags":[],"class_list":["post-4179","post","type-post","status-publish","format-standard","has-post-thumbnail","hentry","category-actualites","category-tourisme-et-culture"],"_links":{"self":[{"href":"https:\/\/peopleofcostarica.com\/fr\/wp-json\/wp\/v2\/posts\/4179","targetHints":{"allow":["GET"]}}],"collection":[{"href":"https:\/\/peopleofcostarica.com\/fr\/wp-json\/wp\/v2\/posts"}],"about":[{"href":"https:\/\/peopleofcostarica.com\/fr\/wp-json\/wp\/v2\/types\/post"}],"author":[{"embeddable":true,"href":"https:\/\/peopleofcostarica.com\/fr\/wp-json\/wp\/v2\/users\/14"}],"replies":[{"embeddable":true,"href":"https:\/\/peopleofcostarica.com\/fr\/wp-json\/wp\/v2\/comments?post=4179"}],"version-history":[{"count":1,"href":"https:\/\/peopleofcostarica.com\/fr\/wp-json\/wp\/v2\/posts\/4179\/revisions"}],"predecessor-version":[{"id":4184,"href":"https:\/\/peopleofcostarica.com\/fr\/wp-json\/wp\/v2\/posts\/4179\/revisions\/4184"}],"wp:featuredmedia":[{"embeddable":true,"href":"https:\/\/peopleofcostarica.com\/fr\/wp-json\/wp\/v2\/media\/4182"}],"wp:attachment":[{"href":"https:\/\/peopleofcostarica.com\/fr\/wp-json\/wp\/v2\/media?parent=4179"}],"wp:term":[{"taxonomy":"category","embeddable":true,"href":"https:\/\/peopleofcostarica.com\/fr\/wp-json\/wp\/v2\/categories?post=4179"},{"taxonomy":"post_tag","embeddable":true,"href":"https:\/\/peopleofcostarica.com\/fr\/wp-json\/wp\/v2\/tags?post=4179"}],"curies":[{"name":"wp","href":"https:\/\/api.w.org\/{rel}","templated":true}]}}