{"id":3686,"date":"2025-05-16T09:00:00","date_gmt":"2025-05-16T09:00:00","guid":{"rendered":"https:\/\/peopleofcostarica.com\/?p=3686"},"modified":"2025-05-13T17:12:33","modified_gmt":"2025-05-13T17:12:33","slug":"operation-casita-limpia-corcovado","status":"publish","type":"post","link":"https:\/\/peopleofcostarica.com\/fr\/operation-casita-limpia-corcovado\/","title":{"rendered":"OP\u00c9RATION \u201cCASITA LIMPIA\u201d CORCOVADO"},"content":{"rendered":"\n<p><strong>PLUS DE 200 B\u00c9N\u00c9VOLES ET 10 ORGANISATIONS S\u2019UNISSENT POUR PROT\u00c9GER LE PARC LE PLUS BIODIVERSIFI\u00c9 DE LA PLAN\u00c8TE<\/strong><\/p>\n\n\n\n<ul class=\"wp-block-list\">\n<li>Pour le 50e anniversaire du Parc National Corcovado, le Costa Rica m\u00e8ne une action historique contre la pollution marine qui menace 2,5 % de la biodiversit\u00e9 mondiale.<\/li>\n\n\n\n<li><strong>Dates :<\/strong> du 5 au 8 juin 2025. <strong>Lieu :<\/strong> Parc National Corcovado (Puerto Jim\u00e9nez et Playa Carate, p\u00e9ninsule d\u2019Osa, Costa Rica).<\/li>\n<\/ul>\n\n\n\n<h3 class=\"wp-block-heading\"><strong>UN PARC PROT\u00c9G\u00c9\u2026 ENVAHI PAR UN PROBL\u00c8ME MONDIAL<\/strong><\/h3>\n\n\n\n<p>Sur la p\u00e9ninsule d\u2019Osa, qui abrite 2,5 % de la biodiversit\u00e9 mondiale et a \u00e9t\u00e9 d\u00e9sign\u00e9e par National Geographic comme \u00ab l\u2019endroit le plus intense de la plan\u00e8te \u00bb, une bataille cl\u00e9 contre la pollution se d\u00e9roulera. Du 5 au 8 juin, 200 b\u00e9n\u00e9voles, appuy\u00e9s par le Syst\u00e8me National des Aires de Conservation (SINAC), la Chambre de Tourisme de Puerto Jim\u00e9nez, des organisations locales et internationales, des entreprises partenaires, des m\u00e9dias et l\u2019ONU Costa Rica, se mobiliseront pour nettoyer 27 km de c\u00f4tes et de sentiers envahis par des d\u00e9chets venus de diff\u00e9rentes r\u00e9gions du pays, mais aussi d\u2019Am\u00e9rique du Sud, d\u2019Afrique et d\u2019Asie.<\/p>\n\n\n\n<p>L\u2019initiative, baptis\u00e9e \u201cCasita Limpia\u201d, c\u00e9l\u00e8bre non seulement le 50e anniversaire du Parc National Corcovado, mais s\u2019inscrit aussi dans le cadre de la Journ\u00e9e mondiale de l\u2019environnement (5 juin) et de la Journ\u00e9e mondiale des oc\u00e9ans (8 juin), avec pour objectif d\u2019emp\u00eacher des dizaines de tonnes de plastique de menacer la vie des jaguars, tapirs, aigles harpies et centaines d\u2019autres esp\u00e8ces qui peuplent ce paradis naturel.<\/p>\n\n\n\n<p>\u00ab Cette campagne est n\u00e9e du d\u00e9sir d\u2019utiliser la port\u00e9e de mes r\u00e9seaux pour avoir un impact r\u00e9el dans la communaut\u00e9 qui m\u2019a adopt\u00e9e d\u00e8s mon premier voyage au Costa Rica. Parfois, les r\u00e9seaux sociaux semblent superficiels ou accablants, mais je me rappelle qu\u2019ils peuvent aussi \u00eatre des outils puissants pour cr\u00e9er du lien, sensibiliser et pousser le monde \u00e0 \u00e9voluer dans le sens que je souhaite \u00bb, a d\u00e9clar\u00e9 Evangelina Gonz\u00e1lez, cr\u00e9atrice de @alinfinitoo et coordinatrice g\u00e9n\u00e9rale de Casita Limpia.<\/p>\n\n\n\n<p>Ce sanctuaire, bien que prot\u00e9g\u00e9 avec soin par les gardes et les communaut\u00e9s locales, fait face \u00e0 un d\u00e9fi inattendu : les d\u00e9chets. Il ne s\u2019agit pas uniquement de pollution locale mais aussi de d\u00e9chets charri\u00e9s par les courants oc\u00e9aniques depuis d\u2019autres pays, qui s\u2019\u00e9chouent sur les plages les plus recul\u00e9es du parc.<\/p>\n\n\n\n<p><strong>Chiffres cl\u00e9s<\/strong><\/p>\n\n\n\n<ul class=\"wp-block-list\">\n<li>2,5 % de la biodiversit\u00e9 mondiale est concentr\u00e9e ici, sur seulement 0,001 % de la surface terrestre.<\/li>\n\n\n\n<li>Le parc abrite plus de 140 esp\u00e8ces de mammif\u00e8res, 400 esp\u00e8ces d\u2019oiseaux et 500 esp\u00e8ces d\u2019arbres.<\/li>\n\n\n\n<li>Corcovado compte 23 km de littoral o\u00f9 viennent pondre 4 esp\u00e8ces de tortues marines (luth, oliv\u00e2tre, verte et imbriqu\u00e9e).<\/li>\n\n\n\n<li>Des d\u00e9chets retrouv\u00e9s dans le parc ont parcouru plus de 12 000 km depuis d\u2019autres continents.<\/li>\n\n\n\n<li>Des bouteilles ramass\u00e9es lors de pr\u00e9c\u00e9dents nettoyages portaient des inscriptions en mandarin, cor\u00e9en et arabe.<\/li>\n\n\n\n<li>5 000 personnes se sont inscrites pour participer, t\u00e9moignant d\u2019un int\u00e9r\u00eat sans pr\u00e9c\u00e9dent.<\/li>\n\n\n\n<li>Au Costa Rica, 7 b\u00e9n\u00e9voles sur 10 sont des femmes et 60 % ont entre 18 et 35 ans.<\/li>\n\n\n\n<li>L\u2019organisation esp\u00e8re collecter environ 8 tonnes de d\u00e9chets.<\/li>\n<\/ul>\n\n\n\n<p>\u00ab Ces campagnes sont un formidable point de d\u00e9part pour soigner nos \u00e9cosyst\u00e8mes. Chaque action emp\u00eache des tonnes de d\u00e9chets d\u2019\u00e9touffer nos c\u00f4tes et active des r\u00e9seaux d\u2019alli\u00e9s engag\u00e9s pour l\u2019avenir de la plan\u00e8te. Gr\u00e2ce \u00e0 cette mobilisation collective, nous d\u00e9ployons aujourd\u2019hui des projets de durabilit\u00e9 dans cinq provinces du pays, unissant communaut\u00e9s, scientifiques et entreprises avec un objectif commun : prot\u00e9ger ce qui nous unit.<\/p>\n\n\n\n<p>Nous vous invitons \u00e0 rejoindre ce mouvement qui change d\u00e9j\u00e0 les r\u00e9alit\u00e9s. Ensemble, nous ne faisons pas que nettoyer : nous construisons un mod\u00e8le d\u2019espoir qui prouve que, lorsque les communaut\u00e9s prennent l\u2019initiative, le changement est irr\u00e9sistible \u00bb, a expliqu\u00e9 Ellian Villalobos, directeur ex\u00e9cutif de Green Wolf Costa Rica.<\/p>\n\n\n\n<h3 class=\"wp-block-heading\"><strong>DE L\u2019INFLUENCE DIGITALE \u00c0 L\u2019ACTION GLOBALE : L\u2019HISTOIRE DE \u201cCASITA LIMPIA\u201d<\/strong><\/h3>\n\n\n\n<p>L\u2019initiative est n\u00e9e lorsque la cr\u00e9atrice de contenu Evangelina Gonz\u00e1lez (@alinfinitoo), qui a visit\u00e9 le Costa Rica \u00e0 trois reprises, a \u00e9t\u00e9 profond\u00e9ment marqu\u00e9e par la culture tica et la richesse naturelle du pays. Lors d\u2019une visite r\u00e9cente au Parc National Corcovado, accompagn\u00e9e par Nito (Dionisio Paniagua), le guide le plus reconnu du parc et \u00e9galement cr\u00e9ateur de contenu, elle a \u00e9t\u00e9 t\u00e9moin d\u2019une sc\u00e8ne forte : des plages prot\u00e9g\u00e9es couvertes de bouteilles rejet\u00e9es par la mer.<\/p>\n\n\n\n<p>C\u2019est Nito qui lui a racont\u00e9 l\u2019histoire de ces bouteilles \u2014 certaines avec des inscriptions en mandarin ou en arabe \u2014 et lui a propos\u00e9 l\u2019id\u00e9e d\u2019un grand nettoyage. \u00c9mue et d\u00e9termin\u00e9e, Evan a alors d\u00e9cid\u00e9 de transformer cette conversation en action concr\u00e8te. C\u2019est ainsi qu\u2019est n\u00e9e \u201cCasita Limpia\u201d.<\/p>\n\n\n\n<p>\u00ab Le Parc National Corcovado est une banque g\u00e9n\u00e9tique, l\u2019un des derniers vestiges de for\u00eat tropicale humide du Pacifique, un refuge vital pour des esp\u00e8ces menac\u00e9es, un poumon de l\u2019Am\u00e9rique centrale. Et pour nous, habitants du sud ? C\u2019est notre moteur \u00e9conomique, le c\u0153ur qui fait vivre l\u2019\u00e9conomie locale et cr\u00e9e des opportunit\u00e9s r\u00e9elles pour les g\u00e9n\u00e9rations futures \u00bb, a expliqu\u00e9 Dionisio Paniagua, guide du parc et cr\u00e9ateur de contenu.<\/p>\n\n\n\n<h3 class=\"wp-block-heading\"><strong>COMMENT FONCTIONNERA LE M\u00c9GA NETTOYAGE ?<\/strong><\/h3>\n\n\n\n<p>L\u2019op\u00e9ration de nettoyage sera men\u00e9e \u00e0 l\u2019\u00e9chelle nationale, sous l\u2019impulsion de la communaut\u00e9 locale, et mobilisera des centaines de personnes engag\u00e9es pour prot\u00e9ger ce sanctuaire naturel.<\/p>\n\n\n\n<p>L\u2019organisation reposera sur une planification rigoureuse afin d\u2019assurer des r\u00e9sultats concrets et mesurables :<\/p>\n\n\n\n<p><strong>Des \u00e9quipes th\u00e9matiques avec des r\u00f4les pr\u00e9cis :<\/strong><\/p>\n\n\n\n<ul class=\"wp-block-list\">\n<li>Fourmis : Ramassage des d\u00e9chets sur les sentiers.<\/li>\n\n\n\n<li>\u00c9cureuils : Tri des d\u00e9chets.<\/li>\n\n\n\n<li>Baleines : Transport maritime.<\/li>\n\n\n\n<li>Singes : Logistique des ONG.<\/li>\n\n\n\n<li>Ara : Communication.<\/li>\n\n\n\n<li>Tapirs : Artistes et cr\u00e9ateurs.<\/li>\n\n\n\n<li>Jungle : Restauration et soutien.<\/li>\n<\/ul>\n\n\n\n<p><strong>Transparence et impact :<\/strong> Le processus inclura le tri et la pes\u00e9e des d\u00e9chets, la collecte de donn\u00e9es, le transport maritime et terrestre, ainsi qu\u2019un rapport d\u2019impact final.<\/p>\n\n\n\n<p><strong>H\u00e9ritage durable :<\/strong> Tous les d\u00e9chets recyclables seront pris en charge par ASAOSA, et les d\u00e9chets non valorisables seront trait\u00e9s de mani\u00e8re responsable par la municipalit\u00e9 de Puerto Jim\u00e9nez.<\/p>\n\n\n\n<p><strong>Port\u00e9e mondiale :<\/strong> Les donn\u00e9es collect\u00e9es permettront de sensibiliser et d\u2019inciter la communaut\u00e9 internationale \u00e0 agir contre la pollution marine.<\/p>\n\n\n\n<h3 class=\"wp-block-heading\"><strong>APPEL \u00c0 L\u2019ACTION<\/strong><\/h3>\n\n\n\n<p>Allegra Baiocchi, coordinatrice r\u00e9sidente de l\u2019ONU au Costa Rica, a soulign\u00e9 que cette action constitue un mod\u00e8le mondial, combinant la force des communaut\u00e9s, la science et la diplomatie environnementale.<\/p>\n\n\n\n<p>\u00ab Chaque bouteille retir\u00e9e ici sauve des esp\u00e8ces et envoie un message fort au monde : les impacts de la pollution n\u2019ont pas de fronti\u00e8res, mais les solutions non plus. Nous avons tous l\u2019obligation d\u2019assumer notre responsabilit\u00e9 et de mettre fin \u00e0 la production et \u00e0 l\u2019utilisation de plastiques \u00e0 usage unique et autres polluants. \u00bb<\/p>\n\n\n\n<p>Les Nations Unies ont \u00e9galement rappel\u00e9 que Corcovado constitue un thermom\u00e8tre environnemental : sa d\u00e9gradation alerte sur l\u2019avenir de la biodiversit\u00e9 et des oc\u00e9ans. Elles ont insist\u00e9 sur la n\u00e9cessit\u00e9 de promouvoir des mod\u00e8les de protection \u00e0 tous les niveaux : action communautaire, r\u00e9glementation \u00e9tatique et adoption de syst\u00e8mes mondiaux visant \u00e0 pr\u00e9venir la pollution et ses impacts sur la biodiversit\u00e9.<\/p>\n\n\n\n<h3 class=\"wp-block-heading\">REJOIGNEZ LE MOUVEMENT<\/h3>\n\n\n\n<p>Suivez la couverture en direct :<br><strong>Hashtags :<\/strong> #CasitaLimpia | #Operaci\u00f3nCorcovado | #SalvarEl2PorCiento<br><strong>Diffusions exclusives :<\/strong> Instagram Live de @alinfinitoo, @nitocorcovado, @onucostarica<\/p>\n\n\n\n<h3 class=\"wp-block-heading\"><strong>INFORMATIONS G\u00c9N\u00c9RALES<\/strong><\/h3>\n\n\n\n<p><strong>Dates :<\/strong> du 5 au 8 juin 2025<br><strong>Lieu :<\/strong> Parc National Corcovado \u2013 Playa Carate et Puerto Jim\u00e9nez<br><strong>B\u00e9n\u00e9voles :<\/strong> 200 participants s\u00e9lectionn\u00e9s<br><strong>Partenaires :<\/strong> Esencial Costa Rica, SINAC, ONU Costa Rica, ASAOSA, Green Wolf, Croix-Rouge, Chambre de Tourisme de Puerto Jim\u00e9nez, municipalit\u00e9 de Puerto Jim\u00e9nez, organisations environnementales, m\u00e9dias, entreprises et communaut\u00e9 locale.<\/p>\n\n\n\n<p><\/p>\n","protected":false},"excerpt":{"rendered":"<p>PLUS DE 200 B\u00c9N\u00c9VOLES ET 10 ORGANISATIONS S\u2019UNISSENT POUR PROT\u00c9GER LE PARC LE PLUS BIODIVERSIFI\u00c9 DE LA PLAN\u00c8TE UN PARC PROT\u00c9G\u00c9\u2026 ENVAHI PAR UN PROBL\u00c8ME MONDIAL Sur la p\u00e9ninsule d\u2019Osa, qui abrite 2,5 % de la biodiversit\u00e9 mondiale et a \u00e9t\u00e9 d\u00e9sign\u00e9e par National Geographic comme \u00ab l\u2019endroit le plus intense de la plan\u00e8te \u00bb, [&hellip;]<\/p>\n","protected":false},"author":14,"featured_media":3689,"comment_status":"open","ping_status":"open","sticky":false,"template":"","format":"standard","meta":{"footnotes":""},"categories":[86,90,55],"tags":[],"class_list":["post-3686","post","type-post","status-publish","format-standard","has-post-thumbnail","hentry","category-actualites","category-climat-et-environnement","category-endroits-fr"],"_links":{"self":[{"href":"https:\/\/peopleofcostarica.com\/fr\/wp-json\/wp\/v2\/posts\/3686","targetHints":{"allow":["GET"]}}],"collection":[{"href":"https:\/\/peopleofcostarica.com\/fr\/wp-json\/wp\/v2\/posts"}],"about":[{"href":"https:\/\/peopleofcostarica.com\/fr\/wp-json\/wp\/v2\/types\/post"}],"author":[{"embeddable":true,"href":"https:\/\/peopleofcostarica.com\/fr\/wp-json\/wp\/v2\/users\/14"}],"replies":[{"embeddable":true,"href":"https:\/\/peopleofcostarica.com\/fr\/wp-json\/wp\/v2\/comments?post=3686"}],"version-history":[{"count":1,"href":"https:\/\/peopleofcostarica.com\/fr\/wp-json\/wp\/v2\/posts\/3686\/revisions"}],"predecessor-version":[{"id":3691,"href":"https:\/\/peopleofcostarica.com\/fr\/wp-json\/wp\/v2\/posts\/3686\/revisions\/3691"}],"wp:featuredmedia":[{"embeddable":true,"href":"https:\/\/peopleofcostarica.com\/fr\/wp-json\/wp\/v2\/media\/3689"}],"wp:attachment":[{"href":"https:\/\/peopleofcostarica.com\/fr\/wp-json\/wp\/v2\/media?parent=3686"}],"wp:term":[{"taxonomy":"category","embeddable":true,"href":"https:\/\/peopleofcostarica.com\/fr\/wp-json\/wp\/v2\/categories?post=3686"},{"taxonomy":"post_tag","embeddable":true,"href":"https:\/\/peopleofcostarica.com\/fr\/wp-json\/wp\/v2\/tags?post=3686"}],"curies":[{"name":"wp","href":"https:\/\/api.w.org\/{rel}","templated":true}]}}