{"id":3215,"date":"2025-05-02T20:10:58","date_gmt":"2025-05-02T20:10:58","guid":{"rendered":"https:\/\/peopleofcostarica.com\/?p=3215"},"modified":"2025-05-02T20:11:05","modified_gmt":"2025-05-02T20:11:05","slug":"le-musee-national-celebrera-son-138e-anniversaire-avec-une-exposition-sur-les-objets-les-plus-anciens-de-lunivers-les-meteorites","status":"publish","type":"post","link":"https:\/\/peopleofcostarica.com\/fr\/le-musee-national-celebrera-son-138e-anniversaire-avec-une-exposition-sur-les-objets-les-plus-anciens-de-lunivers-les-meteorites\/","title":{"rendered":"Le Mus\u00e9e National c\u00e9l\u00e8brera son 138e anniversaire avec une exposition sur les objets les plus anciens de l\u2019univers : les m\u00e9t\u00e9orites"},"content":{"rendered":"\n<p><strong>Le Mus\u00e9e National du Costa Rica f\u00eatera son 138e anniversaire avec l\u2019inauguration de l\u2019exposition <em>\u00ab Voyageurs primitifs du syst\u00e8me solaire \u00bb<\/em>, une pr\u00e9sentation unique de six m\u00e9t\u00e9orites qui permettra au public costaricien de se rapprocher de certains des objets les plus anciens de l\u2019univers.<\/strong><\/p>\n\n\n\n<ul class=\"wp-block-list\">\n<li><em>\u00ab Voyageurs primitifs du syst\u00e8me solaire \u00bb<\/em> exposera six m\u00e9t\u00e9orites, dont un fragment de l\u2019impact \u00e0 Aguas Zarcas<\/li>\n\n\n\n<li>L\u2019exposition ouvrira ses portes dans le cadre d\u2019un festival culturel avec contes, concert, th\u00e9\u00e2tre familial, foire artisanale et cuisine traditionnelle, ce dimanche 4 mai<\/li>\n\n\n\n<li>Entr\u00e9e gratuite pour les nationaux et les r\u00e9sidents<\/li>\n<\/ul>\n\n\n\n<p>San Jos\u00e9, le 2 mai 2025 \u2013 Le Mus\u00e9e National du Costa Rica (MNCR) c\u00e9l\u00e8brera son 138e anniversaire avec l\u2019ouverture de l\u2019exposition <em>\u00ab Voyageurs primitifs du syst\u00e8me solaire \u00bb<\/em>, une pr\u00e9sentation exceptionnelle de six m\u00e9t\u00e9orites qui permettra au public costaricien de d\u00e9couvrir certains des objets les plus anciens de l\u2019univers.<\/p>\n\n\n\n<p>L\u2019exposition, qui sera inaugur\u00e9e ce dimanche 4 mai \u00e0 9h, pr\u00e9sente des m\u00e9t\u00e9orites originaires d\u2019Australie, de Russie, de Namibie, d\u2019Argentine et du Costa Rica, dont un fragment du m\u00e9t\u00e9orite d\u2019Aguas Zarcas, tomb\u00e9 \u00e0 San Carlos en 2019, et qui a suscit\u00e9 un grand int\u00e9r\u00eat au niveau national et international en raison de sa composition riche en carbone.<\/p>\n\n\n\n<p>Avec une approche accessible et p\u00e9dagogique, l\u2019exposition invite \u00e0 d\u00e9couvrir les caract\u00e9ristiques physiques et chimiques des m\u00e9t\u00e9orites, leurs diff\u00e9rences avec d\u2019autres corps c\u00e9lestes, ainsi que leur importance pour l\u2019\u00e9tude de l\u2019origine du syst\u00e8me solaire et de la vie. Cette exposition temporaire sera install\u00e9e \u00e0 la fin de la salle d\u2019histoire du Costa Rica et, lors de son inauguration, la g\u00e9ologue Joanna M\u00e9ndez, commissaire de l\u2019exposition, sera pr\u00e9sente pour partager ses connaissances avec les visiteurs.<\/p>\n\n\n\n<p>En plus de l\u2019exposition, le MNCR a organis\u00e9 un festival culturel pour c\u00e9l\u00e9brer son 138e anniversaire, avec un programme vari\u00e9 et gratuit \u00e0 destination du grand public. Voici le programme d\u00e9taill\u00e9 :<\/p>\n\n\n\n<h3 class=\"wp-block-heading\"><strong>Programme | 138e anniversaire du Mus\u00e9e National du Costa Rica<\/strong><\/h3>\n\n\n\n<p><strong>9h30 \u2013 10h30 | Conte<\/strong><br>Dans un langage familier et divertissant, accompagn\u00e9 \u00e0 la guitare et en interaction avec le public, le conteur et communicateur Rodolfo Gonz\u00e1lez amusera les visiteurs avec des r\u00e9cits, po\u00e8mes et extraits adapt\u00e9s des \u0153uvres du scientifique costaricien Anastasio Alfaro.<br>Parmi les r\u00e9cits figurent <em>\u00ab Le Dauphin de Corubic\u00ed \u00bb<\/em> (1923), un roman qui transporte dans le monde indig\u00e8ne pr\u00e9colombien \u00e0 travers une aventure dans la p\u00e9ninsule de Nicoya, pleine de rencontres, de danses et de traditions. D\u2019autres histoires telles que <em>El Farolelo, Ascension au volcan Iraz\u00fa, Le Grand-P\u00e8re<\/em> et <em>C\u00e9ramique Chorotega<\/em> m\u00ealent science et narration dans un style unique.<\/p>\n\n\n\n<p><strong>11h \u2013 12h | Concert de l\u2019Orchestre symphonique \u00e9l\u00e9mentaire de l\u2019Institut National de Musique<\/strong><br>L\u2019Orchestre symphonique \u00e9l\u00e9mentaire de l\u2019Institut National de Musique offrira un concert sp\u00e9cial avec un r\u00e9pertoire con\u00e7u pour tous les publics. La repr\u00e9sentation inclura des \u0153uvres inspir\u00e9es de l\u2019univers, comme <em>Jupiter<\/em> de la suite <em>Les Plan\u00e8tes<\/em> de Gustav Holst, des extraits de <em>Fantasia 2000<\/em>, le th\u00e8me de <em>Batman<\/em>, entre autres pi\u00e8ces c\u00e9l\u00e8bres. L\u2019ensemble est compos\u00e9 de 55 jeunes musiciens dirig\u00e9s par le maestro Walter Jim\u00e9nez.<\/p>\n\n\n\n<p><strong>13h30 \u2013 14h30 | Spectacle th\u00e9\u00e2tral \u00ab Voyage en com\u00e8te \u00bb<\/strong><br>Cette mise en sc\u00e8ne raconte l\u2019histoire d\u2019Art\u00e9mise, une jeune astronaute qui, dans un r\u00eave \u00e9veill\u00e9, arrive sur la lune. Sur le chemin du retour, elle voyage sur une com\u00e8te qui la m\u00e8ne \u00e0 travers divers corps c\u00e9lestes : ast\u00e9ro\u00efdes, plan\u00e8tes et lunes, jusqu\u2019\u00e0 atterrir sur une m\u00e9t\u00e9orite.<br>Le spectacle int\u00e8gre des \u00e9l\u00e9ments visuels et sc\u00e9niques comme des marionnettes, de la musique originale, des projections et des effets de lumi\u00e8re noire, cr\u00e9ant une exp\u00e9rience immersive pour tous les \u00e2ges.<\/p>\n\n\n\n<p><strong>9h \u2013 16h | Foire artisanale et gastronomie traditionnelle<\/strong><br>Dans le cadre de son engagement pour la promotion culturelle et le soutien aux entrepreneurs, le Mus\u00e9e National organise une foire avec la participation d\u2019artisans et de producteurs locaux. Le public pourra y acheter des pi\u00e8ces artistiques, de l\u2019artisanat, des min\u00e9raux et des roches, ainsi que d\u00e9guster une large vari\u00e9t\u00e9 de plats typiques.<br>Voici quelques-uns des artisans et entrepreneurs pr\u00e9sents :<\/p>\n\n\n\n<ul class=\"wp-block-list\">\n<li><strong>Monteverde Stones<\/strong> : Bijoux, pierres et objets de d\u00e9coration.<\/li>\n\n\n\n<li><strong>Bendita Colmena<\/strong> : Bougies en cire d\u2019abeille et miels naturels.<\/li>\n\n\n\n<li><strong>Joyer\u00eda Taabit<\/strong> : Bijoux en pierres, calebasses et noix de coco, inspir\u00e9s de motifs architecturaux et patrimoniaux.<\/li>\n\n\n\n<li><strong>B for Poppins<\/strong> : Bijoux en argent avec feuilles, fleurs et graines naturelles encapsul\u00e9es dans de la r\u00e9sine.<\/li>\n\n\n\n<li><strong>Pollen Keepers<\/strong> : Miels purs, crus, infus\u00e9s, cr\u00e9meux, et plus encore.<\/li>\n<\/ul>\n\n\n\n<p>L\u2019entr\u00e9e au festival et \u00e0 l\u2019exposition des m\u00e9t\u00e9orites sera gratuite ce dimanche 4 mai pour les nationaux et les r\u00e9sidents, sur pr\u00e9sentation d\u2019un document d\u2019identit\u00e9.<\/p>\n\n\n\n<h3 class=\"wp-block-heading\"><strong>\u00c0 propos du Mus\u00e9e National du Costa Rica<\/strong><\/h3>\n\n\n\n<p>Fond\u00e9 le 4 mai 1887, sous la pr\u00e9sidence de Bernardo Soto, le Mus\u00e9e National fut cr\u00e9\u00e9 afin de doter le pays d\u2019un \u00e9tablissement public destin\u00e9 \u00e0 accueillir, classer et \u00e9tudier les objets naturels et artistiques.<\/p>\n\n\n\n<p>D\u00e8s ses d\u00e9buts, le Mus\u00e9e National du Costa Rica (MNCR) s\u2019est orient\u00e9 vers la recherche scientifique, l\u2019\u00e9ducation, les expositions et la d\u00e9fense du patrimoine culturel et naturel. Parmi les figures marquantes de ses origines figurent Anastasio Alfaro, Henri Pittier, Pablo Biolley, Jos\u00e9 C\u00e1stulo Zeled\u00f3n, Adolfo Tonduz, Mar\u00eda Fern\u00e1ndez de Tinoco et Jos\u00e9 Fidel Trist\u00e1n, entre autres.<\/p>\n\n\n\n<p>Avant de s\u2019installer dans l\u2019ancien <em>Cuartel Bellavista<\/em>, le MNCR a occup\u00e9 quatre b\u00e2timents diff\u00e9rents, dont les trois premiers ont \u00e9t\u00e9 d\u00e9molis :<\/p>\n\n\n\n<ul class=\"wp-block-list\">\n<li>De 1887 \u00e0 1896, il \u00e9tait situ\u00e9 dans le b\u00e2timent de l\u2019Universit\u00e9 de Santo Tom\u00e1s.<\/li>\n\n\n\n<li>De 1896 \u00e0 1903, il se trouvait dans les jardins d\u2019<em>El Laberinto<\/em>, dans le secteur sud de San Jos\u00e9.<\/li>\n\n\n\n<li>De 1903 \u00e0 1949, il occupait l\u2019ancien b\u00e2timent du Lyc\u00e9e du Costa Rica, aujourd\u2019hui si\u00e8ge de la Caisse costaricienne de s\u00e9curit\u00e9 sociale.<\/li>\n\n\n\n<li>Depuis 1950, le MNCR est install\u00e9 dans l\u2019ancien <em>Cuartel Bellavista<\/em>.<\/li>\n<\/ul>\n","protected":false},"excerpt":{"rendered":"<p>Le Mus\u00e9e National du Costa Rica f\u00eatera son 138e anniversaire avec l\u2019inauguration de l\u2019exposition \u00ab Voyageurs primitifs du syst\u00e8me solaire \u00bb, une pr\u00e9sentation unique de six m\u00e9t\u00e9orites qui permettra au public costaricien de se rapprocher de certains des objets les plus anciens de l\u2019univers. San Jos\u00e9, le 2 mai 2025 \u2013 Le Mus\u00e9e National du [&hellip;]<\/p>\n","protected":false},"author":14,"featured_media":3221,"comment_status":"open","ping_status":"open","sticky":false,"template":"","format":"standard","meta":{"footnotes":""},"categories":[86],"tags":[],"class_list":["post-3215","post","type-post","status-publish","format-standard","has-post-thumbnail","hentry","category-actualites"],"_links":{"self":[{"href":"https:\/\/peopleofcostarica.com\/fr\/wp-json\/wp\/v2\/posts\/3215","targetHints":{"allow":["GET"]}}],"collection":[{"href":"https:\/\/peopleofcostarica.com\/fr\/wp-json\/wp\/v2\/posts"}],"about":[{"href":"https:\/\/peopleofcostarica.com\/fr\/wp-json\/wp\/v2\/types\/post"}],"author":[{"embeddable":true,"href":"https:\/\/peopleofcostarica.com\/fr\/wp-json\/wp\/v2\/users\/14"}],"replies":[{"embeddable":true,"href":"https:\/\/peopleofcostarica.com\/fr\/wp-json\/wp\/v2\/comments?post=3215"}],"version-history":[{"count":1,"href":"https:\/\/peopleofcostarica.com\/fr\/wp-json\/wp\/v2\/posts\/3215\/revisions"}],"predecessor-version":[{"id":3222,"href":"https:\/\/peopleofcostarica.com\/fr\/wp-json\/wp\/v2\/posts\/3215\/revisions\/3222"}],"wp:featuredmedia":[{"embeddable":true,"href":"https:\/\/peopleofcostarica.com\/fr\/wp-json\/wp\/v2\/media\/3221"}],"wp:attachment":[{"href":"https:\/\/peopleofcostarica.com\/fr\/wp-json\/wp\/v2\/media?parent=3215"}],"wp:term":[{"taxonomy":"category","embeddable":true,"href":"https:\/\/peopleofcostarica.com\/fr\/wp-json\/wp\/v2\/categories?post=3215"},{"taxonomy":"post_tag","embeddable":true,"href":"https:\/\/peopleofcostarica.com\/fr\/wp-json\/wp\/v2\/tags?post=3215"}],"curies":[{"name":"wp","href":"https:\/\/api.w.org\/{rel}","templated":true}]}}