{"id":3098,"date":"2025-04-24T15:27:45","date_gmt":"2025-04-24T15:27:45","guid":{"rendered":"https:\/\/peopleofcostarica.com\/?p=3098"},"modified":"2025-04-24T15:27:51","modified_gmt":"2025-04-24T15:27:51","slug":"alerte-rouge-au-volcan-poas-un-mois-dactivite-volcanique-soutenue-dans-la-cordillere-centrale","status":"publish","type":"post","link":"https:\/\/peopleofcostarica.com\/fr\/alerte-rouge-au-volcan-poas-un-mois-dactivite-volcanique-soutenue-dans-la-cordillere-centrale\/","title":{"rendered":"Alerte rouge au Volcan Po\u00e1s : Un mois d\u2019activit\u00e9 volcanique soutenue dans la Cordill\u00e8re Centrale"},"content":{"rendered":"\n<p>Le 23 avril 2025, la Commission nationale de pr\u00e9vention des risques et d\u2019intervention d\u2019urgence (CNE) a d\u00e9clar\u00e9 l\u2019\u00e9tat d\u2019alerte rouge pour le Parc National du Volcan Po\u00e1s, en raison d\u2019une augmentation soutenue de l\u2019activit\u00e9 volcanique observ\u00e9e depuis le d\u00e9but de l\u2019ann\u00e9e. Cette mesure a \u00e9t\u00e9 appuy\u00e9e par des rapports techniques du Comit\u00e9 consultatif technique en volcanologie et sismologie, compos\u00e9 de l\u2019OVSICORI-UNA, du R\u00e9seau sismologique national (RSN) de l\u2019ICE-UCR et du Laboratoire de chimie de l\u2019atmosph\u00e8re de l\u2019UNA (LAQAT), en coordination avec le SINAC-MINAE.<\/p>\n\n\n\n<p>Depuis le 23 mars 2025, les sp\u00e9cialistes ont constat\u00e9 une transition du volcan vers une phase \u00e9ruptive plus active. Les \u00e9ruptions ont \u00e9t\u00e9 particuli\u00e8rement \u00e9nerg\u00e9tiques, atteignant des hauteurs allant jusqu\u2019\u00e0 4 500 m\u00e8tres au-dessus du crat\u00e8re. Ces explosions ont \u00e9t\u00e9 accompagn\u00e9es d\u2019\u00e9missions intenses de cendres, de gaz volcaniques et de projections balistiques de mat\u00e9riaux rocheux. En outre, les syst\u00e8mes de surveillance ont enregistr\u00e9 une activit\u00e9 sismique notable, des d\u00e9formations du terrain et d\u2019autres signes caract\u00e9ristiques d\u2019un volcan en processus \u00e9ruptif.<\/p>\n\n\n\n<p>La CNE a d\u00e9fini diff\u00e9rents niveaux d\u2019alerte en fonction de la localisation et du niveau d\u2019exposition au risque. Une alerte rouge a \u00e9t\u00e9 d\u00e9clar\u00e9e exclusivement pour le Parc National du Volcan Po\u00e1s, ce qui implique la suspension des activit\u00e9s \u00e0 l\u2019int\u00e9rieur de l\u2019aire prot\u00e9g\u00e9e. Par ailleurs, une alerte orange a \u00e9t\u00e9 \u00e9mise pour les cantons de Grecia et Sarch\u00ed, o\u00f9 des chutes de cendres et des odeurs de gaz volcaniques ont \u00e9t\u00e9 signal\u00e9es dans des zones urbaines et rurales. Enfin, une alerte jaune a \u00e9t\u00e9 instaur\u00e9e pour les cantons d\u2019Alajuela, Po\u00e1s, Naranjo, R\u00edo Cuarto et Zarcero, dans lesquels une surveillance active est maintenue face \u00e0 la possibilit\u00e9 d\u2019effets indirects.<\/p>\n\n\n\n<figure class=\"wp-block-image size-full is-resized\"><img fetchpriority=\"high\" decoding=\"async\" width=\"884\" height=\"663\" src=\"https:\/\/peopleofcostarica.com\/wp-content\/uploads\/2025\/04\/poas-9.png\" alt=\"\" class=\"wp-image-3104\" style=\"width:619px;height:auto\" srcset=\"https:\/\/peopleofcostarica.com\/wp-content\/uploads\/2025\/04\/poas-9.png 884w, https:\/\/peopleofcostarica.com\/wp-content\/uploads\/2025\/04\/poas-9-300x225.png 300w, https:\/\/peopleofcostarica.com\/wp-content\/uploads\/2025\/04\/poas-9-768x576.png 768w\" sizes=\"(max-width: 884px) 100vw, 884px\" \/><\/figure>\n\n\n\n<p>Les effets de l\u2019activit\u00e9 volcanique se sont manifest\u00e9s sur plusieurs fronts. \u00c0 l\u2019int\u00e9rieur du parc national, l\u2019accumulation de cendres a recouvert le mirador principal, le centre des visiteurs et les terrasses situ\u00e9es au nord et \u00e0 l\u2019ouest du crat\u00e8re. Dans des zones plus \u00e9loign\u00e9es, des signalements font \u00e9tat d\u2019odeurs de soufre et de retomb\u00e9es l\u00e9g\u00e8res de cendres. Des dommages ont \u00e9galement \u00e9t\u00e9 constat\u00e9s dans des p\u00e2turages, cultures et zones d\u2019\u00e9levage dans les communaut\u00e9s proches.<\/p>\n\n\n\n<p>L\u2019un des risques les plus importants signal\u00e9s par les experts est la possible formation de lahars, c\u2019est-\u00e0-dire des coul\u00e9es de boue volcaniques charg\u00e9es de cendres, en cas de fortes pluies au sommet du volcan. Une accumulation significative de mat\u00e9riaux volcaniques a \u00e9t\u00e9 identifi\u00e9e \u00e0 l\u2019ouest du crat\u00e8re, principalement au niveau des sources des rivi\u00e8res Desag\u00fce, Anonos, Gorri\u00f3n et Agrio. Ces conditions pourraient favoriser un d\u00e9placement soudain des s\u00e9diments vers les parties basses des bassins versants.<\/p>\n\n\n\n<p>Face \u00e0 ce sc\u00e9nario, la CNE a demand\u00e9 aux autorit\u00e9s locales et aux comit\u00e9s d\u2019urgence de renforcer les mesures de surveillance et de s\u00e9curit\u00e9. Il est \u00e9galement recommand\u00e9 de maintenir une communication constante entre les institutions et les communaut\u00e9s, et d\u2019utiliser uniquement des sources officielles pour obtenir des informations actualis\u00e9es. Les populations proches doivent rester attentives aux rapports techniques et \u00e9viter d\u2019entrer dans les zones non autoris\u00e9es.<\/p>\n\n\n\n<p>Ce nouvel \u00e9pisode du Volcan Po\u00e1s confirme la nature dynamique du syst\u00e8me volcanique costaricien et l\u2019importance de la gestion des risques dans un pays dont la g\u00e9ographie est fa\u00e7onn\u00e9e par des forces g\u00e9ologiques actives. L\u2019activit\u00e9 volcanique, bien qu\u2019elle repr\u00e9sente un risque pour les communaut\u00e9s et les \u00e9cosyst\u00e8mes, fait partie int\u00e9grante de l\u2019environnement naturel du pays et n\u00e9cessite une surveillance continue, ainsi qu\u2019une planification ad\u00e9quate en mati\u00e8re de protection civile et de conservation environnementale.<\/p>\n","protected":false},"excerpt":{"rendered":"<p>Le 23 avril 2025, la Commission nationale de pr\u00e9vention des risques et d\u2019intervention d\u2019urgence (CNE) a d\u00e9clar\u00e9 l\u2019\u00e9tat d\u2019alerte rouge pour le Parc National du Volcan Po\u00e1s, en raison d\u2019une augmentation soutenue de l\u2019activit\u00e9 volcanique observ\u00e9e depuis le d\u00e9but de l\u2019ann\u00e9e. Cette mesure a \u00e9t\u00e9 appuy\u00e9e par des rapports techniques du Comit\u00e9 consultatif technique en [&hellip;]<\/p>\n","protected":false},"author":14,"featured_media":3101,"comment_status":"open","ping_status":"open","sticky":false,"template":"","format":"standard","meta":{"footnotes":""},"categories":[86,90,55],"tags":[],"class_list":["post-3098","post","type-post","status-publish","format-standard","has-post-thumbnail","hentry","category-actualites","category-climat-et-environnement","category-endroits-fr"],"_links":{"self":[{"href":"https:\/\/peopleofcostarica.com\/fr\/wp-json\/wp\/v2\/posts\/3098","targetHints":{"allow":["GET"]}}],"collection":[{"href":"https:\/\/peopleofcostarica.com\/fr\/wp-json\/wp\/v2\/posts"}],"about":[{"href":"https:\/\/peopleofcostarica.com\/fr\/wp-json\/wp\/v2\/types\/post"}],"author":[{"embeddable":true,"href":"https:\/\/peopleofcostarica.com\/fr\/wp-json\/wp\/v2\/users\/14"}],"replies":[{"embeddable":true,"href":"https:\/\/peopleofcostarica.com\/fr\/wp-json\/wp\/v2\/comments?post=3098"}],"version-history":[{"count":1,"href":"https:\/\/peopleofcostarica.com\/fr\/wp-json\/wp\/v2\/posts\/3098\/revisions"}],"predecessor-version":[{"id":3107,"href":"https:\/\/peopleofcostarica.com\/fr\/wp-json\/wp\/v2\/posts\/3098\/revisions\/3107"}],"wp:featuredmedia":[{"embeddable":true,"href":"https:\/\/peopleofcostarica.com\/fr\/wp-json\/wp\/v2\/media\/3101"}],"wp:attachment":[{"href":"https:\/\/peopleofcostarica.com\/fr\/wp-json\/wp\/v2\/media?parent=3098"}],"wp:term":[{"taxonomy":"category","embeddable":true,"href":"https:\/\/peopleofcostarica.com\/fr\/wp-json\/wp\/v2\/categories?post=3098"},{"taxonomy":"post_tag","embeddable":true,"href":"https:\/\/peopleofcostarica.com\/fr\/wp-json\/wp\/v2\/tags?post=3098"}],"curies":[{"name":"wp","href":"https:\/\/api.w.org\/{rel}","templated":true}]}}