{"id":2748,"date":"2025-04-02T16:54:26","date_gmt":"2025-04-02T16:54:26","guid":{"rendered":"https:\/\/peopleofcostarica.com\/?p=2748"},"modified":"2025-04-02T16:54:37","modified_gmt":"2025-04-02T16:54:37","slug":"lancien-president-et-prix-nobel-de-la-paix-oscar-arias-est-informe-de-lannulation-de-son-visa-americain","status":"publish","type":"post","link":"https:\/\/peopleofcostarica.com\/fr\/lancien-president-et-prix-nobel-de-la-paix-oscar-arias-est-informe-de-lannulation-de-son-visa-americain\/","title":{"rendered":"L\u2019ancien pr\u00e9sident et prix Nobel de la paix \u00d3scar Arias est inform\u00e9 de l\u2019annulation de son visa am\u00e9ricain"},"content":{"rendered":"\n<p>La r\u00e9vocation du visa am\u00e9ricain d\u2019\u00d3scar Arias a suscit\u00e9 une vague de sp\u00e9culations et de r\u00e9actions au Costa Rica et \u00e0 l\u2019\u00e9chelle internationale. L\u2019ancien pr\u00e9sident costaricien, qui a re\u00e7u le prix Nobel de la paix en 1987 pour ses efforts en faveur de la paix en Am\u00e9rique centrale, a \u00e9t\u00e9 une figure cl\u00e9 de la politique r\u00e9gionale et mondiale. L\u2019annulation de son visa par le gouvernement des \u00c9tats-Unis a non seulement attir\u00e9 l\u2019attention par son ampleur, mais aussi par les implications diplomatiques qu\u2019elle pourrait entra\u00eener pour les relations entre le Costa Rica et les \u00c9tats-Unis.<\/p>\n\n\n\n<p>Cet incident est devenu un point de bascule, soulevant des questions sur les raisons ayant motiv\u00e9 cette d\u00e9cision, l\u2019absence d\u2019explications officielles et les r\u00e9percussions possibles sur la sc\u00e8ne internationale. Dans cet article, nous explorerons les faits, les raisons potentielles ayant conduit \u00e0 cette annulation, les r\u00e9actions nationales et internationales, ainsi que l\u2019impact de cet \u00e9v\u00e9nement sur la figure d\u2019Arias et sur les relations diplomatiques entre les deux pays.<\/p>\n\n\n\n<h3 class=\"wp-block-heading\"><strong>Le contexte de l\u2019annulation du visa<\/strong><\/h3>\n\n\n\n<p>Le 1er avril 2025, \u00d3scar Arias, ancien pr\u00e9sident du Costa Rica et prix Nobel de la paix, a \u00e9t\u00e9 inform\u00e9 que son visa am\u00e9ricain avait \u00e9t\u00e9 r\u00e9voqu\u00e9 sans explication claire de la part du gouvernement des \u00c9tats-Unis. L\u2019annulation du visa d\u2019une personnalit\u00e9 publique aussi \u00e9minente a suscit\u00e9 de nombreuses interrogations, et le sujet est rapidement devenu un th\u00e8me de d\u00e9bat tant au Costa Rica que sur la sc\u00e8ne internationale.<\/p>\n\n\n\n<p>La d\u00e9cision a \u00e9t\u00e9 prise \u00e0 un moment o\u00f9 les relations diplomatiques entre Arias et certains secteurs du gouvernement am\u00e9ricain \u00e9taient tendues, en particulier en raison des critiques formul\u00e9es par l\u2019ancien pr\u00e9sident costaricien \u00e0 l\u2019encontre des politiques de l\u2019administration de Donald Trump. Dans plusieurs discours et interviews, Arias avait exprim\u00e9 son d\u00e9saccord avec la politique \u00e9trang\u00e8re des \u00c9tats-Unis, allant jusqu\u2019\u00e0 comparer le pr\u00e9sident Trump \u00e0 un \u00ab empereur romain \u00bb, ce qui a eu des r\u00e9percussions sur les relations bilat\u00e9rales.<\/p>\n\n\n\n<p>Arias a toujours \u00e9t\u00e9 un fervent d\u00e9fenseur des droits humains et un critique des interventions militaires des \u00c9tats-Unis en Am\u00e9rique latine et dans d\u2019autres r\u00e9gions du monde. Sa position face \u00e0 la politique internationale am\u00e9ricaine, en particulier durant son second mandat pr\u00e9sidentiel, refl\u00e9tait ses principes en mati\u00e8re de paix, de d\u00e9sarmement et de respect de la souverainet\u00e9 des nations. Ces d\u00e9clarations pourraient avoir influenc\u00e9 la d\u00e9cision de Washington, bien qu\u2019aucune justification officielle n\u2019ait \u00e9t\u00e9 donn\u00e9e quant aux raisons pr\u00e9cises de la r\u00e9vocation de son visa.<\/p>\n\n\n\n<p>Dans un premier temps, l\u2019absence d\u2019explication publique claire des autorit\u00e9s am\u00e9ricaines a laiss\u00e9 place \u00e0 diverses interpr\u00e9tations quant \u00e0 la port\u00e9e r\u00e9elle de cette mesure. \u00c9tait-ce une r\u00e9ponse \u00e0 ses critiques politiques ? Ou s\u2019agissait-il d\u2019une d\u00e9cision li\u00e9e aux dynamiques diplomatiques entre le Costa Rica et les \u00c9tats-Unis ? Le manque de transparence dans ce processus a accru l\u2019incertitude et donn\u00e9 lieu \u00e0 des sp\u00e9culations tant au niveau national qu\u2019international.<\/p>\n\n\n\n<h2 class=\"wp-block-heading\"><strong>R\u00e9actions nationales et internationales<\/strong><\/h2>\n\n\n\n<h3 class=\"wp-block-heading\"><strong>R\u00e9actions au Costa Rica<\/strong><\/h3>\n\n\n\n<p>La r\u00e9vocation du visa d\u2019\u00d3scar Arias n\u2019est pas pass\u00e9e inaper\u00e7ue au Costa Rica, o\u00f9 sa figure est l\u2019une des plus influentes de la politique nationale. Les r\u00e9actions n\u2019ont pas tard\u00e9, et plusieurs personnalit\u00e9s politiques ainsi que des citoyens ont exprim\u00e9 leur surprise et leur inqui\u00e9tude face \u00e0 la d\u00e9cision prise par les \u00c9tats-Unis.<\/p>\n\n\n\n<p>Dans le monde politique, plusieurs dirigeants ont exprim\u00e9 leur soutien \u00e0 Arias et ont remis en question les raisons de l\u2019annulation de son visa. La pr\u00e9sidence de la R\u00e9publique s\u2019est montr\u00e9e prudente, mais a \u00e9galement fait part de sa pr\u00e9occupation quant au manque de transparence du processus. Le pr\u00e9sident costaricien, ainsi que plusieurs membres du Congr\u00e8s, ont estim\u00e9 que la d\u00e9cision des \u00c9tats-Unis devait \u00eatre clarifi\u00e9e publiquement, une mesure de cette nature pouvant avoir des r\u00e9percussions sur la relation bilat\u00e9rale entre les deux pays.<\/p>\n\n\n\n<p>De leur c\u00f4t\u00e9, certains secteurs proches de l\u2019opposition politique n\u2019ont pas tard\u00e9 \u00e0 souligner que cet \u00e9v\u00e9nement pourrait refl\u00e9ter les tensions diplomatiques accrues au cours des derni\u00e8res ann\u00e9es, dues aux divergences de politique entre les gouvernements du Costa Rica et des \u00c9tats-Unis, en particulier sur les questions commerciales et internationales. Toutefois, d\u2019autres ont estim\u00e9 que cette r\u00e9vocation pourrait avoir peu d\u2019impact \u00e0 long terme sur la relation bilat\u00e9rale, soulignant que le Costa Rica reste un alli\u00e9 important des \u00c9tats-Unis dans la r\u00e9gion.<\/p>\n\n\n\n<h3 class=\"wp-block-heading\"><strong>R\u00e9actions internationales<\/strong><\/h3>\n\n\n\n<p>\u00c0 l\u2019\u00e9tranger, la nouvelle de la r\u00e9vocation du visa d\u2019\u00d3scar Arias a \u00e9galement \u00e9t\u00e9 suivie de pr\u00e8s par les m\u00e9dias internationaux, des experts en relations internationales et des organisations de d\u00e9fense des droits humains. Certains analystes ont avanc\u00e9 que cette d\u00e9cision pourrait s\u2019inscrire dans une politique plus large des \u00c9tats-Unis \u00e0 l\u2019\u00e9gard de certains dirigeants critiques de leur administration, tandis que d\u2019autres ont suppos\u00e9 que la mesure \u00e9tait li\u00e9e aux tensions g\u00e9opolitiques qui surgissent lorsque des figures influentes s\u2019opposent \u00e0 la politique \u00e9trang\u00e8re de Washington.<\/p>\n\n\n\n<p>Dans le domaine de la diplomatie internationale, nombreux sont ceux qui ont exprim\u00e9 leur inqui\u00e9tude quant aux implications de cette r\u00e9vocation sur la libert\u00e9 d\u2019expression des figures politiques et leur capacit\u00e9 \u00e0 participer au d\u00e9bat mondial. Des organisations internationales \u0153uvrant pour la paix et la r\u00e9solution des conflits, telles que l\u2019ONU, ont montr\u00e9 un int\u00e9r\u00eat pour l\u2019affaire, bien que sans prendre de position officielle.<\/p>\n\n\n\n<h2 class=\"wp-block-heading\"><strong>Le contexte diplomatique et juridique<\/strong><\/h2>\n\n\n\n<h3 class=\"wp-block-heading\"><strong>La r\u00e9vocation des visas dans la diplomatie internationale<\/strong><\/h3>\n\n\n\n<p>La r\u00e9vocation du visa d\u2019\u00d3scar Arias n\u2019est pas un \u00e9v\u00e9nement isol\u00e9 dans la diplomatie internationale, o\u00f9 les visas peuvent \u00eatre utilis\u00e9s comme outil de pression politique. Toutefois, le cas d\u2019Arias est unique en raison de son statut de prix Nobel de la paix et de son pass\u00e9 de m\u00e9diateur dans des conflits internationaux. Cet \u00e9v\u00e9nement soul\u00e8ve des questions sur l\u2019utilisation de l\u2019annulation de visas comme un moyen d\u2019influencer les positions de figures publiques et de dirigeants internationaux.<\/p>\n\n\n\n<p>Historiquement, les \u00c9tats-Unis ont utilis\u00e9 la r\u00e9vocation de visas comme un levier pour faire pression sur des individus consid\u00e9r\u00e9s comme une menace pour leurs int\u00e9r\u00eats ou qui s\u2019opposent ouvertement \u00e0 leurs politiques. Cette mesure a d\u00e9j\u00e0 \u00e9t\u00e9 appliqu\u00e9e \u00e0 divers dirigeants et personnalit\u00e9s publiques ayant critiqu\u00e9 le gouvernement am\u00e9ricain ou \u00e9tant associ\u00e9s \u00e0 des gouvernements en d\u00e9saccord avec Washington.<\/p>\n\n\n\n<p>Dans le cas d\u2019\u00d3scar Arias, ses critiques r\u00e9currentes envers l\u2019administration Trump, ajout\u00e9es \u00e0 sa position sur divers sujets de politique internationale, pourraient avoir jou\u00e9 un r\u00f4le dans la d\u00e9cision de r\u00e9voquer son visa. Bien qu\u2019aucune explication officielle n\u2019ait \u00e9t\u00e9 fournie par le D\u00e9partement d\u2019\u00c9tat am\u00e9ricain, la r\u00e9vocation de visas \u00e0 des dirigeants internationaux n\u2019est pas rare, mais elle l\u2019est dans le cas d\u2019une personnalit\u00e9 aussi respect\u00e9e pour son engagement en faveur de la paix et de la diplomatie.<\/p>\n\n\n\n<h3 class=\"wp-block-heading\"><strong>Aspects juridiques<\/strong><\/h3>\n\n\n\n<p>D\u2019un point de vue juridique, le gouvernement am\u00e9ricain a l\u2019autorit\u00e9 de r\u00e9voquer des visas sans avoir \u00e0 fournir une justification publique. Cela est pr\u00e9vu par les r\u00e9glementations migratoires et diplomatiques des \u00c9tats-Unis, qui permettent au D\u00e9partement d\u2019\u00c9tat de retirer un visa s\u2019il estime que la personne repr\u00e9sente une menace pour la s\u00e9curit\u00e9 nationale ou est impliqu\u00e9e dans des activit\u00e9s contraires aux int\u00e9r\u00eats du pays. Toutefois, le manque de transparence de ce processus reste source de controverse.<\/p>\n\n\n\n<p>Dans le cas d\u2019Arias, on ignore si la r\u00e9vocation du visa repose sur un fondement juridique sp\u00e9cifique ou s\u2019il s\u2019agit d\u2019une mesure davantage politique. Dans tous les cas, cette d\u00e9cision ouvre un d\u00e9bat sur les limites du pouvoir diplomatique et sur la possibilit\u00e9 que ce type de mesure soit utilis\u00e9 comme forme de censure ou de pression politique. Arias, quant \u00e0 lui, n\u2019a pas encore donn\u00e9 de r\u00e9ponse publique d\u00e9taill\u00e9e quant \u00e0 ses intentions de recours en justice, bien que certains observateurs sp\u00e9culent sur une \u00e9ventuelle demande de clarification par des canaux diplomatiques ou juridiques.<\/p>\n\n\n\n<h2 class=\"wp-block-heading\"><strong>La figure d\u2019\u00d3scar Arias et sa relation avec les \u00c9tats-Unis<\/strong><\/h2>\n\n\n\n<h3 class=\"wp-block-heading\"><strong>Arias en tant que leader international<\/strong><\/h3>\n\n\n\n<p>\u00d3scar Arias est une figure influente tant au Costa Rica qu\u2019\u00e0 l\u2019\u00e9chelle internationale. Sa carri\u00e8re politique et son h\u00e9ritage en tant que leader de la r\u00e9solution des conflits lui ont valu une position respect\u00e9e dans la diplomatie mondiale. Cependant, sa relation avec les \u00c9tats-Unis a \u00e9t\u00e9 complexe et parfois tendue, notamment sur des questions de politique \u00e9trang\u00e8re.<\/p>\n\n\n\n<p>Arias est principalement reconnu pour son r\u00f4le de m\u00e9diateur dans les conflits d\u2019Am\u00e9rique centrale. Son Plan de paix, qui a conduit aux Accords d\u2019Esquipulas en 1987, a mis fin \u00e0 des d\u00e9cennies de conflits dans des pays comme le Salvador, le Nicaragua et le Guatemala. Cet effort lui a valu le prix Nobel de la paix, consolidant son statut de leader mondial en faveur de la paix.<\/p>\n\n\n\n<p>Tout au long de sa carri\u00e8re, Arias a \u00e9galement \u00e9t\u00e9 un ardent d\u00e9fenseur des droits humains et de la d\u00e9mocratie. Dans sa qu\u00eate pour la paix et le d\u00e9veloppement dans la r\u00e9gion, il est rest\u00e9 actif dans les forums internationaux et a plaid\u00e9 pour un ordre mondial plus juste. Cependant, sa position critique face aux interventions militaires des \u00c9tats-Unis en Am\u00e9rique latine, en particulier sous l\u2019administration Reagan, a \u00e9t\u00e9 l\u2019un des points de friction dans sa relation avec Washington.<\/p>\n\n\n\n<h3 class=\"wp-block-heading\"><strong>Position d\u2019Arias face aux \u00c9tats-Unis<\/strong><\/h3>\n\n\n\n<p>Malgr\u00e9 sa collaboration \u00e9troite avec les \u00c9tats-Unis dans divers domaines pendant son mandat pr\u00e9sidentiel, la relation d\u2019Arias avec le pays nord-am\u00e9ricain a \u00e9t\u00e9 marqu\u00e9e par des p\u00e9riodes de tension. Son opposition \u00e0 l\u2019intervention am\u00e9ricaine en Irak, sa position sur la guerre contre la drogue et son soutien \u00e0 des politiques favorables \u00e0 la souverainet\u00e9 des pays d\u2019Am\u00e9rique latine l\u2019ont plac\u00e9 dans une posture critique vis-\u00e0-vis des autorit\u00e9s am\u00e9ricaines. \u00c0 mesure que les politiques de l\u2019administration Trump devenaient plus polarisantes, Arias a intensifi\u00e9 ses critiques, ce qui a creus\u00e9 un foss\u00e9 avec certains secteurs de la politique am\u00e9ricaine.<\/p>\n\n\n\n<p>Lors de son second mandat pr\u00e9sidentiel, Arias a \u00e9galement promu un agenda de d\u00e9veloppement durable et de commerce international qui n\u2019\u00e9tait pas toujours align\u00e9 avec les priorit\u00e9s de Washington. Bien que le Costa Rica ait maintenu des relations diplomatiques stables avec les \u00c9tats-Unis, la position d\u2019Arias sur des sujets comme le changement climatique, l\u2019immigration et le libre-\u00e9change refl\u00e9tait une vision plus ind\u00e9pendante et parfois confrontante face aux politiques du gouvernement am\u00e9ricain.<\/p>\n\n\n\n<h2 class=\"wp-block-heading\"><strong>Implications politiques et diplomatiques<\/strong><\/h2>\n\n\n\n<h3 class=\"wp-block-heading\"><strong>Impact sur la politique \u00e9trang\u00e8re du Costa Rica<\/strong><\/h3>\n\n\n\n<p>Le Costa Rica a toujours \u00e9t\u00e9 per\u00e7u comme un alli\u00e9 cl\u00e9 des \u00c9tats-Unis en Am\u00e9rique centrale, notamment en mati\u00e8re de commerce, de s\u00e9curit\u00e9 et de coop\u00e9ration dans la lutte contre le narcotrafic. Toutefois, cet incident a mis en lumi\u00e8re les tensions sous-jacentes dans la relation bilat\u00e9rale, en particulier avec un ancien pr\u00e9sident qui, bien qu\u2019ayant favoris\u00e9 des relations pacifiques, a \u00e9galement publiquement critiqu\u00e9 certaines politiques de Washington. L\u2019annulation du visa d\u2019Arias pourrait influencer la mani\u00e8re dont les \u00c9tats-Unis per\u00e7oivent le Costa Rica, et inversement, sur la mani\u00e8re dont cet \u00e9v\u00e9nement sera interpr\u00e9t\u00e9 sur la sc\u00e8ne internationale.<\/p>\n\n\n\n<p>Le gouvernement costaricien a adopt\u00e9 une posture de respect de la souverainet\u00e9 de ses citoyens et dirigeants, bien que la r\u00e9vocation du visa d\u2019un Nobel de la paix soul\u00e8ve des questions sur les dynamiques de pouvoir dans la diplomatie mondiale. Cette situation pourrait amener le Costa Rica \u00e0 repenser ses strat\u00e9gies de coop\u00e9ration avec les \u00c9tats-Unis, notamment sur les questions des droits humains, du commerce et de la diplomatie internationale.<\/p>\n\n\n\n<h3 class=\"wp-block-heading\"><strong>Le\u00e7ons pour la diplomatie internationale<\/strong><\/h3>\n\n\n\n<p>La r\u00e9vocation du visa d\u2019\u00d3scar Arias met \u00e9galement en lumi\u00e8re l\u2019utilisation des visas comme instrument de pression politique. \u00c0 l\u2019\u00e9chelle internationale, ce type de d\u00e9cision peut avoir un impact significatif sur la perception d\u2019un pays en tant que leader mondial. L\u2019annulation du visa d\u2019une figure aussi respect\u00e9e soul\u00e8ve des doutes sur la politique des \u00c9tats-Unis \u00e0 l\u2019\u00e9gard des dirigeants internationaux qui critiquent ouvertement leur gouvernement.<\/p>\n\n\n\n<p>Cet incident offre aussi des le\u00e7ons sur les limites de la diplomatie, en particulier lorsque l\u2019annulation de visas est utilis\u00e9e comme tactique pour faire taire ou isoler des leaders oppos\u00e9s \u00e0 certaines politiques. Bien que les pays aient le droit souverain de contr\u00f4ler l\u2019acc\u00e8s \u00e0 leur territoire, l\u2019utilisation de ces mesures peut affecter la perception d\u2019impartialit\u00e9 et des principes d\u00e9mocratiques que les \u00c9tats-Unis ont historiquement d\u00e9fendus.<\/p>\n\n\n\n<p>Dans le m\u00eame temps, le cas d\u2019Arias montre \u00e0 quel point les relations internationales peuvent devenir complexes lorsque les dirigeants restent fid\u00e8les \u00e0 leurs principes face \u00e0 des politiques \u00e9trang\u00e8res. La r\u00e9vocation de son visa pourrait \u00eatre per\u00e7ue comme une tentative de sanctionner une personnalit\u00e9 de grande envergure mondiale, ouvrant ainsi un d\u00e9bat sur l\u2019usage de telles mesures dans la diplomatie moderne.<\/p>\n","protected":false},"excerpt":{"rendered":"<p>La r\u00e9vocation du visa am\u00e9ricain d\u2019\u00d3scar Arias a suscit\u00e9 une vague de sp\u00e9culations et de r\u00e9actions au Costa Rica et \u00e0 l\u2019\u00e9chelle internationale. L\u2019ancien pr\u00e9sident costaricien, qui a re\u00e7u le prix Nobel de la paix en 1987 pour ses efforts en faveur de la paix en Am\u00e9rique centrale, a \u00e9t\u00e9 une figure cl\u00e9 de la [&hellip;]<\/p>\n","protected":false},"author":14,"featured_media":2701,"comment_status":"open","ping_status":"open","sticky":false,"template":"","format":"standard","meta":{"footnotes":""},"categories":[86,49],"tags":[],"class_list":["post-2748","post","type-post","status-publish","format-standard","has-post-thumbnail","hentry","category-actualites","category-people-fr"],"_links":{"self":[{"href":"https:\/\/peopleofcostarica.com\/fr\/wp-json\/wp\/v2\/posts\/2748","targetHints":{"allow":["GET"]}}],"collection":[{"href":"https:\/\/peopleofcostarica.com\/fr\/wp-json\/wp\/v2\/posts"}],"about":[{"href":"https:\/\/peopleofcostarica.com\/fr\/wp-json\/wp\/v2\/types\/post"}],"author":[{"embeddable":true,"href":"https:\/\/peopleofcostarica.com\/fr\/wp-json\/wp\/v2\/users\/14"}],"replies":[{"embeddable":true,"href":"https:\/\/peopleofcostarica.com\/fr\/wp-json\/wp\/v2\/comments?post=2748"}],"version-history":[{"count":1,"href":"https:\/\/peopleofcostarica.com\/fr\/wp-json\/wp\/v2\/posts\/2748\/revisions"}],"predecessor-version":[{"id":2751,"href":"https:\/\/peopleofcostarica.com\/fr\/wp-json\/wp\/v2\/posts\/2748\/revisions\/2751"}],"wp:featuredmedia":[{"embeddable":true,"href":"https:\/\/peopleofcostarica.com\/fr\/wp-json\/wp\/v2\/media\/2701"}],"wp:attachment":[{"href":"https:\/\/peopleofcostarica.com\/fr\/wp-json\/wp\/v2\/media?parent=2748"}],"wp:term":[{"taxonomy":"category","embeddable":true,"href":"https:\/\/peopleofcostarica.com\/fr\/wp-json\/wp\/v2\/categories?post=2748"},{"taxonomy":"post_tag","embeddable":true,"href":"https:\/\/peopleofcostarica.com\/fr\/wp-json\/wp\/v2\/tags?post=2748"}],"curies":[{"name":"wp","href":"https:\/\/api.w.org\/{rel}","templated":true}]}}