{"id":2650,"date":"2025-04-07T09:00:00","date_gmt":"2025-04-07T09:00:00","guid":{"rendered":"https:\/\/peopleofcostarica.com\/?p=2650"},"modified":"2025-04-01T17:11:58","modified_gmt":"2025-04-01T17:11:58","slug":"bien-plus-que-vert-un-voyage-au-coeur-de-la-tradition-du-jade-dans-le-costa-rica-precolombien-2-derniers-mois","status":"publish","type":"post","link":"https:\/\/peopleofcostarica.com\/fr\/bien-plus-que-vert-un-voyage-au-coeur-de-la-tradition-du-jade-dans-le-costa-rica-precolombien-2-derniers-mois\/","title":{"rendered":"Bien plus que vert : Un voyage au c\u0153ur de la tradition du jade dans le Costa Rica pr\u00e9colombien \u2013 2 derniers mois"},"content":{"rendered":"\n<h2 class=\"wp-block-heading\"><strong>Un h\u00e9ritage vert sur le point de dispara\u00eetre de la vue<\/strong><\/h2>\n\n\n\n<p>Le jade, cette pierre d\u2019un vert profond qui \u00e9voque myst\u00e8re et antiquit\u00e9, occupait une place centrale dans les soci\u00e9t\u00e9s pr\u00e9colombiennes du Costa Rica. L\u2019exposition temporaire <em>\u00ab Mucho m\u00e1s que verde \u00bb<\/em>, actuellement dans ses deux derniers mois avant sa cl\u00f4ture pr\u00e9vue le 29 mai prochain, offre une occasion unique de plonger dans la fascinante tradition de ce mat\u00e9riau dans le pays. Pr\u00e9sent\u00e9e par le Mus\u00e9e national du Costa Rica, cette exposition d\u00e9voile la complexit\u00e9 du jade au-del\u00e0 de sa beaut\u00e9 esth\u00e9tique, en explorant son symbolisme profond, les techniques de fabrication complexes, ses divers usages, ainsi que les contextes arch\u00e9ologiques dans lesquels il a \u00e9t\u00e9 d\u00e9couvert. \u00c0 travers une riche collection d\u2019artefacts et les r\u00e9sultats de recherches approfondies, <em>\u00ab Mucho m\u00e1s que verde \u00bb<\/em> nous invite \u00e0 reconsid\u00e9rer la signification de ces pi\u00e8ces et leur lien avec d\u2019autres mat\u00e9riaux comme la c\u00e9ramique, la pierre, le bois, l\u2019or, les coquillages et les os.<\/p>\n\n\n\n<h3 class=\"wp-block-heading\"><strong>Le jade dans le contexte arch\u00e9ologique costaricien : Tr\u00e9sors exhum\u00e9s du pass\u00e9 guanacasteco<\/strong><\/h3>\n\n\n\n<p>La base de l\u2019exposition <em>\u00ab Mucho m\u00e1s que verde \u00bb<\/em> repose sur les recherches approfondies men\u00e9es par le Mus\u00e9e national du Costa Rica pendant plus de vingt ans sur deux anciens cimeti\u00e8res situ\u00e9s sur les sites arch\u00e9ologiques de Huiscoyol et La Regla. Strat\u00e9giquement localis\u00e9s dans le golfe de Nicoya, dans la province de Guanacaste, ces lieux ont r\u00e9v\u00e9l\u00e9 des informations cruciales sur les premi\u00e8res populations qui ont travaill\u00e9 le jade sur le territoire national. L\u2019\u00e9tude minutieuse des ossements et des offrandes fun\u00e9raires associ\u00e9es a permis de mettre au jour les plus anciens jades retrouv\u00e9s \u00e0 ce jour au Costa Rica, offrant ainsi une fen\u00eatre inestimable sur le pass\u00e9 pr\u00e9colombien.<\/p>\n\n\n\n<p>Parmi les d\u00e9couvertes les plus remarquables visibles dans l\u2019exposition figurent des pendentifs en jade et en d\u2019autres pierres, des embouts de b\u00e2tons symbolisant le pouvoir et le statut, de possibles instruments de musique \u00e9voquant des sons ancestraux, ainsi que des vases, des jarres, des metates, des pierres de mouture, des haches et divers outils. Ces objets t\u00e9moignent non seulement de la ma\u00eetrise des premi\u00e8res communaut\u00e9s install\u00e9es autour du golfe de Nicoya \u2013 une r\u00e9gion privil\u00e9gi\u00e9e par l\u2019abondance de ses ressources naturelles tant c\u00f4ti\u00e8res que terrestres \u2013 mais r\u00e9v\u00e8lent aussi l\u2019importance du jade dans leur vie quotidienne et rituelle.<\/p>\n\n\n\n<h3 class=\"wp-block-heading\"><strong>Symbolisme et usage du jade : au-del\u00e0 de l\u2019ornement dans les anciens cimeti\u00e8res<\/strong><\/h3>\n\n\n\n<p>L\u2019exposition nous transporte directement dans les contextes fun\u00e9raires de La Regla et Huiscoyol, o\u00f9 la pr\u00e9sence d\u2019ornements en jade et d\u2019objets en c\u00e9ramique aux c\u00f4t\u00e9s de restes humains raconte une histoire \u00e9loquente. Les fouilles ont r\u00e9v\u00e9l\u00e9 que certaines fosses contenaient les restes de plusieurs individus, incluant enfants, femmes et hommes, ce qui sugg\u00e8re des pratiques fun\u00e9raires complexes et possiblement diff\u00e9renci\u00e9es. L\u2019association du jade \u00e0 d\u2019autres objets comme des metates ou des outils en pierre soul\u00e8ve des interrogations sur le r\u00f4le de ces \u00e9l\u00e9ments dans le passage vers l\u2019au-del\u00e0 et les croyances de ces soci\u00e9t\u00e9s.<\/p>\n\n\n\n<p>La diversit\u00e9 des objets en jade expos\u00e9s dans <em>\u00ab Mucho m\u00e1s que verde \u00bb<\/em> est remarquable. Les visiteurs peuvent contempler les iconiques pendentifs hache-oiseau, consid\u00e9r\u00e9s comme les ornements en jade les plus repr\u00e9sentatifs de La Regla et Huiscoyol, ainsi que d\u2019autres pi\u00e8ces orn\u00e9es de repr\u00e9sentations stylis\u00e9es de la faune locale : oiseaux, coatis, tortues, tatous et chauves-souris. La figure humaine est \u00e9galement pr\u00e9sente dans le r\u00e9pertoire des motifs figurant sur des figurines et autres objets en jade. De plus, l\u2019exposition pr\u00e9sente des embouts de b\u00e2ton r\u00e9alis\u00e9s en jade et en d\u2019autres roches, certains de forme simple et arrondie \u2013 comme celui retrouv\u00e9 dans la tombe d\u2019une adolescente ou jeune adulte \u00e0 Huiscoyol \u2013 et d\u2019autres arborant des motifs d\u2019oiseaux \u00e9labor\u00e9s, un th\u00e8me r\u00e9current dans l\u2019iconographie du jade costaricien. La concentration de ces objets pr\u00e9cieux dans les plus anciens cimeti\u00e8res connus du pays souligne la profonde connexion entre le jade et les pratiques mortuaires de ces soci\u00e9t\u00e9s primitives.<\/p>\n\n\n\n<figure class=\"wp-block-image size-full\"><img fetchpriority=\"high\" decoding=\"async\" width=\"366\" height=\"239\" src=\"https:\/\/peopleofcostarica.com\/wp-content\/uploads\/2025\/04\/jade2.png\" alt=\"\" class=\"wp-image-2655\" srcset=\"https:\/\/peopleofcostarica.com\/wp-content\/uploads\/2025\/04\/jade2.png 366w, https:\/\/peopleofcostarica.com\/wp-content\/uploads\/2025\/04\/jade2-300x196.png 300w\" sizes=\"(max-width: 366px) 100vw, 366px\" \/><\/figure>\n\n\n\n<h2 class=\"wp-block-heading\"><strong>Fabrication et technique du jade : une tradition au style propre n\u00e9e de l\u2019\u00e9change<\/strong><\/h2>\n\n\n\n<p><em>\u00ab Mucho m\u00e1s que verde \u00bb<\/em> approfondit le travail m\u00e9ticuleux qu\u2019impliquait la cr\u00e9ation des objets en jade, r\u00e9v\u00e9lant la ma\u00eetrise d\u2019une technique sophistiqu\u00e9e et une grande habilet\u00e9 \u00e0 manipuler des mat\u00e9riaux d\u2019une duret\u00e9 consid\u00e9rable. L\u2019exposition met en lumi\u00e8re comment la tradition du jade au Costa Rica, qui a d\u00e9but\u00e9 vers 600 av. J.-C. et s\u2019est d\u00e9velopp\u00e9e pendant environ 1300 ans dans le nord et le centre du territoire, a acquis un style propre.<\/p>\n\n\n\n<p>Ce d\u00e9veloppement ne s\u2019est pas produit en vase clos ; l\u2019exposition sugg\u00e8re une influence provenant du savoir-faire du peuple olm\u00e8que, \u00e9tabli sur le territoire de l\u2019actuel Mexique, qui serait probablement arriv\u00e9 jusqu\u2019\u00e0 ces latitudes par le biais des \u00e9changes. Toutefois, cet h\u00e9ritage s\u2019est adapt\u00e9 et transform\u00e9 de mani\u00e8re unique en Am\u00e9rique centrale, et le Costa Rica ne fit pas exception, utilisant principalement des mati\u00e8res premi\u00e8res locales pour ses cr\u00e9ations.<\/p>\n\n\n\n<p>L\u2019exposition illustre les longs processus de d\u00e9coupe et d\u2019abrasion, souvent r\u00e9alis\u00e9s sur des surfaces humides, qui ont permis de donner forme aux pi\u00e8ces de jade par des frappes, des perforations et du sciage. Les artisans pr\u00e9colombiens utilisaient une vari\u00e9t\u00e9 de mat\u00e9riaux tels que des pierres, des cordes, du sable, des roches broy\u00e9es et des r\u00e9sines dans ce processus laborieux.<\/p>\n\n\n\n<p>Parmi leurs outils figuraient des limes, des polissoirs, des forets et des graveurs. On commen\u00e7ait par obtenir une pr\u00e9forme \u00e0 partir de la mati\u00e8re brute, que l\u2019on polissait ensuite en la frottant contre d\u2019autres pierres jusqu\u2019\u00e0 obtenir la finition souhait\u00e9e. La pr\u00e9sence dans l\u2019exposition de blocs de jade et d\u2019autres roches pr\u00e9sentant des marques \u00e9videntes de sciage \u00e0 la corde offre une vision concr\u00e8te de ces techniques d\u2019extraction et de pr\u00e9paration. De plus, l\u2019inclusion de pi\u00e8ces rest\u00e9es inachev\u00e9es ou fractur\u00e9es durant leur fabrication permet de mieux comprendre les \u00e9tapes et les d\u00e9fis de la fabrication du jade.<\/p>\n\n\n\n<p>L\u2019exposition aborde \u00e9galement le concept de <em>\u00ab jade social \u00bb<\/em>, terme utilis\u00e9 pour d\u00e9crire des objets qui, bien que visuellement similaires au jade, sont fabriqu\u00e9s dans d\u2019autres types de roches vertes comme la serpentine, le jaspe ou le quartz. La difficult\u00e9 \u00e0 distinguer ces mat\u00e9riaux \u00e0 l\u2019\u0153il nu souligne la n\u00e9cessit\u00e9 d\u2019analyses sp\u00e9cialis\u00e9es pour une identification pr\u00e9cise.<\/p>\n\n\n\n<figure class=\"wp-block-image size-full\"><img decoding=\"async\" width=\"370\" height=\"239\" src=\"https:\/\/peopleofcostarica.com\/wp-content\/uploads\/2025\/04\/jade3.png\" alt=\"\" class=\"wp-image-2658\" srcset=\"https:\/\/peopleofcostarica.com\/wp-content\/uploads\/2025\/04\/jade3.png 370w, https:\/\/peopleofcostarica.com\/wp-content\/uploads\/2025\/04\/jade3-300x194.png 300w\" sizes=\"(max-width: 370px) 100vw, 370px\" \/><\/figure>\n\n\n\n<h2 class=\"wp-block-heading\"><strong>D\u00e9fis pour la recherche et la conservation : un h\u00e9ritage submerg\u00e9 et la fragilit\u00e9 du temps<\/strong><\/h2>\n\n\n\n<p>Une particularit\u00e9 fascinante des sites arch\u00e9ologiques de La Regla et Huiscoyol \u2013 et donc des vestiges li\u00e9s \u00e0 la tradition du jade qui y ont \u00e9t\u00e9 d\u00e9couverts \u2013 r\u00e9side dans leurs conditions g\u00e9ographiques, qui favorisent des inondations p\u00e9riodiques. Dans le cas de La Regla, les mar\u00e9es hautes entra\u00eenent l\u2019infiltration d\u2019eau de mer, tandis qu\u2019\u00e0 Huiscoyol, la pr\u00e9sence d\u2019un aquif\u00e8re maintient les terrains constamment satur\u00e9s en eau.<br>Cette singularit\u00e9 classe une part importante des vestiges retrouv\u00e9s comme patrimoine arch\u00e9ologique subaquatique, ce qui a repr\u00e9sent\u00e9 un d\u00e9fi consid\u00e9rable pour le Mus\u00e9e national lors des recherches et des fouilles des restes culturels.<\/p>\n\n\n\n<p>Cependant, ces conditions apparemment d\u00e9favorables ont eu un effet inattendu et positif sur la pr\u00e9servation des mat\u00e9riaux organiques. Les s\u00e9pultures immerg\u00e9es dans l\u2019eau et la boue ont permis la conservation de certains objets en bois et fibres v\u00e9g\u00e9tales pendant des centaines d\u2019ann\u00e9es \u2013 un ph\u00e9nom\u00e8ne peu commun dans les contextes arch\u00e9ologiques tropicaux. L\u2019exposition pr\u00e9sente des exemples remarquables, comme les restes d\u2019un pied humain envelopp\u00e9 dans une fibre v\u00e9g\u00e9tale, dont la disposition sugg\u00e8re un linceul dans son \u00e9tat naturel, ainsi qu\u2019un exceptionnel tabouret en bois de ch\u00eane r\u00e9cup\u00e9r\u00e9 \u00e0 Huiscoyol apr\u00e8s un pillage. Cette pi\u00e8ce, accompagn\u00e9e d\u2019une repr\u00e9sentation en argile d\u2019une femme assise sur un tabouret similaire, souligne la raret\u00e9 de la survie d\u2019objets en bois face au passage du temps.<\/p>\n\n\n\n<p>Une fois int\u00e9gr\u00e9 aux collections du Mus\u00e9e national, le tabouret a \u00e9t\u00e9 soumis \u00e0 un rigoureux processus de restauration : stabilisation de l\u2019humidit\u00e9, nettoyage de la surface, r\u00e9hydratation du bois, puis s\u00e9chage contr\u00f4l\u00e9 afin d\u2019assurer sa conservation \u00e0 long terme. Ces d\u00e9couvertes, ainsi que les efforts mis en \u0153uvre pour leur pr\u00e9servation, mettent en lumi\u00e8re les d\u00e9fis uniques auxquels font face la recherche et la conservation du patrimoine arch\u00e9ologique costaricien \u2013 en particulier celui issu de contextes subaquatiques.<\/p>\n\n\n\n<figure class=\"wp-block-image size-full\"><img decoding=\"async\" width=\"374\" height=\"251\" src=\"https:\/\/peopleofcostarica.com\/wp-content\/uploads\/2025\/04\/jade4.png\" alt=\"\" class=\"wp-image-2661\" srcset=\"https:\/\/peopleofcostarica.com\/wp-content\/uploads\/2025\/04\/jade4.png 374w, https:\/\/peopleofcostarica.com\/wp-content\/uploads\/2025\/04\/jade4-300x201.png 300w\" sizes=\"(max-width: 374px) 100vw, 374px\" \/><\/figure>\n\n\n\n<h2 class=\"wp-block-heading\"><strong>L\u2019exposition comme exp\u00e9rience : une rencontre sensorielle avec le pass\u00e9 pr\u00e9colombien<\/strong><\/h2>\n\n\n\n<p>La visite de <em>\u00ab Mucho m\u00e1s que verde \u00bb<\/em> va bien au-del\u00e0 de la simple contemplation d\u2019objets anciens : la mus\u00e9ographie a \u00e9t\u00e9 soigneusement pens\u00e9e pour offrir une exp\u00e9rience immersive et p\u00e9dagogique. La mise en sc\u00e8ne des pi\u00e8ces c\u00e9ramiques et des metates en pierre, tous issus des pr\u00e9cieuses collections arch\u00e9ologiques du Mus\u00e9e national du Costa Rica, permet d\u2019appr\u00e9cier ces artefacts sous de multiples angles, r\u00e9v\u00e9lant des d\u00e9tails qui pourraient passer inaper\u00e7us \u00e0 l\u2019\u0153il distrait. L\u2019une des vitrines principales r\u00e9unit une s\u00e9lection d\u2019objets en jade et en autres roches vertes appel\u00e9es \u00ab jade social \u00bb, se distinguant par leur taille, leur forme, la finesse de leurs d\u00e9tails et leur finition, invitant \u00e0 r\u00e9fl\u00e9chir sur la ma\u00eetrise des artisans pr\u00e9colombiens et la valeur accord\u00e9e \u00e0 ces mat\u00e9riaux.<\/p>\n\n\n\n<p>Pour enrichir encore davantage l\u2019exp\u00e9rience du visiteur, <em>\u00ab Mucho m\u00e1s que verde \u00bb<\/em> est accompagn\u00e9e d\u2019une ambiance musicale \u00e9vocatrice. Le groupe costaricien <strong>Amarillo Cian y Magenta<\/strong> a sp\u00e9cialement compos\u00e9 pour l\u2019exposition une trame sonore inspir\u00e9e par les jades et l\u2019\u00e9poque pr\u00e9colombienne, cr\u00e9ant ainsi une atmosph\u00e8re sonore qui transporte le public dans un temps ancestral. Lors de l\u2019inauguration de l\u2019exposition, le 30 juillet 2024, le groupe a interpr\u00e9t\u00e9 une \u0153uvre musicale en six mouvements, chacun \u00e9voquant diff\u00e9rents paysages sonores et r\u00e9cits, allant d\u2019une vision onirique du monde des anc\u00eatres \u00e0 une offrande en hommage \u00e0 leur h\u00e9ritage. Dans cette composition, chaque instrument incarnait un personnage : le basson repr\u00e9sentait un chamane, la clarinette l\u2019esprit du jade, les percussions les peuples originaires, la guitare et la basse la nature, et le piano les peuples actuels. Cette int\u00e9gration de la musique \u00e0 l\u2019exposition visuelle vise \u00e0 stimuler une connexion plus profonde et \u00e9motionnelle avec le patrimoine pr\u00e9colombien du Costa Rica.<\/p>\n\n\n\n<figure class=\"wp-block-image size-full\"><img loading=\"lazy\" decoding=\"async\" width=\"367\" height=\"236\" src=\"https:\/\/peopleofcostarica.com\/wp-content\/uploads\/2025\/04\/jade5.png\" alt=\"\" class=\"wp-image-2664\" srcset=\"https:\/\/peopleofcostarica.com\/wp-content\/uploads\/2025\/04\/jade5.png 367w, https:\/\/peopleofcostarica.com\/wp-content\/uploads\/2025\/04\/jade5-300x193.png 300w\" sizes=\"(max-width: 367px) 100vw, 367px\" \/><\/figure>\n\n\n\n<h2 class=\"wp-block-heading\"><strong>Un pr\u00e9cieux h\u00e9ritage qui inspire et interpelle<\/strong><\/h2>\n\n\n\n<p>\u00c0 l\u2019approche de sa cl\u00f4ture, pr\u00e9vue le 29 mai, l\u2019exposition temporaire <em>\u00ab Mucho m\u00e1s que verde \u00bb<\/em> se dresse comme un t\u00e9moignage inestimable de la riche tradition du jade au Costa Rica. Gr\u00e2ce \u00e0 la pr\u00e9sentation soign\u00e9e des d\u00e9couvertes de Huiscoyol et La Regla, l\u2019exposition offre une compr\u00e9hension approfondie du symbolisme, de la fabrication, de l\u2019usage et des contextes arch\u00e9ologiques de ces objets pr\u00e9cieux. Le jade, bien plus qu\u2019une simple pierre verte, se r\u00e9v\u00e8le comme un \u00e9l\u00e9ment central de la vie rituelle, sociale et possiblement politique des soci\u00e9t\u00e9s pr\u00e9colombiennes du golfe de Nicoya.<\/p>\n\n\n\n<p>L\u2019exposition souligne l\u2019importance d\u2019une recherche arch\u00e9ologique continue et le r\u00f4le fondamental du Mus\u00e9e national du Costa Rica dans la pr\u00e9servation et la diffusion de ce patrimoine culturel. Les d\u00e9fis li\u00e9s \u00e0 la recherche dans des contextes subaquatiques et la n\u00e9cessit\u00e9 de techniques sp\u00e9cialis\u00e9es pour l\u2019identification et la conservation des mat\u00e9riaux mettent en lumi\u00e8re la complexit\u00e9 de l\u2019\u00e9tude et de la protection de cet h\u00e9ritage. <em>\u00ab Mucho m\u00e1s que verde \u00bb<\/em> ne se contente pas d\u2019honorer la m\u00e9moire des anciens habitants du Costa Rica et leur ma\u00eetrise dans le travail du jade, elle invite \u00e9galement le public d\u2019aujourd\u2019hui \u00e0 r\u00e9fl\u00e9chir sur la p\u00e9rennit\u00e9 de leur h\u00e9ritage et l\u2019importance de sa pr\u00e9servation pour les g\u00e9n\u00e9rations futures. L\u2019occasion de d\u00e9couvrir cette fen\u00eatre unique sur le pass\u00e9 pr\u00e9colombien du Costa Rica s\u2019ach\u00e8ve bient\u00f4t, faisant de la visite de <em>\u00ab Mucho m\u00e1s que verde \u00bb<\/em> une exp\u00e9rience incontournable pour celles et ceux qui souhaitent se reconnecter aux racines profondes de l\u2019histoire du pays.<\/p>\n","protected":false},"excerpt":{"rendered":"<p>Un h\u00e9ritage vert sur le point de dispara\u00eetre de la vue Le jade, cette pierre d\u2019un vert profond qui \u00e9voque myst\u00e8re et antiquit\u00e9, occupait une place centrale dans les soci\u00e9t\u00e9s pr\u00e9colombiennes du Costa Rica. L\u2019exposition temporaire \u00ab Mucho m\u00e1s que verde \u00bb, actuellement dans ses deux derniers mois avant sa cl\u00f4ture pr\u00e9vue le 29 mai [&hellip;]<\/p>\n","protected":false},"author":14,"featured_media":2667,"comment_status":"open","ping_status":"open","sticky":false,"template":"","format":"standard","meta":{"footnotes":""},"categories":[53,50],"tags":[],"class_list":["post-2650","post","type-post","status-publish","format-standard","has-post-thumbnail","hentry","category-archive-fr-2","category-histoires"],"_links":{"self":[{"href":"https:\/\/peopleofcostarica.com\/fr\/wp-json\/wp\/v2\/posts\/2650","targetHints":{"allow":["GET"]}}],"collection":[{"href":"https:\/\/peopleofcostarica.com\/fr\/wp-json\/wp\/v2\/posts"}],"about":[{"href":"https:\/\/peopleofcostarica.com\/fr\/wp-json\/wp\/v2\/types\/post"}],"author":[{"embeddable":true,"href":"https:\/\/peopleofcostarica.com\/fr\/wp-json\/wp\/v2\/users\/14"}],"replies":[{"embeddable":true,"href":"https:\/\/peopleofcostarica.com\/fr\/wp-json\/wp\/v2\/comments?post=2650"}],"version-history":[{"count":1,"href":"https:\/\/peopleofcostarica.com\/fr\/wp-json\/wp\/v2\/posts\/2650\/revisions"}],"predecessor-version":[{"id":2671,"href":"https:\/\/peopleofcostarica.com\/fr\/wp-json\/wp\/v2\/posts\/2650\/revisions\/2671"}],"wp:featuredmedia":[{"embeddable":true,"href":"https:\/\/peopleofcostarica.com\/fr\/wp-json\/wp\/v2\/media\/2667"}],"wp:attachment":[{"href":"https:\/\/peopleofcostarica.com\/fr\/wp-json\/wp\/v2\/media?parent=2650"}],"wp:term":[{"taxonomy":"category","embeddable":true,"href":"https:\/\/peopleofcostarica.com\/fr\/wp-json\/wp\/v2\/categories?post=2650"},{"taxonomy":"post_tag","embeddable":true,"href":"https:\/\/peopleofcostarica.com\/fr\/wp-json\/wp\/v2\/tags?post=2650"}],"curies":[{"name":"wp","href":"https:\/\/api.w.org\/{rel}","templated":true}]}}