{"id":2463,"date":"2025-03-26T16:22:24","date_gmt":"2025-03-26T16:22:24","guid":{"rendered":"https:\/\/peopleofcostarica.com\/?p=2463"},"modified":"2025-03-26T16:22:19","modified_gmt":"2025-03-26T16:22:19","slug":"fermeture-temporaire-du-secteur-volcan-barva-impact-de-la-saison-seche","status":"publish","type":"post","link":"https:\/\/peopleofcostarica.com\/fr\/fermeture-temporaire-du-secteur-volcan-barva-impact-de-la-saison-seche\/","title":{"rendered":"Fermeture Temporaire du Secteur Volcan Barva : Impact de la Saison S\u00e8che"},"content":{"rendered":"\n<p>Le Parc National Braulio Carrillo est connu pour sa biodiversit\u00e9 et sa richesse naturelle, le secteur Volc\u00e1n Barva \u00e9tant l&rsquo;un des destinations favorites des touristes et des explorateurs. Cependant, en raison de la s\u00e9v\u00e8re saison s\u00e8che qui affecte la r\u00e9gion, le Syst\u00e8me National des Aires de Conservation (SINAC) a annonc\u00e9 la fermeture temporaire de ce secteur. Cette d\u00e9cision vise \u00e0 prot\u00e9ger \u00e0 la fois les visiteurs et les ressources du parc, mettant en \u00e9vidence les d\u00e9fis auxquels sont confront\u00e9es les zones naturelles face aux changements climatiques.<\/p>\n\n\n\n<h2 class=\"wp-block-heading\"><strong>Raisons de la Fermeture<\/strong><\/h2>\n\n\n\n<p>La saison s\u00e8che a provoqu\u00e9 une diminution significative de la disponibilit\u00e9 de l&rsquo;eau potable dans le secteur Volc\u00e1n Barva. Bien que des pluies sporadiques aient \u00e9t\u00e9 enregistr\u00e9es dans les zones environnantes, elles n&rsquo;ont pas \u00e9t\u00e9 suffisantes pour recharger les sources d&rsquo;eau du parc. De plus, l&rsquo;\u00e9tat de la route menant au parc a rendu difficile l&rsquo;acc\u00e8s des camions-citernes pour approvisionner en eau, aggravant la situation.<\/p>\n\n\n\n<p>Cette combinaison de facteurs a conduit le SINAC \u00e0 prendre la d\u00e9cision de fermer temporairement le secteur, en priorisant la s\u00e9curit\u00e9 des visiteurs, du personnel du parc et des collaborateurs de la Croix-Rouge.<\/p>\n\n\n\n<h2 class=\"wp-block-heading\"><strong>D\u00e9tails de la Fermeture Temporaire<\/strong><\/h2>\n\n\n\n<p>La fermeture du secteur Volc\u00e1n Barva a officiellement commenc\u00e9 le 20 mars et s&rsquo;\u00e9tendra jusqu&rsquo;au 25 avril 2025. Pendant cette p\u00e9riode, les activit\u00e9s touristiques seront suspendues et l&rsquo;acc\u00e8s au secteur sera restreint.<\/p>\n\n\n\n<p>Cette mesure pr\u00e9ventive r\u00e9pond \u00e0 la n\u00e9cessit\u00e9 d&rsquo;\u00e9viter d&rsquo;\u00e9ventuels risques pour les visiteurs et de garantir que le parc puisse fonctionner de mani\u00e8re s\u00fbre et durable une fois que la situation hydrique sera normalis\u00e9e.<\/p>\n\n\n\n<h2 class=\"wp-block-heading\"><strong>Impact sur le Tourisme et la Conservation<\/strong><\/h2>\n\n\n\n<p>La fermeture temporaire du secteur Volc\u00e1n Barva a des implications pour le tourisme local, car c&rsquo;est une destination populaire pour ceux qui cherchent \u00e0 explorer la nature et \u00e0 profiter de vues imprenables. Pour les communaut\u00e9s avoisinantes, cela pourrait signifier une diminution de l&rsquo;activit\u00e9 \u00e9conomique li\u00e9e au tourisme.<\/p>\n\n\n\n<p>D&rsquo;autre part, cette mesure est essentielle pour prot\u00e9ger l&rsquo;\u00e9cosyst\u00e8me du parc. La p\u00e9nurie d&rsquo;eau affecte non seulement les humains, mais aussi la flore et la faune de la r\u00e9gion. En limitant l&rsquo;acc\u00e8s, on r\u00e9duit la pression sur les ressources naturelles et on contribue \u00e0 pr\u00e9server l&rsquo;\u00e9quilibre \u00e9cologique.<\/p>\n\n\n\n<p>En alternative, le secteur Quebrada Gonz\u00e1lez du parc reste ouvert, offrant aux visiteurs une option pour profiter de la beaut\u00e9 du Parc National Braulio Carrillo pendant que le secteur Volc\u00e1n Barva se remet.<\/p>\n\n\n\n<h2 class=\"wp-block-heading\"><strong>Actions Futures et Solutions<\/strong><\/h2>\n\n\n\n<p>Le SINAC surveille de pr\u00e8s la situation dans le secteur Volc\u00e1n Barva pour \u00e9valuer sa r\u00e9ouverture. Parmi les solutions \u00e0 long terme possibles, figurent l&rsquo;am\u00e9lioration de l&rsquo;infrastructure pour l&rsquo;approvisionnement en eau potable et le d\u00e9veloppement de strat\u00e9gies pour faire face aux conditions extr\u00eames caus\u00e9es par le changement climatique.<\/p>\n\n\n\n<p>De plus, la collaboration entre les autorit\u00e9s, la communaut\u00e9 et les visiteurs sera essentielle pour garantir que le parc puisse continuer \u00e0 \u00eatre un espace s\u00fbr et durable pour tous.<\/p>\n\n\n\n<h2 class=\"wp-block-heading\"><strong>Conclusion<\/strong><\/h2>\n\n\n\n<p>La fermeture temporaire du secteur Volc\u00e1n Barva est un rappel des d\u00e9fis auxquels sont confront\u00e9es les zones prot\u00e9g\u00e9es du Costa Rica face aux variations climatiques. Malgr\u00e9 les difficult\u00e9s, cette mesure refl\u00e8te l&rsquo;engagement du SINAC envers la conservation et la s\u00e9curit\u00e9. En tant que citoyens et visiteurs, nous devons valoriser et prot\u00e9ger ces espaces naturels en adoptant des pratiques responsables et en soutenant les efforts de conservation.<\/p>\n","protected":false},"excerpt":{"rendered":"<p>Le Parc National Braulio Carrillo est connu pour sa biodiversit\u00e9 et sa richesse naturelle, le secteur Volc\u00e1n Barva \u00e9tant l&rsquo;un des destinations favorites des touristes et des explorateurs. Cependant, en raison de la s\u00e9v\u00e8re saison s\u00e8che qui affecte la r\u00e9gion, le Syst\u00e8me National des Aires de Conservation (SINAC) a annonc\u00e9 la fermeture temporaire de ce [&hellip;]<\/p>\n","protected":false},"author":14,"featured_media":2464,"comment_status":"open","ping_status":"open","sticky":false,"template":"","format":"standard","meta":{"footnotes":""},"categories":[86,90,55],"tags":[],"class_list":["post-2463","post","type-post","status-publish","format-standard","has-post-thumbnail","hentry","category-actualites","category-climat-et-environnement","category-endroits-fr"],"_links":{"self":[{"href":"https:\/\/peopleofcostarica.com\/fr\/wp-json\/wp\/v2\/posts\/2463","targetHints":{"allow":["GET"]}}],"collection":[{"href":"https:\/\/peopleofcostarica.com\/fr\/wp-json\/wp\/v2\/posts"}],"about":[{"href":"https:\/\/peopleofcostarica.com\/fr\/wp-json\/wp\/v2\/types\/post"}],"author":[{"embeddable":true,"href":"https:\/\/peopleofcostarica.com\/fr\/wp-json\/wp\/v2\/users\/14"}],"replies":[{"embeddable":true,"href":"https:\/\/peopleofcostarica.com\/fr\/wp-json\/wp\/v2\/comments?post=2463"}],"version-history":[{"count":1,"href":"https:\/\/peopleofcostarica.com\/fr\/wp-json\/wp\/v2\/posts\/2463\/revisions"}],"predecessor-version":[{"id":2467,"href":"https:\/\/peopleofcostarica.com\/fr\/wp-json\/wp\/v2\/posts\/2463\/revisions\/2467"}],"wp:featuredmedia":[{"embeddable":true,"href":"https:\/\/peopleofcostarica.com\/fr\/wp-json\/wp\/v2\/media\/2464"}],"wp:attachment":[{"href":"https:\/\/peopleofcostarica.com\/fr\/wp-json\/wp\/v2\/media?parent=2463"}],"wp:term":[{"taxonomy":"category","embeddable":true,"href":"https:\/\/peopleofcostarica.com\/fr\/wp-json\/wp\/v2\/categories?post=2463"},{"taxonomy":"post_tag","embeddable":true,"href":"https:\/\/peopleofcostarica.com\/fr\/wp-json\/wp\/v2\/tags?post=2463"}],"curies":[{"name":"wp","href":"https:\/\/api.w.org\/{rel}","templated":true}]}}