{"id":2454,"date":"2025-03-26T15:53:13","date_gmt":"2025-03-26T15:53:13","guid":{"rendered":"https:\/\/peopleofcostarica.com\/?p=2454"},"modified":"2025-03-26T15:53:19","modified_gmt":"2025-03-26T15:53:19","slug":"la-saison-des-pluies-arrive-plus-tot-ce-que-vous-devez-savoir-selon-limn","status":"publish","type":"post","link":"https:\/\/peopleofcostarica.com\/fr\/la-saison-des-pluies-arrive-plus-tot-ce-que-vous-devez-savoir-selon-limn\/","title":{"rendered":"La Saison des Pluies Arrive Plus T\u00f4t : Ce Que Vous Devez Savoir Selon l\u2019IMN"},"content":{"rendered":"\n<p>Le Costa Rica est connu pour ses saisons climatiques bien d\u00e9finies, o\u00f9 la transition entre la saison s\u00e8che et la saison des pluies marque un changement important dans le quotidien. Cette ann\u00e9e, l&rsquo;Institut M\u00e9t\u00e9orologique National (IMN) a annonc\u00e9 que la saison des pluies arrivera plus t\u00f4t que pr\u00e9vu. Cette avance entra\u00eene plusieurs implications pour la population, l&rsquo;agriculture et la gestion des ressources en eau. Dans cet article, nous explorons les d\u00e9tails de ce ph\u00e9nom\u00e8ne ainsi que les recommandations officielles.<\/p>\n\n\n\n<h2 class=\"wp-block-heading\">Pourquoi les pluies arrivent-elles plus t\u00f4t cette ann\u00e9e ?<\/h2>\n\n\n\n<p>L&rsquo;IMN a expliqu\u00e9 que l\u2019arriv\u00e9e anticip\u00e9e de la saison des pluies est due \u00e0 des facteurs climatiques naturels. Actuellement, le pays se trouve dans une phase climatique neutre, ce qui signifie qu&rsquo;il n&rsquo;y a pas d&rsquo;influence directe du ph\u00e9nom\u00e8ne El Ni\u00f1o ni de La Ni\u00f1a. Cela a permis aux conditions favorisant l\u2019apparition des pluies de se manifester plus t\u00f4t que d&rsquo;habitude.<\/p>\n\n\n\n<p>Selon Werner Stolz, directeur de l&rsquo;IMN, ces fluctuations dans le d\u00e9but de la saison ne sont pas inhabituelles. Toutefois, il est essentiel de surveiller ces changements afin de mieux comprendre leur impact sur le climat local et les activit\u00e9s humaines.<\/p>\n\n\n\n<h2 class=\"wp-block-heading\">Dates Cl\u00e9s et R\u00e9gions Concern\u00e9es<\/h2>\n\n\n\n<p>L&rsquo;IMN a fourni un calendrier estim\u00e9 pour l\u2019arriv\u00e9e des pluies dans diff\u00e9rentes r\u00e9gions du pays :<\/p>\n\n\n\n<ul class=\"wp-block-list\">\n<li>Dans le Pacifique Sud, les pluies pourraient commencer entre le 20 et le 25 avril.<\/li>\n\n\n\n<li>Dans la Vall\u00e9e Centrale, elles sont attendues entre le 22 avril et le 1er mai.<\/li>\n\n\n\n<li>Dans le Pacifique Central, elles arriveraient entre le 25 avril et le 3 mai.<\/li>\n<\/ul>\n\n\n\n<p>Ces dates marquent une avance d&rsquo;une \u00e0 deux semaines par rapport aux tendances habituelles. Ce ph\u00e9nom\u00e8ne souligne la n\u00e9cessit\u00e9 pour les citoyens et les secteurs cl\u00e9s de se pr\u00e9parer \u00e0 cette transition pr\u00e9coce.<\/p>\n\n\n\n<h2 class=\"wp-block-heading\">\u00c0 Quoi S\u2019Attendre Pour la Saison des Pluies 2025 ?<\/h2>\n\n\n\n<p>L&rsquo;IMN a indiqu\u00e9 qu&rsquo;une saison des pluies \u00ab normale \u00bb est pr\u00e9vue, avec des pr\u00e9cipitations dans les moyennes habituelles. C&rsquo;est une bonne nouvelle pour l&rsquo;agriculture, notamment pour les cultures qui d\u00e9pendent d\u2019un approvisionnement constant en eau. Cependant, cela repr\u00e9sente aussi des d\u00e9fis en termes de gestion des ressources en eau et de pr\u00e9vention des inondations dans les zones vuln\u00e9rables.<\/p>\n\n\n\n<p>Pour le secteur du tourisme, l\u2019arriv\u00e9e anticip\u00e9e des pluies pourrait avoir un impact sur les activit\u00e9s en plein air, n\u00e9cessitant des ajustements dans les itin\u00e9raires et les services propos\u00e9s aux visiteurs.<\/p>\n\n\n\n<h2 class=\"wp-block-heading\">Recommandations de l\u2019IMN Pour la Population<\/h2>\n\n\n\n<p>Face au d\u00e9but pr\u00e9coce de la saison des pluies, l&rsquo;IMN a \u00e9mis plusieurs recommandations afin d\u2019assurer la s\u00e9curit\u00e9 et le bien-\u00eatre de la population :<\/p>\n\n\n\n<ul class=\"wp-block-list\">\n<li><strong>Rester inform\u00e9 :<\/strong> Il est essentiel de suivre les bulletins et mises \u00e0 jour officielles de l\u2019IMN pour obtenir des informations pr\u00e9cises et en temps opportun.<\/li>\n\n\n\n<li><strong>Pr\u00e9paration \u00e0 domicile :<\/strong> V\u00e9rifier les toits, les goutti\u00e8res et les syst\u00e8mes de drainage afin d\u2019\u00e9viter les probl\u00e8mes li\u00e9s aux fortes pluies.<\/li>\n\n\n\n<li><strong>Pr\u00e9servation des ressources :<\/strong> Prot\u00e9ger les r\u00e9serves d\u2019eau et \u00e9viter la contamination par les s\u00e9diments.<\/li>\n\n\n\n<li><strong>Prudence sur les routes :<\/strong> Les routes peuvent devenir dangereuses avec l\u2019arriv\u00e9e des pluies, il est donc recommand\u00e9 de conduire avec prudence.<\/li>\n<\/ul>\n\n\n\n<p>Ces mesures pr\u00e9ventives sont essentielles pour minimiser les impacts n\u00e9gatifs et tirer parti des bienfaits de la saison des pluies.<\/p>\n\n\n\n<h2 class=\"wp-block-heading\">Conclusion<\/h2>\n\n\n\n<p>L\u2019arriv\u00e9e pr\u00e9coce de la saison des pluies au Costa Rica rappelle la nature dynamique du climat dans la r\u00e9gion. Ce ph\u00e9nom\u00e8ne met en \u00e9vidence l\u2019importance de la planification et de l\u2019adaptation afin de garantir que la population et les secteurs cl\u00e9s soient pr\u00eats \u00e0 affronter ces changements. De l&rsquo;agriculture au tourisme, l\u2019anticipation des pluies pr\u00e9sente \u00e0 la fois des d\u00e9fis et des opportunit\u00e9s.<\/p>\n","protected":false},"excerpt":{"rendered":"<p>Le Costa Rica est connu pour ses saisons climatiques bien d\u00e9finies, o\u00f9 la transition entre la saison s\u00e8che et la saison des pluies marque un changement important dans le quotidien. Cette ann\u00e9e, l&rsquo;Institut M\u00e9t\u00e9orologique National (IMN) a annonc\u00e9 que la saison des pluies arrivera plus t\u00f4t que pr\u00e9vu. Cette avance entra\u00eene plusieurs implications pour la [&hellip;]<\/p>\n","protected":false},"author":14,"featured_media":2455,"comment_status":"open","ping_status":"open","sticky":false,"template":"","format":"standard","meta":{"footnotes":""},"categories":[86,90],"tags":[],"class_list":["post-2454","post","type-post","status-publish","format-standard","has-post-thumbnail","hentry","category-actualites","category-climat-et-environnement"],"_links":{"self":[{"href":"https:\/\/peopleofcostarica.com\/fr\/wp-json\/wp\/v2\/posts\/2454","targetHints":{"allow":["GET"]}}],"collection":[{"href":"https:\/\/peopleofcostarica.com\/fr\/wp-json\/wp\/v2\/posts"}],"about":[{"href":"https:\/\/peopleofcostarica.com\/fr\/wp-json\/wp\/v2\/types\/post"}],"author":[{"embeddable":true,"href":"https:\/\/peopleofcostarica.com\/fr\/wp-json\/wp\/v2\/users\/14"}],"replies":[{"embeddable":true,"href":"https:\/\/peopleofcostarica.com\/fr\/wp-json\/wp\/v2\/comments?post=2454"}],"version-history":[{"count":1,"href":"https:\/\/peopleofcostarica.com\/fr\/wp-json\/wp\/v2\/posts\/2454\/revisions"}],"predecessor-version":[{"id":2459,"href":"https:\/\/peopleofcostarica.com\/fr\/wp-json\/wp\/v2\/posts\/2454\/revisions\/2459"}],"wp:featuredmedia":[{"embeddable":true,"href":"https:\/\/peopleofcostarica.com\/fr\/wp-json\/wp\/v2\/media\/2455"}],"wp:attachment":[{"href":"https:\/\/peopleofcostarica.com\/fr\/wp-json\/wp\/v2\/media?parent=2454"}],"wp:term":[{"taxonomy":"category","embeddable":true,"href":"https:\/\/peopleofcostarica.com\/fr\/wp-json\/wp\/v2\/categories?post=2454"},{"taxonomy":"post_tag","embeddable":true,"href":"https:\/\/peopleofcostarica.com\/fr\/wp-json\/wp\/v2\/tags?post=2454"}],"curies":[{"name":"wp","href":"https:\/\/api.w.org\/{rel}","templated":true}]}}