{"id":2445,"date":"2025-03-26T15:20:36","date_gmt":"2025-03-26T15:20:36","guid":{"rendered":"https:\/\/peopleofcostarica.com\/?p=2445"},"modified":"2025-03-26T15:21:42","modified_gmt":"2025-03-26T15:21:42","slug":"alerte-verte-la-commission-nationale-durgence-face-a-lactivite-du-volcan-poas","status":"publish","type":"post","link":"https:\/\/peopleofcostarica.com\/fr\/alerte-verte-la-commission-nationale-durgence-face-a-lactivite-du-volcan-poas\/","title":{"rendered":"Alerte Verte : La Commission Nationale d&rsquo;Urgence Face \u00e0 l&rsquo;Activit\u00e9 du Volcan Po\u00e1s"},"content":{"rendered":"\n<h2 class=\"wp-block-heading\"><strong>Introduction<\/strong><\/h2>\n\n\n\n<p>Au Costa Rica, la majest\u00e9 des volcans a toujours \u00e9t\u00e9 une source d\u2019admiration et de respect. Le volcan Po\u00e1s, l\u2019un des plus embl\u00e9matiques du pays, a r\u00e9cemment attir\u00e9 l\u2019attention en raison d\u2019une augmentation de son activit\u00e9 volcanique. Face \u00e0 cette situation, la Commission Nationale d\u2019Urgence (CNE) a \u00e9mis une alerte verte pour les communaut\u00e9s avoisinantes. Que signifie cette alerte et quelles sont ses implications ? Voici ce qu\u2019il faut savoir.<\/p>\n\n\n\n<h2 class=\"wp-block-heading\"><strong>Activit\u00e9 R\u00e9cente du Volcan Po\u00e1s<\/strong><\/h2>\n\n\n\n<p>Ces derniers jours, le volcan Po\u00e1s a montr\u00e9 des signes d\u2019activit\u00e9, caract\u00e9ris\u00e9s par l\u2019\u00e9mission de cendres, de gaz et de vapeur. Les \u00e9ruptions ont \u00e9t\u00e9 constantes, avec des colonnes atteignant jusqu\u2019\u00e0 150 m\u00e8tres de hauteur. Cette augmentation de l\u2019activit\u00e9 a suscit\u00e9 des inqui\u00e9tudes parmi les communaut\u00e9s voisines, notamment en raison des retomb\u00e9es de cendres qui pourraient affecter la qualit\u00e9 de l\u2019air et les sources d\u2019eau.<\/p>\n\n\n\n<p>Les experts soulignent que ce comportement est typique de la nature impr\u00e9visible des volcans actifs. Toutefois, une surveillance continue est essentielle pour garantir la s\u00e9curit\u00e9 des populations proches.<\/p>\n\n\n\n<h2 class=\"wp-block-heading\"><strong>L\u2019Alerte de la Commission Nationale d\u2019Urgence<\/strong><\/h2>\n\n\n\n<p>La CNE a \u00e9mis une alerte verte, une mesure pr\u00e9ventive indiquant un premier niveau de pr\u00e9occupation face \u00e0 l\u2019activit\u00e9 volcanique. Bien que cette alerte n\u2019implique pas d\u2019\u00e9vacuation imm\u00e9diate, elle exige une vigilance accrue de la part des autorit\u00e9s et de la population. \u00c0 ce stade, la surveillance du volcan est intensifi\u00e9e et la coordination entre les institutions scientifiques et gouvernementales est renforc\u00e9e.<\/p>\n\n\n\n<p>Les r\u00e9gions concern\u00e9es par cette alerte comprennent sept cantons o\u00f9 des retomb\u00e9es de cendres et d\u2019autres manifestations volcaniques ont \u00e9t\u00e9 signal\u00e9es. Les autorit\u00e9s exhortent les communaut\u00e9s \u00e0 suivre les protocoles de s\u00e9curit\u00e9 et \u00e0 rester attentives \u00e0 l\u2019\u00e9volution de la situation.<\/p>\n\n\n\n<h2 class=\"wp-block-heading\"><strong>Recommandations \u00e0 la Population<\/strong><\/h2>\n\n\n\n<p>La CNE a partag\u00e9 plusieurs recommandations pour minimiser les risques. Les plus importantes sont :<\/p>\n\n\n\n<ul class=\"wp-block-list\">\n<li>Se tenir inform\u00e9 via des sources officielles et \u00e9viter la propagation de rumeurs.<\/li>\n\n\n\n<li>Utiliser des masques pour prot\u00e9ger les voies respiratoires en cas de pr\u00e9sence de cendres dans l\u2019air.<\/li>\n\n\n\n<li>Couvrir les sources d\u2019eau et les r\u00e9cipients pour \u00e9viter leur contamination.<\/li>\n\n\n\n<li>\u00c9viter les activit\u00e9s en plein air dans les zones o\u00f9 des particules sont en suspension.<\/li>\n<\/ul>\n\n\n\n<p>Ces mesures visent \u00e0 prot\u00e9ger non seulement les habitants locaux, mais aussi les touristes visitant la r\u00e9gion.<\/p>\n\n\n\n<h2 class=\"wp-block-heading\"><strong>Impact sur le Parc National du Volcan Po\u00e1s<\/strong><\/h2>\n\n\n\n<p>En raison de l\u2019augmentation de l\u2019activit\u00e9 volcanique, les autorit\u00e9s ont d\u00e9cid\u00e9 de fermer temporairement le Parc National du Volcan Po\u00e1s. Cette d\u00e9cision vise \u00e0 garantir la s\u00e9curit\u00e9 des visiteurs et du personnel du parc, en attendant une \u00e9valuation plus approfondie de l\u2019activit\u00e9 du volcan.<\/p>\n\n\n\n<p>La fermeture du parc a des r\u00e9percussions sur le tourisme et l\u2019\u00e9conomie locale, notamment pour les entreprises qui d\u00e9pendent des visiteurs. Cependant, les autorit\u00e9s ont privil\u00e9gi\u00e9 la s\u00e9curit\u00e9 et s\u2019engagent \u00e0 informer en temps voulu sur la r\u00e9ouverture du site.<\/p>\n\n\n\n<h2 class=\"wp-block-heading\"><strong>Actions Futures et Surveillance<\/strong><\/h2>\n\n\n\n<p>L\u2019activit\u00e9 du Po\u00e1s fait l\u2019objet d\u2019un suivi constant par les experts de l\u2019Observatoire Volcanologique et Sismologique du Costa Rica (OVSICORI) et de la CNE. Les \u00e9quipes scientifiques recueillent des donn\u00e9es sur l\u2019activit\u00e9 sismique, les \u00e9missions de gaz et les caract\u00e9ristiques des \u00e9ruptions.<\/p>\n\n\n\n<p>La Commission Nationale d\u2019Urgence a indiqu\u00e9 \u00eatre pr\u00eate \u00e0 r\u00e9agir \u00e0 tout changement dans l\u2019activit\u00e9 du volcan et communiquera de nouvelles mesures si n\u00e9cessaire. Bien que l\u2019alerte verte ne signale pas un danger imm\u00e9diat, il est essentiel de rester pr\u00e9par\u00e9 et conscient des risques.<\/p>\n\n\n\n<h2 class=\"wp-block-heading\"><strong>Conclusion<\/strong><\/h2>\n\n\n\n<p>Le volcan Po\u00e1s est un rappel du pouvoir et de la beaut\u00e9 du paysage naturel du Costa Rica. Face \u00e0 son activit\u00e9 r\u00e9cente, la r\u00e9ponse coordonn\u00e9e de la CNE et les recommandations adress\u00e9es au public soulignent l\u2019importance de la pr\u00e9vention et de la s\u00e9curit\u00e9. Dans ces moments-l\u00e0, il est crucial que les citoyens adoptent une attitude responsable et suivent les instructions des autorit\u00e9s pour se prot\u00e9ger et prot\u00e9ger leurs familles.<\/p>\n\n\n\n<p>Chez <em>People of Costa Rica<\/em>, nous c\u00e9l\u00e9brons notre lien avec la nature et rappelons qu\u2019en p\u00e9riode d\u2019incertitude, la collaboration et l\u2019entraide sont essentielles pour surmonter tout d\u00e9fi.<\/p>\n","protected":false},"excerpt":{"rendered":"<p>Introduction Au Costa Rica, la majest\u00e9 des volcans a toujours \u00e9t\u00e9 une source d\u2019admiration et de respect. Le volcan Po\u00e1s, l\u2019un des plus embl\u00e9matiques du pays, a r\u00e9cemment attir\u00e9 l\u2019attention en raison d\u2019une augmentation de son activit\u00e9 volcanique. Face \u00e0 cette situation, la Commission Nationale d\u2019Urgence (CNE) a \u00e9mis une alerte verte pour les communaut\u00e9s [&hellip;]<\/p>\n","protected":false},"author":14,"featured_media":2446,"comment_status":"open","ping_status":"open","sticky":false,"template":"","format":"standard","meta":{"footnotes":""},"categories":[86,90,55],"tags":[],"class_list":["post-2445","post","type-post","status-publish","format-standard","has-post-thumbnail","hentry","category-actualites","category-climat-et-environnement","category-endroits-fr"],"_links":{"self":[{"href":"https:\/\/peopleofcostarica.com\/fr\/wp-json\/wp\/v2\/posts\/2445","targetHints":{"allow":["GET"]}}],"collection":[{"href":"https:\/\/peopleofcostarica.com\/fr\/wp-json\/wp\/v2\/posts"}],"about":[{"href":"https:\/\/peopleofcostarica.com\/fr\/wp-json\/wp\/v2\/types\/post"}],"author":[{"embeddable":true,"href":"https:\/\/peopleofcostarica.com\/fr\/wp-json\/wp\/v2\/users\/14"}],"replies":[{"embeddable":true,"href":"https:\/\/peopleofcostarica.com\/fr\/wp-json\/wp\/v2\/comments?post=2445"}],"version-history":[{"count":1,"href":"https:\/\/peopleofcostarica.com\/fr\/wp-json\/wp\/v2\/posts\/2445\/revisions"}],"predecessor-version":[{"id":2450,"href":"https:\/\/peopleofcostarica.com\/fr\/wp-json\/wp\/v2\/posts\/2445\/revisions\/2450"}],"wp:featuredmedia":[{"embeddable":true,"href":"https:\/\/peopleofcostarica.com\/fr\/wp-json\/wp\/v2\/media\/2446"}],"wp:attachment":[{"href":"https:\/\/peopleofcostarica.com\/fr\/wp-json\/wp\/v2\/media?parent=2445"}],"wp:term":[{"taxonomy":"category","embeddable":true,"href":"https:\/\/peopleofcostarica.com\/fr\/wp-json\/wp\/v2\/categories?post=2445"},{"taxonomy":"post_tag","embeddable":true,"href":"https:\/\/peopleofcostarica.com\/fr\/wp-json\/wp\/v2\/tags?post=2445"}],"curies":[{"name":"wp","href":"https:\/\/api.w.org\/{rel}","templated":true}]}}