{"id":2434,"date":"2025-03-24T15:17:54","date_gmt":"2025-03-24T15:17:54","guid":{"rendered":"https:\/\/peopleofcostarica.com\/?p=2434"},"modified":"2025-03-24T15:17:52","modified_gmt":"2025-03-24T15:17:52","slug":"simplification-du-paiement-par-carte-et-expansion-des-centres-de-recharge-pour-vehicules-electriques-au-costa-rica","status":"publish","type":"post","link":"https:\/\/peopleofcostarica.com\/fr\/simplification-du-paiement-par-carte-et-expansion-des-centres-de-recharge-pour-vehicules-electriques-au-costa-rica\/","title":{"rendered":"Simplification du paiement par carte et expansion des centres de recharge pour v\u00e9hicules \u00e9lectriques au Costa Rica"},"content":{"rendered":"\n<p>Dans le but de promouvoir la mobilit\u00e9 \u00e9lectrique et de faciliter l\u2019acc\u00e8s aux infrastructures de recharge, la Compa\u00f1\u00eda Nacional de Fuerza y Luz (CNFL) a r\u00e9cemment annonc\u00e9 des changements majeurs dans son service de recharge rapide pour v\u00e9hicules \u00e9lectriques. \u00c0 partir du 31 mars 2025, les utilisateurs pourront effectuer des paiements par carte de cr\u00e9dit et de d\u00e9bit, \u00e9liminant ainsi la n\u00e9cessit\u00e9 de cartes RFID sp\u00e9cifiques. Cette mesure est le fruit d\u2019une alliance strat\u00e9gique avec la Banque du Costa Rica (BCR).<\/p>\n\n\n\n<p><strong>Un acc\u00e8s plus simple pour tous<\/strong><\/p>\n\n\n\n<p>Jusqu\u2019\u00e0 pr\u00e9sent, l\u2019utilisation des chargeurs rapides n\u00e9cessitait l\u2019obtention d\u2019une carte RFID, ce qui repr\u00e9sentait un obstacle pour les utilisateurs nationaux et \u00e9trangers. Avec ce nouveau syst\u00e8me, disponible dans les 12 centres de recharge rapide existants dans la zone de concession de la CNFL, l\u2019objectif est de simplifier l\u2019acc\u00e8s et de favoriser l\u2019adoption des technologies propres. Luis Fernando Andr\u00e9s, directeur g\u00e9n\u00e9ral de la CNFL, a soulign\u00e9 que cette modernisation contribuera de mani\u00e8re significative \u00e0 r\u00e9duire les obstacles pour les utilisateurs.<\/p>\n\n\n\n<p><strong>Expansion du r\u00e9seau de recharge<\/strong><\/p>\n\n\n\n<p>En plus de la simplification des m\u00e9thodes de paiement, la CNFL a annonc\u00e9 l\u2019installation de six nouveaux centres de recharge rapide dans la Vall\u00e9e Centrale au cours de cette ann\u00e9e. Cette expansion s\u2019\u00e9tendra de R\u00edo Segundo, dans la province d\u2019Alajuela, jusqu\u2019\u00e0 Ochomogo, \u00e0 Cartago, couvrant un total de 21 cantons du Grand M\u00e9tropolitain (GAM). Gr\u00e2ce \u00e0 cette am\u00e9lioration, l\u2019entreprise vise \u00e0 r\u00e9pondre \u00e0 la demande croissante en infrastructures, accompagnant ainsi l\u2019augmentation du nombre de v\u00e9hicules \u00e9lectriques dans le pays.<\/p>\n\n\n\n<p><strong>Impact sur le d\u00e9veloppement durable<\/strong><\/p>\n\n\n\n<p>Le parc de v\u00e9hicules \u00e9lectriques au Costa Rica a connu une croissance remarquable, avec 22 732 unit\u00e9s enregistr\u00e9es \u00e0 la fin de 2024, selon l\u2019Association costaricienne de la mobilit\u00e9 \u00e9lectrique (Asomove). Ce chiffre refl\u00e8te l\u2019int\u00e9r\u00eat grandissant pour des alternatives de transport plus durables. Les centres de recharge rapide, capables de recharger 80 % de la batterie en seulement 20 minutes, offrent d\u00e9sormais une plus grande facilit\u00e9 de paiement, avec un tarif de \u00a2137 par minute, plus TVA.<\/p>\n\n\n\n<p><strong>Des efforts coordonn\u00e9s pour un avenir propre<\/strong><\/p>\n\n\n\n<p>L\u2019Institut costaricien de l\u2019\u00e9lectricit\u00e9 (ICE) participe \u00e9galement \u00e0 ces avanc\u00e9es, avec 38 centres de recharge rapide op\u00e9rationnels dans diff\u00e9rentes r\u00e9gions du pays. Silvia Rojas, directrice ex\u00e9cutive d\u2019Asomove, a soulign\u00e9 que l\u2019acc\u00e8s libre au paiement par carte constitue une \u00e9tape essentielle pour lever les obstacles \u00e0 l\u2019utilisation de ces stations.<\/p>\n\n\n\n<p>Gr\u00e2ce \u00e0 ces initiatives, le Costa Rica r\u00e9affirme son engagement en faveur du d\u00e9veloppement durable, facilitant la transition vers une mobilit\u00e9 \u00e9lectrique plus accessible \u00e0 tous.<\/p>\n","protected":false},"excerpt":{"rendered":"<p>Dans le but de promouvoir la mobilit\u00e9 \u00e9lectrique et de faciliter l\u2019acc\u00e8s aux infrastructures de recharge, la Compa\u00f1\u00eda Nacional de Fuerza y Luz (CNFL) a r\u00e9cemment annonc\u00e9 des changements majeurs dans son service de recharge rapide pour v\u00e9hicules \u00e9lectriques. \u00c0 partir du 31 mars 2025, les utilisateurs pourront effectuer des paiements par carte de cr\u00e9dit [&hellip;]<\/p>\n","protected":false},"author":14,"featured_media":2436,"comment_status":"open","ping_status":"open","sticky":false,"template":"","format":"standard","meta":{"footnotes":""},"categories":[28],"tags":[],"class_list":["post-2434","post","type-post","status-publish","format-standard","has-post-thumbnail","hentry","category-non-classifiee"],"_links":{"self":[{"href":"https:\/\/peopleofcostarica.com\/fr\/wp-json\/wp\/v2\/posts\/2434","targetHints":{"allow":["GET"]}}],"collection":[{"href":"https:\/\/peopleofcostarica.com\/fr\/wp-json\/wp\/v2\/posts"}],"about":[{"href":"https:\/\/peopleofcostarica.com\/fr\/wp-json\/wp\/v2\/types\/post"}],"author":[{"embeddable":true,"href":"https:\/\/peopleofcostarica.com\/fr\/wp-json\/wp\/v2\/users\/14"}],"replies":[{"embeddable":true,"href":"https:\/\/peopleofcostarica.com\/fr\/wp-json\/wp\/v2\/comments?post=2434"}],"version-history":[{"count":1,"href":"https:\/\/peopleofcostarica.com\/fr\/wp-json\/wp\/v2\/posts\/2434\/revisions"}],"predecessor-version":[{"id":2440,"href":"https:\/\/peopleofcostarica.com\/fr\/wp-json\/wp\/v2\/posts\/2434\/revisions\/2440"}],"wp:featuredmedia":[{"embeddable":true,"href":"https:\/\/peopleofcostarica.com\/fr\/wp-json\/wp\/v2\/media\/2436"}],"wp:attachment":[{"href":"https:\/\/peopleofcostarica.com\/fr\/wp-json\/wp\/v2\/media?parent=2434"}],"wp:term":[{"taxonomy":"category","embeddable":true,"href":"https:\/\/peopleofcostarica.com\/fr\/wp-json\/wp\/v2\/categories?post=2434"},{"taxonomy":"post_tag","embeddable":true,"href":"https:\/\/peopleofcostarica.com\/fr\/wp-json\/wp\/v2\/tags?post=2434"}],"curies":[{"name":"wp","href":"https:\/\/api.w.org\/{rel}","templated":true}]}}