{"id":2425,"date":"2025-03-22T09:00:00","date_gmt":"2025-03-22T09:00:00","guid":{"rendered":"https:\/\/peopleofcostarica.com\/?p=2425"},"modified":"2025-03-21T16:24:39","modified_gmt":"2025-03-21T16:24:39","slug":"gusticos-que-duran-500-anos-est-la-nouvelle-exposition-de-la-galerie-jose-luis-lopez-escarre","status":"publish","type":"post","link":"https:\/\/peopleofcostarica.com\/fr\/gusticos-que-duran-500-anos-est-la-nouvelle-exposition-de-la-galerie-jose-luis-lopez-escarre\/","title":{"rendered":"\u00ab\u00a0Gusticos que duran 500 a\u00f1os\u00a0\u00bb est la nouvelle exposition de la Galerie Jos\u00e9 Luis L\u00f3pez Escarr\u00e9"},"content":{"rendered":"\n<p><strong>La Galerie Jos\u00e9 Luis L\u00f3pez Escarr\u00e9, du Th\u00e9\u00e2tre National du Costa Rica, a inaugur\u00e9 l&rsquo;exposition <em>\u00ab\u00a0Gusticos que duran 500 a\u00f1os\u00a0\u00bb<\/em>, de Milena Somogyi.<\/strong><\/p>\n\n\n\n<ul class=\"wp-block-list\">\n<li>Une exposition de l\u2019artiste Milena Somogyi alliant design graphique, photographie et satire<\/li>\n\n\n\n<li>Visitez l&rsquo;exposition \u00e0 la Galerie Jos\u00e9 Luis L\u00f3pez Escarr\u00e9, situ\u00e9e dans le caf\u00e9 du Th\u00e9\u00e2tre National du Costa Rica<\/li>\n<\/ul>\n\n\n\n<p>San Jos\u00e9, 20 mars 2025 \u2013 La Galerie Jos\u00e9 Luis L\u00f3pez Escarr\u00e9, du Th\u00e9\u00e2tre National du Costa Rica, a inaugur\u00e9 l&rsquo;exposition <em>\u00ab\u00a0Gusticos que duran 500 a\u00f1os\u00a0\u00bb<\/em>, de Milena Somogyi.<\/p>\n\n\n\n<p>Cette exposition, qui sera disponible jusqu\u2019au 19 mai 2025, allie design graphique, photographie et satire. \u00ab\u00a0Les affiches mettent en \u00e9vidence la contradiction entre ce que nous aspirons \u00e0 \u00eatre et ce que nous sommes r\u00e9ellement ; le paradoxe d\u2019une soci\u00e9t\u00e9 de consommation qui, bien qu\u2019elle sache qu\u2019elle est insoutenable, persiste dans les m\u00eames pratiques. Gusticos que duran 500 a\u00f1os est donc une invitation \u00e0 nous interroger sur le fait que le chemin que nous empruntons correspond r\u00e9ellement au monde que nous souhaitons,\u00a0\u00bb a d\u00e9clar\u00e9 Milena Somogyi, l\u2019artiste de l\u2019exposition.<\/p>\n\n\n\n<p>\u00ab\u00a0Ces \u0153uvres sont n\u00e9es de mon projet final pour le dipl\u00f4me de Technicien en Photographie Num\u00e9rique de l\u2019Institut Technologique du Costa Rica en 2021. Nous \u00e9tions en pleine pand\u00e9mie et, \u00e0 cette \u00e9poque, je commandais beaucoup de nourriture \u00e0 domicile, ce qui m\u2019a amen\u00e9e \u00e0 accumuler une grande quantit\u00e9 de plastique et \u00e0 r\u00e9fl\u00e9chir sur mes habitudes de consommation et sur la mani\u00e8re dont le plastique est omnipr\u00e9sent,\u00a0\u00bb a ajout\u00e9 Somogyi.<\/p>\n\n\n\n<h3 class=\"wp-block-heading\">\u00c0 propos de l\u2019artiste<\/h3>\n\n\n\n<p>N\u00e9e en 1989 \u00e0 San Jos\u00e9, Costa Rica, Somogyi est une designer graphique dipl\u00f4m\u00e9e de l\u2019Universit\u00e9 du Costa Rica et une photographe form\u00e9e \u00e0 l\u2019Institut Technologique du Costa Rica (TEC).<\/p>\n\n\n\n<p>Sa carri\u00e8re englobe des projets \u00e9ditoriaux, tels que <em>Casa Garabato<\/em> et <em>Revista Uchinch\u00e9<\/em>, ainsi que des projets audiovisuels comme <em>\u00ab\u00a0Volviendo a la tierra que nos vio nacer\u00a0\u00bb<\/em> (2023), qui retrace la lutte pour la r\u00e9cup\u00e9ration des terres de la communaut\u00e9 indig\u00e8ne de China Kich\u00e1. Elle est \u00e9galement reconnue pour son travail en tant que designer, illustratrice, photographe et vid\u00e9aste \u00e0 l\u2019Organisation Internationale pour les Migrations (OIM).<\/p>\n\n\n\n<p>Passionn\u00e9e de cin\u00e9ma et de bande dessin\u00e9e, elle est la co-autrice de <em>\u00ab\u00a0Un Paseo\u00a0\u00bb<\/em>, s\u00e9lectionn\u00e9e parmi les 10 meilleures bandes dessin\u00e9es du Concours Centram\u00e9ricain de Bande Dessin\u00e9e de l\u2019Alliance Fran\u00e7aise en 2024.<\/p>\n","protected":false},"excerpt":{"rendered":"<p>La Galerie Jos\u00e9 Luis L\u00f3pez Escarr\u00e9, du Th\u00e9\u00e2tre National du Costa Rica, a inaugur\u00e9 l&rsquo;exposition \u00ab\u00a0Gusticos que duran 500 a\u00f1os\u00a0\u00bb, de Milena Somogyi. San Jos\u00e9, 20 mars 2025 \u2013 La Galerie Jos\u00e9 Luis L\u00f3pez Escarr\u00e9, du Th\u00e9\u00e2tre National du Costa Rica, a inaugur\u00e9 l&rsquo;exposition \u00ab\u00a0Gusticos que duran 500 a\u00f1os\u00a0\u00bb, de Milena Somogyi. Cette exposition, qui [&hellip;]<\/p>\n","protected":false},"author":14,"featured_media":2426,"comment_status":"open","ping_status":"open","sticky":false,"template":"","format":"standard","meta":{"footnotes":""},"categories":[28],"tags":[],"class_list":["post-2425","post","type-post","status-publish","format-standard","has-post-thumbnail","hentry","category-non-classifiee"],"_links":{"self":[{"href":"https:\/\/peopleofcostarica.com\/fr\/wp-json\/wp\/v2\/posts\/2425","targetHints":{"allow":["GET"]}}],"collection":[{"href":"https:\/\/peopleofcostarica.com\/fr\/wp-json\/wp\/v2\/posts"}],"about":[{"href":"https:\/\/peopleofcostarica.com\/fr\/wp-json\/wp\/v2\/types\/post"}],"author":[{"embeddable":true,"href":"https:\/\/peopleofcostarica.com\/fr\/wp-json\/wp\/v2\/users\/14"}],"replies":[{"embeddable":true,"href":"https:\/\/peopleofcostarica.com\/fr\/wp-json\/wp\/v2\/comments?post=2425"}],"version-history":[{"count":1,"href":"https:\/\/peopleofcostarica.com\/fr\/wp-json\/wp\/v2\/posts\/2425\/revisions"}],"predecessor-version":[{"id":2431,"href":"https:\/\/peopleofcostarica.com\/fr\/wp-json\/wp\/v2\/posts\/2425\/revisions\/2431"}],"wp:featuredmedia":[{"embeddable":true,"href":"https:\/\/peopleofcostarica.com\/fr\/wp-json\/wp\/v2\/media\/2426"}],"wp:attachment":[{"href":"https:\/\/peopleofcostarica.com\/fr\/wp-json\/wp\/v2\/media?parent=2425"}],"wp:term":[{"taxonomy":"category","embeddable":true,"href":"https:\/\/peopleofcostarica.com\/fr\/wp-json\/wp\/v2\/categories?post=2425"},{"taxonomy":"post_tag","embeddable":true,"href":"https:\/\/peopleofcostarica.com\/fr\/wp-json\/wp\/v2\/tags?post=2425"}],"curies":[{"name":"wp","href":"https:\/\/api.w.org\/{rel}","templated":true}]}}