{"id":2419,"date":"2025-03-21T15:03:54","date_gmt":"2025-03-21T15:03:54","guid":{"rendered":"https:\/\/peopleofcostarica.com\/?p=2419"},"modified":"2025-03-21T15:04:06","modified_gmt":"2025-03-21T15:04:06","slug":"profitez-des-arts-visuels-du-theatre-du-cinema-de-la-danse-et-de-nombreuses-autres-activites-ce-week-end","status":"publish","type":"post","link":"https:\/\/peopleofcostarica.com\/fr\/profitez-des-arts-visuels-du-theatre-du-cinema-de-la-danse-et-de-nombreuses-autres-activites-ce-week-end\/","title":{"rendered":"Profitez des arts visuels, du th\u00e9\u00e2tre, du cin\u00e9ma, de la danse et de nombreuses autres activit\u00e9s ce week-end"},"content":{"rendered":"\n<p><strong>Le Minist\u00e8re de la Culture et de la Jeunesse vous invite \u00e0 profiter d\u2019une s\u00e9rie d\u2019activit\u00e9s culturelles ce week-end, comprenant des arts visuels, du th\u00e9\u00e2tre, du cin\u00e9ma, de la danse, de la musique et d&rsquo;autres expressions artistiques. <\/strong><\/p>\n\n\n\n<p>San Jos\u00e9, 20 mars 2025. Le Minist\u00e8re de la Culture et de la Jeunesse vous invite \u00e0 profiter d\u2019une s\u00e9rie d\u2019activit\u00e9s culturelles ce week-end, comprenant des arts visuels, du th\u00e9\u00e2tre, du cin\u00e9ma, de la danse, de la musique et d&rsquo;autres expressions artistiques. Voici les d\u00e9tails :<\/p>\n\n\n\n<h2 class=\"wp-block-heading\">Exposition temporaire \u00ab\u00a0Loyaut\u00e9\u00a0\u00bb ouvre \u00e0 Alajuela <\/h2>\n\n\n\n<p>Le Mus\u00e9e Historique et Culturel Juan Santamar\u00eda (MHCJS) inaugure l\u2019exposition temporaire \u00ab\u00a0Loyaut\u00e9\u00a0\u00bb ce jeudi 20 mars 2025, \u00e0 17h, au MHCJS situ\u00e9 \u00e0 Alajuela. L\u2019exposition est un hommage posthume au c\u00e9l\u00e8bre artiste visuel costaricien Fernando Calvo S\u00e1nchez (1951-2025). <\/p>\n\n\n\n<p>Lors de la c\u00e9r\u00e9monie d\u2019ouverture, \u00e0 partir de 19h, l\u2019Orchestre National d\u2019Alajuela donnera un concert gratuit en comm\u00e9moration du 159e anniversaire de la bataille de Santa Rosa. <\/p>\n\n\n\n<p>Fernando Calvo S\u00e1nchez a laiss\u00e9 un h\u00e9ritage ind\u00e9l\u00e9bile dans les arts visuels costariciens. \u00ab\u00a0Loyaut\u00e9\u00a0\u00bb c\u00e9l\u00e8bre la vie et l&rsquo;\u0153uvre de l\u2019un des sculpteurs les plus \u00e9minents des arts plastiques nationaux. Tout au long de sa carri\u00e8re, Calvo a cherch\u00e9 \u00e0 transmettre des \u00e9motions humaines \u00e0 travers ses \u0153uvres, soulignant l&rsquo;importance de l\u2019art comme moyen de pr\u00e9server et de communiquer la m\u00e9moire historique et les identit\u00e9s nationales. <\/p>\n\n\n\n<p>\u00ab\u00a0Loyaut\u00e9\u00a0\u00bb pr\u00e9sente pr\u00e8s de 50 \u0153uvres, dont des sculptures, des gravures, des aquarelles et des acryliques. Elle sera ouverte au public jusqu\u2019au 29 juin 2025, du mardi au dimanche, de 9h \u00e0 17h, au MHCJS. L\u2019entr\u00e9e est gratuite et ouverte \u00e0 tous.<\/p>\n\n\n\n<h2 class=\"wp-block-heading\">\u00ab\u00a0Mon fils marche juste un peu plus lentement\u00a0\u00bb au Th\u00e9\u00e2tre La Aduana <\/h2>\n\n\n\n<p>\u00c0 partir de ce vendredi 21 mars, le Th\u00e9\u00e2tre de La Aduana pr\u00e9sente la pi\u00e8ce \u00ab\u00a0Mon fils marche juste un peu plus lentement\u00a0\u00bb. Cette production revient, offrant au public costaricien une nouvelle occasion de d\u00e9couvrir cette histoire \u00e9mouvante. <\/p>\n\n\n\n<p>Mise en sc\u00e8ne par Gladys Alzate et interpr\u00e9t\u00e9e par la compagnie Gar\u00faaTeatro, cette pi\u00e8ce du dramaturge croate Ivor Martini\u0107 invite le public \u00e0 un voyage \u00e9motionnel profond et poignant. <\/p>\n\n\n\n<p>La mise en sc\u00e8ne met en avant un casting de com\u00e9diens exp\u00e9riment\u00e9s aux c\u00f4t\u00e9s de jeunes talents, cr\u00e9ant un dialogue interg\u00e9n\u00e9rationnel enrichissant. Parmi eux, Carlos Alvarado, Vicky Montero, Karen Mora, Jos\u00e9 Elizondo, Natalia Regidor, Winston Washington, Karla Barquero, Ilse Faith, Juli\u00e1n Valverde et Manfred Ram\u00edrez. <\/p>\n\n\n\n<p>Les repr\u00e9sentations auront lieu du 21 au 30 mars, les vendredis et samedis \u00e0 19h, et les dimanches \u00e0 17h, au Th\u00e9\u00e2tre de La Aduana. Les billets sont disponibles sur le site : <a href=\"https:\/\/ticketshow.cr\/MIHIJOSOLOCAMINAUNPOCOMSLENTO\" target=\"_blank\" rel=\"noopener\">https:\/\/ticketshow.cr\/MIHIJOSOLOCAMINAUNPOCOMSLENTO<\/a>, au prix de 9 000 colones ; \u00e9tudiants et seniors b\u00e9n\u00e9ficient d\u2019un tarif r\u00e9duit \u00e0 6 000 colones.<\/p>\n\n\n\n<h2 class=\"wp-block-heading\">Profitez d\u2019une s\u00e9lection de films et d\u2019un spectacle de la Compagnie Nationale de Danse <\/h2>\n\n\n\n<p>Le Minist\u00e8re de la Culture et de la Jeunesse propose un week-end riche en cin\u00e9ma avec le cycle \u00ab\u00a0Territoires : Qu\u00e9bec\u00a0\u00bb du programme \u00ab\u00a0Pr\u00e9ambule\u00a0\u00bb du Centre du Cin\u00e9ma, ainsi que trois projections sp\u00e9ciales dans le cadre de \u00ab\u00a0Am\u00f3n Cultura 2025\u00a0\u00bb, o\u00f9 se produira \u00e9galement la Compagnie Nationale de Danse. <\/p>\n\n\n\n<p>Le cycle \u00ab\u00a0Territoires : Qu\u00e9bec\u00a0\u00bb d\u00e9butera ce jeudi 20 mars \u00e0 19h avec la fiction \u00ab\u00a0Eviction\u00a0\u00bb, r\u00e9alis\u00e9e par Mathilde Capone. Le vendredi 21 mars, \u00e0 19h, sera projet\u00e9 \u00ab\u00a0H\u00f4tel Silence\u00a0\u00bb, une fiction r\u00e9alis\u00e9e par L\u00e9a Pool. Le samedi 22 mars, une double s\u00e9ance est pr\u00e9vue : \u00e0 17h \u00ab\u00a0Festin Bor\u00e9al\u00a0\u00bb de Robert Morin, et \u00e0 19h \u00ab\u00a0Ababouin\u00e9\u00a0\u00bb d\u2019Andr\u00e9 Forcie.<\/p>\n\n\n\n<p>Am\u00f3n Culturel. \u00ab\u00a0Pr\u00e9ambule\u00a0\u00bb participera \u00e0 \u00ab\u00a0Am\u00f3n Culturel\u00a0\u00bb ce samedi 22 mars avec la projection de trois documentaires et courts-m\u00e9trages. La premi\u00e8re s\u00e9ance, \u00e0 15h, sera le documentaire costaricien \u00ab\u00a0Femmes de la mangrove\u00a0\u00bb d\u2019Astrid Peraza ; \u00e0 15h30, place \u00e0 la fiction costaricienne \u00ab\u00a0Partiellement nuageux avec risque d\u2019orage\u00a0\u00bb, r\u00e9alis\u00e9e par Nicole Villalobos. La journ\u00e9e se cl\u00f4turera \u00e0 16h avec \u00ab\u00a0Costa Rica 1975\u00a0\u00bb, un documentaire de Carlos M. S\u00e1enz. <\/p>\n\n\n\n<p>Toutes les projections sont gratuites et ouvertes \u00e0 tous et auront lieu au Centre du Cin\u00e9ma du Costa Rica, situ\u00e9 rue 11, avenue 9, derri\u00e8re l&rsquo;Institut National d\u2019Assurances. <\/p>\n\n\n\n<p>De plus, la Compagnie Nationale de Danse pr\u00e9sentera un extrait de son spectacle \u00ab\u00a0La Neuvi\u00e8me\u00a0\u00bb \u00e0 17h, dans le cadre du XVIIIe Festival Intercampus de Danse, qui se d\u00e9roulera sur la Sc\u00e8ne TEC, dans le cadre d\u2019Am\u00f3n Culturel.<\/p>\n\n\n\n<h2 class=\"wp-block-heading\">En bref | Agenda Culturel<\/h2>\n\n\n\n<p>Musique <\/p>\n\n\n\n<ul class=\"wp-block-list\">\n<li>Orchestre National d\u2019Heredia | Concert \u00ab\u00a0Femmes dans la Musique\u00a0\u00bb. Direction musicale d\u2019Ana Pamela Goyenaga Gonz\u00e1lez, cheffe invit\u00e9e ; Solistes : Carolina Rojas (hautbois) et Carolina Montero (clarinette). Musique de compositrices. Le 20 mars, 18h, Centre Culturel H\u00e9r\u00e9di\u00e9n Omar Dengo.<\/li>\n<\/ul>\n\n\n\n<p>Th\u00e9\u00e2tre, <\/p>\n\n\n\n<ul class=\"wp-block-list\">\n<li>Musique et Arts Visuels \u00ab\u00a0Une Nuit au Mus\u00e9e\u00a0\u00bb | Spectacles de th\u00e9\u00e2tre, musique et expositions artistiques au Mus\u00e9e Historique et Culturel Juan Santamar\u00eda. Initiative du Mus\u00e9e Historique et Culturel Juan Santamar\u00eda, de l\u2019Universit\u00e9 Technique Nationale et du Technologique du Costa Rica. Ce vendredi 21 mars \u00e0 18h, au MHCJS \u00e0 Alajuela. Entr\u00e9e gratuite.<\/li>\n<\/ul>\n\n\n\n<p>Th\u00e9\u00e2tre <\/p>\n\n\n\n<ul class=\"wp-block-list\">\n<li>\u00ab\u00a0La Torche \u00c9blouissante\u00a0\u00bb, un monologue historique du groupe de th\u00e9\u00e2tre costaricien La Tea Producciones, \u00e9crit par Jorge Arroyo et interpr\u00e9t\u00e9 par Roberto Zeled\u00f3n. Repr\u00e9sentation unique le samedi 22 mars \u00e0 19h, au Mus\u00e9e Historique et Culturel Juan Santamar\u00eda (MHCJS). Entr\u00e9e libre, sans r\u00e9servation pr\u00e9alable.<\/li>\n<\/ul>\n","protected":false},"excerpt":{"rendered":"<p>Le Minist\u00e8re de la Culture et de la Jeunesse vous invite \u00e0 profiter d\u2019une s\u00e9rie d\u2019activit\u00e9s culturelles ce week-end, comprenant des arts visuels, du th\u00e9\u00e2tre, du cin\u00e9ma, de la danse, de la musique et d&rsquo;autres expressions artistiques. San Jos\u00e9, 20 mars 2025. Le Minist\u00e8re de la Culture et de la Jeunesse vous invite \u00e0 profiter [&hellip;]<\/p>\n","protected":false},"author":14,"featured_media":2414,"comment_status":"open","ping_status":"open","sticky":false,"template":"","format":"standard","meta":{"footnotes":""},"categories":[28],"tags":[],"class_list":["post-2419","post","type-post","status-publish","format-standard","has-post-thumbnail","hentry","category-non-classifiee"],"_links":{"self":[{"href":"https:\/\/peopleofcostarica.com\/fr\/wp-json\/wp\/v2\/posts\/2419","targetHints":{"allow":["GET"]}}],"collection":[{"href":"https:\/\/peopleofcostarica.com\/fr\/wp-json\/wp\/v2\/posts"}],"about":[{"href":"https:\/\/peopleofcostarica.com\/fr\/wp-json\/wp\/v2\/types\/post"}],"author":[{"embeddable":true,"href":"https:\/\/peopleofcostarica.com\/fr\/wp-json\/wp\/v2\/users\/14"}],"replies":[{"embeddable":true,"href":"https:\/\/peopleofcostarica.com\/fr\/wp-json\/wp\/v2\/comments?post=2419"}],"version-history":[{"count":1,"href":"https:\/\/peopleofcostarica.com\/fr\/wp-json\/wp\/v2\/posts\/2419\/revisions"}],"predecessor-version":[{"id":2421,"href":"https:\/\/peopleofcostarica.com\/fr\/wp-json\/wp\/v2\/posts\/2419\/revisions\/2421"}],"wp:featuredmedia":[{"embeddable":true,"href":"https:\/\/peopleofcostarica.com\/fr\/wp-json\/wp\/v2\/media\/2414"}],"wp:attachment":[{"href":"https:\/\/peopleofcostarica.com\/fr\/wp-json\/wp\/v2\/media?parent=2419"}],"wp:term":[{"taxonomy":"category","embeddable":true,"href":"https:\/\/peopleofcostarica.com\/fr\/wp-json\/wp\/v2\/categories?post=2419"},{"taxonomy":"post_tag","embeddable":true,"href":"https:\/\/peopleofcostarica.com\/fr\/wp-json\/wp\/v2\/tags?post=2419"}],"curies":[{"name":"wp","href":"https:\/\/api.w.org\/{rel}","templated":true}]}}