{"id":2407,"date":"2025-03-24T10:00:00","date_gmt":"2025-03-24T10:00:00","guid":{"rendered":"https:\/\/peopleofcostarica.com\/?p=2407"},"modified":"2025-03-20T21:09:39","modified_gmt":"2025-03-20T21:09:39","slug":"loyaute-lexposition-rend-hommage-posthume-a-lartiste-visuel-fernando-calvo-sanchez","status":"publish","type":"post","link":"https:\/\/peopleofcostarica.com\/fr\/loyaute-lexposition-rend-hommage-posthume-a-lartiste-visuel-fernando-calvo-sanchez\/","title":{"rendered":"\u00ab\u00a0Loyaut\u00e9\u00a0\u00bb : L&rsquo;exposition rend hommage posthume \u00e0 l&rsquo;artiste visuel Fernando Calvo S\u00e1nchez"},"content":{"rendered":"\n<p><strong>Le Mus\u00e9e Historique et Culturel Juan Santamar\u00eda invite le public \u00e0 l&rsquo;ouverture de l&rsquo;exposition temporaire \u00ab\u00a0Loyaut\u00e9\u00a0\u00bb, un hommage posthume \u00e0 l&rsquo;artiste visuel costaricien Fernando Calvo S\u00e1nchez (1951-2025).<\/strong><\/p>\n\n\n\n<ul class=\"wp-block-list\">\n<li><em>L&rsquo;exposition ouvre au public le 20 mars \u00e0 17h00, au Mus\u00e9e Historique et Culturel Juan Santamar\u00eda \u00e0 Alajuela.<\/em><\/li>\n\n\n\n<li><em>\u00ab\u00a0Loyaut\u00e9\u00a0\u00bb r\u00e9unit pr\u00e8s de 50 \u0153uvres, r\u00e9parties dans trois salles th\u00e9matiques qui refl\u00e8tent la d\u00e9votion de Calvo pour l&rsquo;art.<\/em><\/li>\n\n\n\n<li><em>L&rsquo;exposition c\u00e9l\u00e8bre la vie et l&rsquo;h\u00e9ritage de l&rsquo;un des sculpteurs les plus \u00e9minents des arts visuels nationaux, d\u00e9c\u00e9d\u00e9 le 10 mars 2025.<\/em><\/li>\n<\/ul>\n\n\n\n<p>San Jos\u00e9, 18 mars 2025. Le Mus\u00e9e Historique et Culturel Juan Santamar\u00eda (MHCJS) invite le public \u00e0 l&rsquo;ouverture de l&rsquo;exposition temporaire \u00ab\u00a0Loyaut\u00e9\u00a0\u00bb, un hommage posthume \u00e0 l&rsquo;artiste visuel costaricien Fernando Calvo S\u00e1nchez (1951-2025).<\/p>\n\n\n\n<p>L&rsquo;exposition comprendra pr\u00e8s de 50 \u0153uvres, dont des sculptures, des gravures, des aquarelles et des acryliques, et sera accessible au public gratuitement du 20 mars au 29 juin 2025, dans les installations du MHCJS.<\/p>\n\n\n\n<p>Fernando Calvo S\u00e1nchez a laiss\u00e9 un h\u00e9ritage ind\u00e9l\u00e9bile dans le domaine des arts visuels costariciens, c&rsquo;est pourquoi \u00ab\u00a0Loyaut\u00e9\u00a0\u00bb c\u00e9l\u00e8bre la vie et l&rsquo;\u0153uvre de l&rsquo;un des sculpteurs les plus remarquables des arts plastiques nationaux. Tout au long de sa carri\u00e8re, Calvo a cherch\u00e9 \u00e0 transmettre des \u00e9motions humaines \u00e0 travers ses \u0153uvres, mettant en valeur l&rsquo;importance de son art comme moyen de pr\u00e9server et de communiquer la m\u00e9moire historique et les identit\u00e9s nationales.<\/p>\n\n\n\n<p>L&rsquo;inauguration de \u00ab\u00a0Loyaut\u00e9\u00a0\u00bb aura lieu le jeudi 20 mars 2025, \u00e0 17h00, au Mus\u00e9e Historique et Culturel Juan Santamar\u00eda (MHCJS) \u00e0 Alajuela. Ensuite, \u00e0 19h00, la Banda Nationale d&rsquo;Alajuela offrira un concert gratuit en comm\u00e9moration du 159e anniversaire de la Bataille de Santa Rosa.<\/p>\n\n\n\n<p><strong>\u00ab\u00a0Loyaut\u00e9\u00a0\u00bb en d\u00e9tail.<\/strong><\/p>\n\n\n\n<p>L&rsquo;exposition \u00ab\u00a0Loyaut\u00e9\u00a0\u00bb pr\u00e9sente une s\u00e9lection d&rsquo;\u0153uvres qui refl\u00e8tent des moments cl\u00e9s de l&rsquo;histoire costaricienne, des th\u00e8mes sociopolitiques et la condition des personnes sans-abri. Elle met \u00e9galement en lumi\u00e8re le concept de loyaut\u00e9 dans la pratique artistique de Fernando Calvo, montrant comment son d\u00e9vouement et son amour de l&rsquo;art ont perdur\u00e9 tout au long de sa vie.<\/p>\n\n\n\n<p>Un aspect important de l&rsquo;exposition est la r\u00e9flexion sur la condition des personnes sans-abri. \u00c0 travers l&rsquo;art, on explore la vie et la cr\u00e9ativit\u00e9 de ces individus, favorisant une meilleure compr\u00e9hension et empathie \u00e0 leur \u00e9gard en tant que sujets cr\u00e9atifs et pr\u00e9cieux.<\/p>\n\n\n\n<p>Les trois salles th\u00e9matiques de l&rsquo;exposition \u2013 \u00ab\u00a0Amour \u00e9ternel\u00a0\u00bb, \u00ab\u00a0Art loyal\u00a0\u00bb et \u00ab\u00a0Fid\u00e9lit\u00e9 in\u00e9branlable\u00a0\u00bb \u2013 ont \u00e9t\u00e9 inspir\u00e9es par un \u00e9crit de Fernando Calvo lui-m\u00eame, sur un papier de sa main, qui disait :<br>\u00ab\u00a0L&rsquo;art est un amour qui dure pour toujours.<br>Et peu importe s&rsquo;il est laid, mauvais, beau ou bon\u2026<br>Il ne t&rsquo;abandonne jamais, il ne te trahit jamais !<br>Il reste avec toi toute la vie&#8230;<br>Loyaut\u00e9, loyaut\u00e9 !\u00a0\u00bb<br>F. Calvo, 2025<\/p>\n\n\n\n<p>La salle \u00ab\u00a0Amour \u00e9ternel\u00a0\u00bb rend hommage aux anc\u00eatres costariciens et met en lumi\u00e8re des moments significatifs de la Campagne nationale de 1856-1857, ce qui d\u00e9montre la d\u00e9votion de Fernando Calvo \u00e0 pr\u00e9server la m\u00e9moire historique de son pays.<\/p>\n\n\n\n<p>La salle \u00ab\u00a0Art loyal\u00a0\u00bb refl\u00e8te la vision du monde de Fernando Calvo et son engagement \u00e0 dignifier les personnages et les paysages de la subalternit\u00e9, mettant en valeur son effort pour donner une voix \u00e0 ceux qui restent habituellement en marge de la soci\u00e9t\u00e9.<\/p>\n\n\n\n<p>Enfin, la salle \u00ab\u00a0Fid\u00e9lit\u00e9 in\u00e9branlable\u00a0\u00bb symbolise la cr\u00e9ativit\u00e9 et la fid\u00e9lit\u00e9 des personnes sans-abri, montrant comment l&rsquo;art devient un soutien et une source d&rsquo;espoir. Cette salle met en \u00e9vidence la sensibilit\u00e9 et l&#8217;empathie de Fernando Calvo envers les plus vuln\u00e9rables, tout en r\u00e9affirmant sa croyance en le pouvoir transformateur de l&rsquo;art.<\/p>\n\n\n\n<p>Mar\u00eda Ot\u00e1rola Luna, directrice du MHCJS, a d\u00e9clar\u00e9 : \u00ab\u00a0Un artiste remarquable par son amour de l&rsquo;art et de la culture, avec un travail magnifique dans diverses techniques, nous emm\u00e8nera dans un voyage social, \u00e9ducatif et culturel. Une exposition qui permettra \u00e0 nos visiteurs d&rsquo;avoir une perspective diff\u00e9rente de la Campagne nationale de 1856-1857 et, en m\u00eame temps, de d\u00e9couvrir et de reconna\u00eetre des activit\u00e9s sociales v\u00e9cues dans certains recoins de notre pays. Nous rendons hommage au grand \u00eatre humain et artiste qu&rsquo;\u00e9tait Fernando Calvo.\u00a0\u00bb<\/p>\n\n\n\n<p>L&rsquo;exposition \u00ab\u00a0Loyaut\u00e9\u00a0\u00bb de Fernando Calvo S\u00e1nchez sera pr\u00e9sent\u00e9e dans les salles Jos\u00e9 Ma. Ca\u00f1as Escamilla, situ\u00e9es au deuxi\u00e8me \u00e9tage du MHCJS.<\/p>\n\n\n\n<p>Le Mus\u00e9e Historique et Culturel Juan Santamar\u00eda (MHCJS) est ouvert du mardi au dimanche, de 9h00 \u00e0 17h00. L&rsquo;entr\u00e9e est gratuite et ouverte \u00e0 tous. \u00ab\u00a0Cette exposition cherche \u00e0 inspirer la fiert\u00e9, l&rsquo;appartenance et l&rsquo;identit\u00e9, en connectant les visiteurs avec le pass\u00e9 et en maintenant vivante la m\u00e9moire de ceux qui ont forg\u00e9 la nation costaricienne\u00a0\u00bb, a inform\u00e9 le MHCJS.<\/p>\n","protected":false},"excerpt":{"rendered":"<p>Le Mus\u00e9e Historique et Culturel Juan Santamar\u00eda invite le public \u00e0 l&rsquo;ouverture de l&rsquo;exposition temporaire \u00ab\u00a0Loyaut\u00e9\u00a0\u00bb, un hommage posthume \u00e0 l&rsquo;artiste visuel costaricien Fernando Calvo S\u00e1nchez (1951-2025). San Jos\u00e9, 18 mars 2025. Le Mus\u00e9e Historique et Culturel Juan Santamar\u00eda (MHCJS) invite le public \u00e0 l&rsquo;ouverture de l&rsquo;exposition temporaire \u00ab\u00a0Loyaut\u00e9\u00a0\u00bb, un hommage posthume \u00e0 l&rsquo;artiste visuel [&hellip;]<\/p>\n","protected":false},"author":14,"featured_media":2410,"comment_status":"open","ping_status":"open","sticky":false,"template":"","format":"standard","meta":{"footnotes":""},"categories":[28],"tags":[],"class_list":["post-2407","post","type-post","status-publish","format-standard","has-post-thumbnail","hentry","category-non-classifiee"],"_links":{"self":[{"href":"https:\/\/peopleofcostarica.com\/fr\/wp-json\/wp\/v2\/posts\/2407","targetHints":{"allow":["GET"]}}],"collection":[{"href":"https:\/\/peopleofcostarica.com\/fr\/wp-json\/wp\/v2\/posts"}],"about":[{"href":"https:\/\/peopleofcostarica.com\/fr\/wp-json\/wp\/v2\/types\/post"}],"author":[{"embeddable":true,"href":"https:\/\/peopleofcostarica.com\/fr\/wp-json\/wp\/v2\/users\/14"}],"replies":[{"embeddable":true,"href":"https:\/\/peopleofcostarica.com\/fr\/wp-json\/wp\/v2\/comments?post=2407"}],"version-history":[{"count":1,"href":"https:\/\/peopleofcostarica.com\/fr\/wp-json\/wp\/v2\/posts\/2407\/revisions"}],"predecessor-version":[{"id":2412,"href":"https:\/\/peopleofcostarica.com\/fr\/wp-json\/wp\/v2\/posts\/2407\/revisions\/2412"}],"wp:featuredmedia":[{"embeddable":true,"href":"https:\/\/peopleofcostarica.com\/fr\/wp-json\/wp\/v2\/media\/2410"}],"wp:attachment":[{"href":"https:\/\/peopleofcostarica.com\/fr\/wp-json\/wp\/v2\/media?parent=2407"}],"wp:term":[{"taxonomy":"category","embeddable":true,"href":"https:\/\/peopleofcostarica.com\/fr\/wp-json\/wp\/v2\/categories?post=2407"},{"taxonomy":"post_tag","embeddable":true,"href":"https:\/\/peopleofcostarica.com\/fr\/wp-json\/wp\/v2\/tags?post=2407"}],"curies":[{"name":"wp","href":"https:\/\/api.w.org\/{rel}","templated":true}]}}