{"id":2387,"date":"2025-03-22T10:00:00","date_gmt":"2025-03-22T10:00:00","guid":{"rendered":"https:\/\/peopleofcostarica.com\/?p=2387"},"modified":"2025-03-20T20:00:39","modified_gmt":"2025-03-20T20:00:39","slug":"histoires-de-mon-ecole-un-concours-invite-les-ecoliers-a-ecrire-sur-limportance-de-la-cooperation-en-communaute","status":"publish","type":"post","link":"https:\/\/peopleofcostarica.com\/fr\/histoires-de-mon-ecole-un-concours-invite-les-ecoliers-a-ecrire-sur-limportance-de-la-cooperation-en-communaute\/","title":{"rendered":"\u00ab\u00a0Histoires de mon \u00e9cole\u00a0\u00bb : Un concours invite les \u00e9coliers \u00e0 \u00e9crire sur l&rsquo;importance de la coop\u00e9ration en communaut\u00e9"},"content":{"rendered":"\n<p><strong>19 mars 2025 \u2013 Virtuel \u2013 Cons\u00e9cutif 082<\/strong><\/p>\n\n\n\n<p>La p\u00e9riode de participation pour l&rsquo;\u00e9dition <strong>2025 du concours \u00ab\u00a0Histoires de mon \u00e9cole\u00a0\u00bb<\/strong> est maintenant ouverte ! Cette initiative vise \u00e0 stimuler la <strong>cr\u00e9ativit\u00e9, la lecture et l&rsquo;\u00e9criture<\/strong> chez les enfants \u00e2g\u00e9s de <strong>7 \u00e0 12 ans<\/strong>.<\/p>\n\n\n\n<p>San Jos\u00e9, 19 mars 2025 \u2013 Le concours \u00ab\u00a0Histoires de mon \u00e9cole\u00a0\u00bb revient pour sa cinqui\u00e8me \u00e9dition, invitant les jeunes \u00e9crivains \u00e0 explorer le th\u00e8me \u00ab\u00a0La valeur de la coop\u00e9ration\u00a0\u00bb. Cette ann\u00e9e, le sujet c\u00e9l\u00e8bre l&rsquo;Ann\u00e9e internationale des coop\u00e9ratives, encourageant les \u00e9l\u00e8ves \u00e0 r\u00e9fl\u00e9chir \u00e0 l&rsquo;importance du travail d&rsquo;\u00e9quipe \u00e0 travers l&rsquo;\u00e9criture.<\/p>\n\n\n\n<p>Le concours est organis\u00e9 par l&rsquo;initiative \u00e9ducative Carretica Cuentera, avec le soutien du Minist\u00e8re de la Culture et de la Jeunesse, \u00e0 travers la Biblioth\u00e8que nationale du Costa Rica, le Minist\u00e8re de l&rsquo;\u00c9ducation publique, le Patronat national de l&rsquo;enfance (PANI) et le Centre d&rsquo;\u00c9tudes et de Formation Coop\u00e9rative (CENECOOP).<\/p>\n\n\n\n<p>Les participants sont encourag\u00e9s \u00e0 mettre en avant, dans leurs r\u00e9cits, la mani\u00e8re dont les valeurs coop\u00e9ratives peuvent \u00eatre appliqu\u00e9es d\u00e8s l\u2019enfance.<\/p>\n\n\n\n<p>La p\u00e9riode de soumission est ouverte du 19 mars jusqu\u2019au vendredi 11 avril 2025 \u00e0 16h00. Les gagnants seront annonc\u00e9s le mercredi 23 avril 2025, \u00e0 l\u2019occasion de la Journ\u00e9e internationale du livre.<\/p>\n\n\n\n<p>Le concours r\u00e9compensera l\u2019histoire la plus cr\u00e9ative avec des livres de Carretica Cuentera ainsi que des prix surprises pour les trois premiers laur\u00e9ats. De plus, les trois histoires gagnantes seront publi\u00e9es sur les r\u00e9seaux sociaux de Carretica Cuentera.<\/p>\n\n\n\n<p>Comment participer ?<\/p>\n\n\n\n<p>Les personnes int\u00e9ress\u00e9es peuvent s\u2019inscrire en remplissant le formulaire en ligne disponible ici : <a href=\"https:\/\/forms.gle\/ZntSwJiC2gf6QYrR9\" target=\"_blank\" rel=\"noopener\">https:\/\/forms.gle\/ZntSwJiC2gf6QYrR9<\/a><\/p>\n\n\n\n<p>Le jury \u00e9valuera chaque histoire selon des crit\u00e8res de cr\u00e9ativit\u00e9, orthographe, originalit\u00e9 et narration. Les textes soumis devront faire une page maximum.<\/p>\n\n\n\n<p>Les gagnants seront annonc\u00e9s le 23 avril 2025, via les r\u00e9seaux sociaux de Carretica Cuentera, du CENECOOP et du Minist\u00e8re de la Culture et de la Jeunesse.<\/p>\n\n\n\n<p>Les \u00e9l\u00e8ves n&rsquo;ayant pas acc\u00e8s \u00e0 Internet peuvent tout de m\u00eame participer en envoyant une photo claire de leur histoire manuscrite via leur enseignant(e), biblioth\u00e9caire ou parent. Les soumissions doivent \u00eatre envoy\u00e9es par e-mail \u00e0 <a href=\"mailto:carreticacuentera@gmail.com\">carreticacuentera@gmail.com<\/a>, en incluant : nom complet de l&rsquo;\u00e9l\u00e8ve, nom et section de l&rsquo;\u00e9cole et le num\u00e9ro de contact d\u2019un parent ou tuteur. <\/p>\n","protected":false},"excerpt":{"rendered":"<p>19 mars 2025 \u2013 Virtuel \u2013 Cons\u00e9cutif 082 La p\u00e9riode de participation pour l&rsquo;\u00e9dition 2025 du concours \u00ab\u00a0Histoires de mon \u00e9cole\u00a0\u00bb est maintenant ouverte ! Cette initiative vise \u00e0 stimuler la cr\u00e9ativit\u00e9, la lecture et l&rsquo;\u00e9criture chez les enfants \u00e2g\u00e9s de 7 \u00e0 12 ans. San Jos\u00e9, 19 mars 2025 \u2013 Le concours \u00ab\u00a0Histoires de [&hellip;]<\/p>\n","protected":false},"author":14,"featured_media":2389,"comment_status":"open","ping_status":"open","sticky":false,"template":"","format":"standard","meta":{"footnotes":""},"categories":[28],"tags":[],"class_list":["post-2387","post","type-post","status-publish","format-standard","has-post-thumbnail","hentry","category-non-classifiee"],"_links":{"self":[{"href":"https:\/\/peopleofcostarica.com\/fr\/wp-json\/wp\/v2\/posts\/2387","targetHints":{"allow":["GET"]}}],"collection":[{"href":"https:\/\/peopleofcostarica.com\/fr\/wp-json\/wp\/v2\/posts"}],"about":[{"href":"https:\/\/peopleofcostarica.com\/fr\/wp-json\/wp\/v2\/types\/post"}],"author":[{"embeddable":true,"href":"https:\/\/peopleofcostarica.com\/fr\/wp-json\/wp\/v2\/users\/14"}],"replies":[{"embeddable":true,"href":"https:\/\/peopleofcostarica.com\/fr\/wp-json\/wp\/v2\/comments?post=2387"}],"version-history":[{"count":1,"href":"https:\/\/peopleofcostarica.com\/fr\/wp-json\/wp\/v2\/posts\/2387\/revisions"}],"predecessor-version":[{"id":2392,"href":"https:\/\/peopleofcostarica.com\/fr\/wp-json\/wp\/v2\/posts\/2387\/revisions\/2392"}],"wp:featuredmedia":[{"embeddable":true,"href":"https:\/\/peopleofcostarica.com\/fr\/wp-json\/wp\/v2\/media\/2389"}],"wp:attachment":[{"href":"https:\/\/peopleofcostarica.com\/fr\/wp-json\/wp\/v2\/media?parent=2387"}],"wp:term":[{"taxonomy":"category","embeddable":true,"href":"https:\/\/peopleofcostarica.com\/fr\/wp-json\/wp\/v2\/categories?post=2387"},{"taxonomy":"post_tag","embeddable":true,"href":"https:\/\/peopleofcostarica.com\/fr\/wp-json\/wp\/v2\/tags?post=2387"}],"curies":[{"name":"wp","href":"https:\/\/api.w.org\/{rel}","templated":true}]}}