{"id":2285,"date":"2025-08-02T09:00:00","date_gmt":"2025-08-02T09:00:00","guid":{"rendered":"https:\/\/peopleofcostarica.com\/?p=2285"},"modified":"2025-03-18T20:54:13","modified_gmt":"2025-03-18T20:54:13","slug":"carmen-lyra","status":"publish","type":"post","link":"https:\/\/peopleofcostarica.com\/fr\/carmen-lyra\/","title":{"rendered":"Carmen Lyra"},"content":{"rendered":"\n<p>Carmen Lyra, pseudonyme de Mar\u00eda Isabel Carvajal Quesada, s&rsquo;impose comme l&rsquo;une des figures les plus marquantes du paysage culturel du Costa Rica. N\u00e9e \u00e0 San Jos\u00e9 le 15 janvier 1887 et d\u00e9c\u00e9d\u00e9e en exil au Mexique le 14 mai 1949, sa vie et son \u0153uvre s&rsquo;entrelacent avec des moments cl\u00e9s de l&rsquo;histoire et de l&rsquo;\u00e9volution sociale de son pays. \u00c9crivaine, \u00e9ducatrice et militante politique, Lyra a non seulement laiss\u00e9 un h\u00e9ritage litt\u00e9raire qui r\u00e9sonne encore dans la litt\u00e9rature costaricienne, mais elle s&rsquo;est \u00e9galement distingu\u00e9e par sa lutte inlassable en faveur des droits des plus d\u00e9favoris\u00e9s, d\u2019une \u00e9ducation novatrice et de l\u2019\u00e9quit\u00e9 sociale.<\/p>\n\n\n\n<p>En tant qu\u2019\u00e9crivaine, Carmen Lyra est particuli\u00e8rement connue pour <em>Los Cuentos de Mi T\u00eda Panchita<\/em>, une collection de r\u00e9cits inspir\u00e9s du folklore costaricien et universel qui est devenue un classique de la litt\u00e9rature jeunesse en Am\u00e9rique latine. Mais son \u0153uvre va bien au-del\u00e0, comprenant des romans et des essais qui explorent aussi bien l\u2019intimit\u00e9 psychologique que la critique sociale et politique. Son premier roman, <em>En una silla de ruedas<\/em> (1918), dresse un portrait profond des coutumes nationales \u00e0 travers les yeux d\u2019un enfant paralys\u00e9, devenant ainsi une lentille \u00e0 travers laquelle examiner la soci\u00e9t\u00e9 costaricienne du d\u00e9but du XXe si\u00e8cle.<\/p>\n\n\n\n<p>Dans le domaine de l\u2019\u00e9ducation, Lyra a \u00e9t\u00e9 une pionni\u00e8re en introduisant et en promouvant la m\u00e9thode Montessori au Costa Rica. En 1926, elle a fond\u00e9 \u00e0 San Jos\u00e9 la premi\u00e8re \u00e9cole Montessori destin\u00e9e aux enfants issus de milieux modestes. Son approche p\u00e9dagogique mettait l\u2019accent sur le d\u00e9veloppement int\u00e9gral de l\u2019enfant, prenant en compte les aspects physiques, \u00e9motionnels et intellectuels, ce qui refl\u00e8te sa vision avant-gardiste de l\u2019\u00e9ducation comme outil de transformation sociale.<\/p>\n\n\n\n<p>Son engagement en faveur de la justice sociale l\u2019a amen\u00e9e \u00e0 s\u2019impliquer activement en politique, contribuant \u00e0 la fondation du Parti communiste du Costa Rica en 1931. \u00c0 travers son activisme, Lyra s\u2019est battue pour les droits des femmes, des travailleurs et des enfants, \u00e9tablissant toujours un lien entre \u00e9ducation et changement social.<\/p>\n\n\n\n<p>L&rsquo;importance de Carmen Lyra d\u00e9passe les fronti\u00e8res de la litt\u00e9rature et de l\u2019\u00e9ducation, faisant d\u2019elle un symbole de r\u00e9sistance et de lutte pour une soci\u00e9t\u00e9 plus juste. Reconnaissante de sa contribution \u00e0 la culture et \u00e0 l\u2019\u00e9ducation, la nation costaricienne lui a rendu hommage \u00e0 titre posthume en l\u2019inscrivant parmi ses figures illustres et en la d\u00e9clarant \u00ab\u00a0Benem\u00e9rita de la Cultura Nacional\u00a0\u00bb. Son \u0153uvre et sa m\u00e9moire continuent d\u2019inspirer des g\u00e9n\u00e9rations au Costa Rica et au-del\u00e0, rappelant le pouvoir des mots et de l\u2019\u00e9ducation comme moteurs de transformation sociale.<\/p>\n\n\n\n<figure class=\"wp-block-image size-full is-resized\"><img fetchpriority=\"high\" decoding=\"async\" width=\"330\" height=\"439\" src=\"https:\/\/peopleofcostarica.com\/wp-content\/uploads\/2025\/03\/carmenlyra.jpg\" alt=\"\" class=\"wp-image-2287\" style=\"width:196px;height:auto\" srcset=\"https:\/\/peopleofcostarica.com\/wp-content\/uploads\/2025\/03\/carmenlyra.jpg 330w, https:\/\/peopleofcostarica.com\/wp-content\/uploads\/2025\/03\/carmenlyra-226x300.jpg 226w\" sizes=\"(max-width: 330px) 100vw, 330px\" \/><\/figure>\n\n\n\n<h2 class=\"wp-block-heading\">1. Contexte historique et culturel ayant forg\u00e9 la figure de Carmen Lyra<\/h2>\n\n\n\n<p>Le contexte historique et culturel du Costa Rica \u00e0 l\u2019\u00e9poque de Carmen Lyra a \u00e9t\u00e9 marqu\u00e9 par d\u2019importants changements politiques, des mouvements sociaux et un ardent d\u00e9sir de r\u00e9forme \u00e9ducative et du travail. Au d\u00e9but du XXe si\u00e8cle, le Costa Rica traversait une p\u00e9riode de dynamique politique qui allait conduire \u00e0 des confrontations avec la dictature de Federico Tinoco Granados. Carmen Lyra, reconnue pour son engagement social et politique, a jou\u00e9 un r\u00f4le actif durant cette p\u00e9riode de transformation, caract\u00e9ris\u00e9e par la lutte contre la dictature et la revendication des droits des travailleurs et des femmes.<\/p>\n\n\n\n<p>En 1919, Lyra a particip\u00e9 aux manifestations contre la dictature de Tinoco, t\u00e9moignant ainsi de son engagement pr\u00e9coce dans les mouvements sociaux et de son courage face \u00e0 la r\u00e9pression politique. Cette \u00e9poque a \u00e9galement marqu\u00e9 le d\u00e9but de sa carri\u00e8re d\u2019\u00e9ducatrice et d\u2019\u00e9crivaine engag\u00e9e dans les causes sociales. Dans les ann\u00e9es 1920, apr\u00e8s la fin de la dictature, Carmen Lyra a obtenu une bourse du gouvernement pour \u00e9tudier en Europe les m\u00e9thodes p\u00e9dagogiques, notamment la m\u00e9thode Montessori, qui a profond\u00e9ment influenc\u00e9 sa vision de l\u2019\u00e9ducation \u00e0 son retour au Costa Rica.<\/p>\n\n\n\n<p>\u00c0 son retour, elle a fond\u00e9 la premi\u00e8re \u00e9cole Montessori du pays et s\u2019est investie dans la cr\u00e9ation d\u2019institutions et de lois en faveur de l\u2019enfance et de l\u2019\u00e9ducation, comme le <em>Patronato Nacional de la Infancia<\/em>. Lyra s\u2019est \u00e9galement illustr\u00e9e par sa participation \u00e0 la fondation du Parti communiste du Costa Rica en 1931 et par son activisme en faveur des droits des travailleurs, de l\u2019\u00e9galit\u00e9 des sexes et de la justice sociale. Cette d\u00e9cennie a \u00e9t\u00e9 marqu\u00e9e par une intense activit\u00e9 politique et sociale au Costa Rica, avec l\u2019\u00e9mergence d\u2019organisations anti-imp\u00e9rialistes et la lutte pour des r\u00e9formes du travail et de l\u2019\u00e9ducation.<\/p>\n\n\n\n<p>L\u2019engagement de Lyra en faveur de l\u2019\u00e9ducation et de la justice sociale l\u2019a amen\u00e9e \u00e0 s\u2019opposer aux politiques gouvernementales et \u00e0 subir la r\u00e9pression politique, ce qui a finalement conduit \u00e0 son licenciement du corps enseignant et \u00e0 sa participation \u00e0 la cr\u00e9ation d\u2019organisations politiques et syndicales. Dans les ann\u00e9es 1930, Carmen Lyra a abondamment \u00e9crit sur les conditions de vie des travailleurs et a activement soutenu des causes internationales telles que la R\u00e9publique espagnole.<\/p>\n\n\n\n<p>En r\u00e9sum\u00e9, Carmen Lyra a v\u00e9cu \u00e0 une \u00e9poque de profonds changements et d\u2019agitation au Costa Rica, et son travail en tant qu\u2019\u00e9crivaine, \u00e9ducatrice et militante refl\u00e8te les d\u00e9fis et les luttes de son temps. Sa vie et son \u0153uvre demeurent un t\u00e9moignage de la qu\u00eate d\u2019une soci\u00e9t\u00e9 plus juste et plus \u00e9quitable au Costa Rica.<\/p>\n\n\n\n<h2 class=\"wp-block-heading\">2. Biographie de Carmen Lyra<\/h2>\n\n\n\n<h3 class=\"wp-block-heading\">Enfance et \u00c9ducation<\/h3>\n\n\n\n<p>Mar\u00eda Isabel Carvajal Quesada, plus connue sous le pseudonyme de Carmen Lyra, est n\u00e9e \u00e0 San Jos\u00e9, Costa Rica, le 15 janvier 1887. D\u00e8s son plus jeune \u00e2ge, Lyra a montr\u00e9 un profond int\u00e9r\u00eat pour les lettres et l&rsquo;\u00e9ducation, influenc\u00e9e de mani\u00e8re significative par son environnement familial et les circonstances \u00e9ducatives de l&rsquo;\u00e9poque. Son engagement en faveur de l&rsquo;\u00e9ducation se refl\u00e9tait dans sa participation active dans le domaine p\u00e9dagogique du Costa Rica, o\u00f9 elle est devenue une figure pionni\u00e8re en introduisant et en promouvant la m\u00e9thode Montessori dans le pays\u200b (Wikipedia)\u200b.<\/p>\n\n\n\n<p>Lyra a obtenu son dipl\u00f4me de ma\u00eetresse normale au Colegio Superior de Se\u00f1oritas en 1904, marquant le d\u00e9but de sa carri\u00e8re dans l&rsquo;\u00e9ducation. Elle a travaill\u00e9 dans diverses institutions \u00e9ducatives et s&rsquo;est activement impliqu\u00e9e dans la promotion de la litt\u00e9rature enfantine et la r\u00e9novation des m\u00e9thodes d&rsquo;enseignement au Costa Rica. En 1921, apr\u00e8s \u00eatre revenue d&rsquo;Europe o\u00f9 elle avait \u00e9tudi\u00e9 les nouvelles exp\u00e9riences en mati\u00e8re d&rsquo;enseignement pr\u00e9scolaire et scolaire, elle a pris la direction de la chaire de litt\u00e9rature enfantine \u00e0 l\u2019\u00c9cole normale du Costa Rica\u200b (mgd)\u200b.<\/p>\n\n\n\n<h3 class=\"wp-block-heading\">Carri\u00e8re Litt\u00e9raire<\/h3>\n\n\n\n<p>Carmen Lyra a commenc\u00e9 son activit\u00e9 litt\u00e9raire au d\u00e9but du XXe si\u00e8cle, en collaborant avec des journaux et des magazines importants de l&rsquo;\u00e9poque, comme <em>P\u00e1ginas Ilustradas<\/em>, <em>Pandemonium<\/em>, <em>Ariel<\/em> et <em>Athenea<\/em>. Son premier roman, <em>En una silla de ruedas<\/em> (1918), a marqu\u00e9 son entr\u00e9e en tant que narratrice capable de d\u00e9crire les coutumes et les mani\u00e8res nationales \u00e0 travers les yeux d&rsquo;un enfant paralys\u00e9. Cette \u0153uvre a marqu\u00e9 le d\u00e9but d&rsquo;une carri\u00e8re litt\u00e9raire marqu\u00e9e par son engagement envers les causes sociales et \u00e9ducatives\u200b (Wikipedia)\u200b.<\/p>\n\n\n\n<p>L&rsquo;\u0153uvre la plus connue de Lyra, <em>Los Cuentos de Mi T\u00eda Panchita<\/em> (1920), est une collection de r\u00e9cits inspir\u00e9s du folklore costaricien et universel. Ces contes sont devenus un classique de la litt\u00e9rature enfantine en Am\u00e9rique latine, se distinguant par leur capacit\u00e9 \u00e0 recr\u00e9er de mani\u00e8re cr\u00e9ative des motifs du folklore universel tout en appelant le lecteur costaricien \u00e0 travers l&rsquo;utilisation de la langue locale et la mention de lieux, objets et environnements familiers\u200b (Wikipedia)\u200b.<\/p>\n\n\n\n<p>L&rsquo;\u0153uvre litt\u00e9raire de Lyra a \u00e9volu\u00e9 d&rsquo;un modernisme sentimental vers une litt\u00e9rature de d\u00e9nonciation sociale, abordant des th\u00e8mes comme l&rsquo;injustice, l&rsquo;in\u00e9galit\u00e9 et l&rsquo;exploitation. Ses r\u00e9cits et essais offrent une critique aigu\u00eb de la soci\u00e9t\u00e9 costaricienne de son \u00e9poque, mettant en lumi\u00e8re des groupes marginalis\u00e9s, tels que les femmes et les enfants. <em>Bananos y Hombres<\/em> (1931) est l&rsquo;un de ses travaux remarqu\u00e9s, dans lequel elle anticipe et critique les conditions de travail des ouvriers bananiers, montrant son engagement dans les luttes sociales et ouvri\u00e8res du Costa Rica\u200b (Wikipedia)\u200b.<\/p>\n\n\n\n<p>La carri\u00e8re litt\u00e9raire de Carmen Lyra s&rsquo;est caract\u00e9ris\u00e9e par un profond engagement envers les valeurs sociales et \u00e9ducatives, faisant d&rsquo;elle une voix critique et r\u00e9volutionnaire dans la litt\u00e9rature et la culture costariciennes. Son h\u00e9ritage litt\u00e9raire reste un point de r\u00e9f\u00e9rence indispensable pour comprendre les dynamiques sociales et culturelles du Costa Rica au XXe si\u00e8cle.<\/p>\n\n\n\n<h3 class=\"wp-block-heading\">Activisme Politique<\/h3>\n\n\n\n<p>L&rsquo;activisme politique de Carmen Lyra a profond\u00e9ment marqu\u00e9 sa vie et son \u0153uvre. Son implication dans les mouvements sociaux et politiques au Costa Rica a \u00e9t\u00e9 significative, surtout dans un contexte o\u00f9 la lutte pour les droits des travailleurs et la justice sociale s&rsquo;intensifiait. En 1931, Lyra a cofond\u00e9 le Parti communiste du Costa Rica avec Manuel Mora Valverde, mettant en \u00e9vidence son engagement envers les id\u00e9aux d&rsquo;\u00e9galit\u00e9 et de justice sociale. Cet acte refl\u00e9tait non seulement son orientation politique vers la gauche, mais aussi sa volont\u00e9 de lutter activement pour un changement social dans son pays\u200b (Wikipedia)\u200b.<\/p>\n\n\n\n<p>Lyra s&rsquo;est impliqu\u00e9e dans diverses campagnes et mouvements visant \u00e0 am\u00e9liorer les conditions des travailleurs, des femmes et des enfants. Sa participation \u00e0 la cr\u00e9ation du <em>Patronato Nacional de la Infancia<\/em> en 1930, ainsi que d&rsquo;autres projets ax\u00e9s sur le bien-\u00eatre social, souligne son approche globale du changement social, qui ne se limitait pas \u00e0 la politique partisane mais incluait \u00e9galement la r\u00e9forme \u00e9ducative et sociale\u200b (mgd)\u200b.<\/p>\n\n\n\n<h3 class=\"wp-block-heading\">Exil et Derni\u00e8res Ann\u00e9es<\/h3>\n\n\n\n<p>L&rsquo;intensification de son activisme politique et son association avec le Parti communiste ont finalement conduit \u00e0 son exil. Apr\u00e8s la fin de la guerre civile du Costa Rica en 1948, lorsque Jos\u00e9 Figueres Ferrer proclama la dissolution du Parti communiste, Carmen Lyra fut l&rsquo;une des personnes touch\u00e9es par les mesures r\u00e9pressives adopt\u00e9es par le nouveau r\u00e9gime. Elle fut contrainte \u00e0 l&rsquo;exil au Mexique, o\u00f9 elle passerait ses derni\u00e8res ann\u00e9es\u200b (Wikipedia)\u200b.<\/p>\n\n\n\n<figure class=\"wp-block-image alignright size-full is-resized\"><img decoding=\"async\" width=\"326\" height=\"500\" src=\"https:\/\/peopleofcostarica.com\/wp-content\/uploads\/2025\/03\/f-3pq.jpg\" alt=\"\" class=\"wp-image-2290\" style=\"width:236px;height:auto\" srcset=\"https:\/\/peopleofcostarica.com\/wp-content\/uploads\/2025\/03\/f-3pq.jpg 326w, https:\/\/peopleofcostarica.com\/wp-content\/uploads\/2025\/03\/f-3pq-196x300.jpg 196w\" sizes=\"(max-width: 326px) 100vw, 326px\" \/><\/figure>\n\n\n\n<p>Au Mexique, Lyra continua d&rsquo;\u00e9crire et de maintenir son engagement politique jusqu&rsquo;\u00e0 sa mort le 14 mai 1949. Son d\u00e9c\u00e8s en exil marqua un triste \u00e9pilogue pour la vie d&rsquo;une femme qui avait consacr\u00e9 une grande partie de son existence \u00e0 lutter pour une soci\u00e9t\u00e9 plus juste. Malgr\u00e9 ses demandes r\u00e9p\u00e9t\u00e9es pour revenir au Costa Rica, l&rsquo;entr\u00e9e dans le pays lui fut refus\u00e9e, soulignant la polarisation politique de l&rsquo;\u00e9poque et l&rsquo;impact qu&rsquo;elle eut sur des individus engag\u00e9s comme Lyra\u200b (Wikipedia)\u200b.<\/p>\n\n\n\n<p>L&rsquo;h\u00e9ritage de Carmen Lyra, tant en litt\u00e9rature qu&rsquo;en activisme social et politique, reste vivant au Costa Rica et au-del\u00e0. Ses contributions \u00e0 l&rsquo;\u00e9ducation, \u00e0 la litt\u00e9rature et \u00e0 la politique continuent d&rsquo;inspirer les g\u00e9n\u00e9rations futures dans la lutte pour la justice sociale et l&rsquo;\u00e9galit\u00e9. Sa vie refl\u00e8te la complexit\u00e9 des changements sociaux et politiques au Costa Rica au XXe si\u00e8cle, ainsi que le r\u00f4le crucial que peuvent jouer des individus d\u00e9vou\u00e9s dans la promotion du changement social.<\/p>\n\n\n\n<h2 class=\"wp-block-heading\">3. \u0152uvre Litt\u00e9raire<\/h2>\n\n\n\n<h3 class=\"wp-block-heading\"><em>Los Cuentos de Mi T\u00eda Panchita<\/em><\/h3>\n\n\n\n<figure class=\"wp-block-image alignleft size-large is-resized\"><img decoding=\"async\" width=\"683\" height=\"1024\" src=\"https:\/\/peopleofcostarica.com\/wp-content\/uploads\/2025\/03\/abbcd9a83fe926caa284d37358825e68-683x1024.jpg\" alt=\"\" class=\"wp-image-2293\" style=\"width:239px;height:auto\" srcset=\"https:\/\/peopleofcostarica.com\/wp-content\/uploads\/2025\/03\/abbcd9a83fe926caa284d37358825e68-683x1024.jpg 683w, https:\/\/peopleofcostarica.com\/wp-content\/uploads\/2025\/03\/abbcd9a83fe926caa284d37358825e68-200x300.jpg 200w, https:\/\/peopleofcostarica.com\/wp-content\/uploads\/2025\/03\/abbcd9a83fe926caa284d37358825e68-768x1152.jpg 768w, https:\/\/peopleofcostarica.com\/wp-content\/uploads\/2025\/03\/abbcd9a83fe926caa284d37358825e68.jpg 1000w\" sizes=\"(max-width: 683px) 100vw, 683px\" \/><\/figure>\n\n\n\n<p><em>Los Cuentos de Mi T\u00eda Panchita<\/em> est sans aucun doute l&rsquo;\u0153uvre la plus embl\u00e9matique de Carmen Lyra. Publi\u00e9e en 1920, cette collection de contes est bas\u00e9e sur le folklore costaricien et universel, racontant des histoires traditionnelles adapt\u00e9es au contexte culturel du Costa Rica. L&rsquo;\u0153uvre se distingue par sa capacit\u00e9 \u00e0 entrelacer le monde universel et le local, offrant aux lecteurs des r\u00e9cits \u00e0 la fois accessibles et profond\u00e9ment ancr\u00e9s dans la culture et le paysage costariciens.<\/p>\n\n\n\n<p>Le style narratif de Lyra dans cette \u0153uvre est marqu\u00e9 par sa chaleur et son accessibilit\u00e9, visant particuli\u00e8rement un public enfantin. Cependant, les contes sont \u00e9galement appr\u00e9ci\u00e9s par les lecteurs adultes, gr\u00e2ce \u00e0 la richesse de leur langage et \u00e0 la profondeur de leurs th\u00e8mes. Lyra utilise un langage simple mais \u00e9vocateur, capable de transporter le lecteur dans des mondes fantastiques tout en r\u00e9fl\u00e9chissant sur des valeurs universelles comme la justice, la bont\u00e9 et la ruse.<\/p>\n\n\n\n<p>La r\u00e9ception critique de <em>Los Cuentos de Mi T\u00eda Panchita<\/em> a \u00e9t\u00e9 largement positive, beaucoup la consid\u00e9rant comme une \u0153uvre fondamentale de la litt\u00e9rature enfantine en Am\u00e9rique latine. On attribue \u00e0 Lyra le m\u00e9rite d&rsquo;avoir captur\u00e9 l&rsquo;esprit du folklore costaricien et de l&rsquo;avoir rendu accessible \u00e0 des g\u00e9n\u00e9rations de lecteurs. Sa contribution \u00e0 la pr\u00e9servation des histoires folkloriques \u00e0 travers la litt\u00e9rature a \u00e9t\u00e9 un h\u00e9ritage inestimable pour le Costa Rica et la r\u00e9gion.<\/p>\n\n\n\n<h3 class=\"wp-block-heading\"><em>En una silla de ruedas<\/em><\/h3>\n\n\n\n<p><em>En una silla de ruedas<\/em>, le premier roman de Carmen Lyra, publi\u00e9 en 1918, s&rsquo;\u00e9carte du genre du conte folklorique pour s&rsquo;aventurer dans le roman social. \u00c0 travers l&rsquo;histoire d&rsquo;un enfant paralys\u00e9 qui devient artiste, Lyra offre un commentaire social ac\u00e9r\u00e9 sur les coutumes et les mani\u00e8res de la soci\u00e9t\u00e9 costaricienne du d\u00e9but du XXe si\u00e8cle. Ce travail se distingue par son traitement du sentimentalisme et sa capacit\u00e9 \u00e0 capturer la vie boh\u00e8me de San Jos\u00e9, offrant un regard introspectif sur les d\u00e9fis et les aspirations de son protagoniste.<\/p>\n\n\n\n<p>Le style de Lyra dans cette \u0153uvre se caract\u00e9rise par sa profondeur \u00e9motionnelle et son focus sur la psychologie des personnages. Le roman explore des th\u00e8mes de surpassement de soi, d&rsquo;art et de lutte contre les adversit\u00e9s physiques et sociales, pr\u00e9sentant les personnages dans des situations qui d\u00e9fient leurs perceptions et les poussent \u00e0 une \u00e9volution personnelle.<\/p>\n\n\n\n<p>La r\u00e9ception critique de <em>En una silla de ruedas<\/em> a mis en avant son importance en tant que l&rsquo;une des premi\u00e8res \u0153uvres de la litt\u00e9rature costaricienne \u00e0 aborder directement l&rsquo;exp\u00e9rience du handicap, ainsi que sa contribution au genre du roman social en Am\u00e9rique latine. \u00c0 travers cette \u0153uvre, Lyra s&rsquo;affirme comme une narratrice capable d&rsquo;aborder des th\u00e8mes complexes avec sensibilit\u00e9 et profondeur, consolidant sa r\u00e9putation comme l&rsquo;une des figures litt\u00e9raires les plus importantes du Costa Rica.<\/p>\n\n\n\n<h3 class=\"wp-block-heading\">\u00c9tude des th\u00e8mes, des styles et de la r\u00e9ception critique<\/h3>\n\n\n\n<p>Les \u0153uvres de Carmen Lyra se distinguent par son engagement en faveur des th\u00e8mes sociaux, son approche de la justice et de l&rsquo;\u00e9quit\u00e9, et son humanisme profond. Son style narratif combine simplicit\u00e9 et profondeur, lui permettant d&rsquo;aborder des sujets complexes de mani\u00e8re accessible et \u00e9motive. \u00c0 travers ses contes et romans, Lyra est devenue une voix critique de sa soci\u00e9t\u00e9, explorant les tensions entre la tradition et la modernit\u00e9, la richesse et la pauvret\u00e9, et la justice et l&rsquo;oppression.<\/p>\n\n\n\n<p>La r\u00e9ception critique de l&rsquo;\u0153uvre de Lyra a \u00e9volu\u00e9 au fil du temps, reconnaissant de plus en plus sa contribution non seulement \u00e0 la litt\u00e9rature costaricienne, mais aussi \u00e0 la litt\u00e9rature latino-am\u00e9ricaine en g\u00e9n\u00e9ral. Ses \u0153uvres ont \u00e9t\u00e9 \u00e9tudi\u00e9es pour leur valeur litt\u00e9raire, ainsi que pour leur impact social et \u00e9ducatif, mettant en lumi\u00e8re sa capacit\u00e9 \u00e0 transcender les fronti\u00e8res g\u00e9n\u00e9rationnelles et culturelles. Carmen Lyra n&rsquo;est pas seulement c\u00e9l\u00e9br\u00e9e comme une \u00e9crivaine pionni\u00e8re, mais aussi comme une r\u00e9formatrice sociale dont l&rsquo;h\u00e9ritage continue d&rsquo;inspirer les nouvelles g\u00e9n\u00e9rations \u00e0 lutter pour un monde plus juste et \u00e9quitable. Sa capacit\u00e9 \u00e0 fusionner le litt\u00e9raire avec le politique et l&rsquo;\u00e9ducatif fait de Carmen Lyra une figure fondamentale dans l&rsquo;histoire culturelle de l&rsquo;Am\u00e9rique latine.<\/p>\n\n\n\n<figure class=\"wp-block-image size-full is-resized\"><img loading=\"lazy\" decoding=\"async\" width=\"615\" height=\"815\" src=\"https:\/\/peopleofcostarica.com\/wp-content\/uploads\/2025\/03\/247149.jpg\" alt=\"\" class=\"wp-image-2296\" style=\"width:234px;height:auto\" srcset=\"https:\/\/peopleofcostarica.com\/wp-content\/uploads\/2025\/03\/247149.jpg 615w, https:\/\/peopleofcostarica.com\/wp-content\/uploads\/2025\/03\/247149-226x300.jpg 226w\" sizes=\"(max-width: 615px) 100vw, 615px\" \/><\/figure>\n\n\n\n<h2 class=\"wp-block-heading\">4. Contributions \u00e0 l&rsquo;\u00e9ducation<\/h2>\n\n\n\n<p>Carmen Lyra s&rsquo;est distingu\u00e9e de mani\u00e8re notable par son travail en tant qu&rsquo;\u00e9ducatrice et par ses innovations p\u00e9dagogiques au Costa Rica. Sa passion pour l&rsquo;\u00e9ducation et son engagement en faveur de la r\u00e9forme \u00e9ducative l&rsquo;ont pouss\u00e9e \u00e0 introduire et \u00e0 promouvoir la m\u00e9thode Montessori dans le pays, marquant un tournant dans la p\u00e9dagogie costaricienne.<\/p>\n\n\n\n<h3 class=\"wp-block-heading\">Introduction de la m\u00e9thode Montessori au Costa Rica<\/h3>\n\n\n\n<p>Lyra fut une pionni\u00e8re dans l&rsquo;adoption de la m\u00e9thode Montessori au Costa Rica. Apr\u00e8s avoir re\u00e7u une bourse du gouvernement pour \u00e9tudier en Europe, Lyra a profit\u00e9 de l&rsquo;opportunit\u00e9 pour apprendre les nouvelles exp\u00e9riences d&rsquo;enseignement pr\u00e9scolaire et scolaire sur le continent. Lors de son s\u00e9jour, elle s&rsquo;est familiaris\u00e9e avec la m\u00e9thode Montessori, qui favorise l&rsquo;autonomie et l&rsquo;auto-apprentissage des enfants dans un environnement pr\u00e9par\u00e9 et stimulant.<\/p>\n\n\n\n<p>\u00c0 son retour au Costa Rica en 1921, Lyra appliqua ce qu&rsquo;elle avait appris en Europe et impl\u00e9menta la m\u00e9thode Montessori \u00e0 l&rsquo;\u00c9cole Normale du Costa Rica, o\u00f9 elle dirigea la Chaire de Litt\u00e9rature enfantine. Son approche innovante de l&rsquo;\u00e9ducation mettait l&rsquo;accent sur l&rsquo;importance de respecter le rythme d&rsquo;apprentissage individuel de chaque enfant et de favoriser son d\u00e9veloppement global.<\/p>\n\n\n\n<h3 class=\"wp-block-heading\">Fondation d&rsquo;institutions \u00e9ducatives et publications p\u00e9dagogiques<\/h3>\n\n\n\n<p>En 1925, Carmen Lyra fonda la premi\u00e8re \u00e9cole maternelle Montessori \u00e0 San Jos\u00e9, destin\u00e9e \u00e0 l&rsquo;enseignement pr\u00e9scolaire des enfants d\u00e9favoris\u00e9s. Cette \u00e9cole devint un mod\u00e8le d&rsquo;\u00e9ducation progressiste dans le pays, d\u00e9montrant l&rsquo;engagement de Lyra pour une \u00e9ducation inclusive et de qualit\u00e9 pour tous les secteurs de la soci\u00e9t\u00e9.<\/p>\n\n\n\n<p>En plus de son travail direct avec les enfants, Lyra contribua de mani\u00e8re significative au domaine de la p\u00e9dagogie par ses publications \u00e9ducatives. Elle fut directrice de la revue <em>Revista San Seler\u00edn<\/em>, la premi\u00e8re revue pour enfants au Costa Rica, qui offrait non seulement un contenu \u00e9ducatif et r\u00e9cr\u00e9atif, mais servait \u00e9galement de plateforme pour promouvoir le changement social et la r\u00e9forme \u00e9ducative.<\/p>\n\n\n\n<p>Lyra impulsa \u00e9galement la cr\u00e9ation des \u00ab\u00a0Colonies scolaires permanentes\u00a0\u00bb, destin\u00e9es \u00e0 am\u00e9liorer la sant\u00e9 et le bien-\u00eatre des \u00e9coliers, et elle participa \u00e0 la proposition et \u00e0 la cr\u00e9ation du Patronato Nacional de la Infancia en 1930. Ce dernier visait \u00e0 centraliser et \u00e0 am\u00e9liorer les politiques de protection de l&rsquo;enfance au Costa Rica, en couvrant tout, de l&rsquo;\u00e9ducation \u00e0 la sant\u00e9 et au bien-\u00eatre g\u00e9n\u00e9ral des enfants.<\/p>\n\n\n\n<p>La contribution de Carmen Lyra au domaine de l&rsquo;\u00e9ducation au Costa Rica est ind\u00e9l\u00e9bile. Ses efforts pour introduire des m\u00e9thodes p\u00e9dagogiques innovantes, son travail de fondation d&rsquo;institutions \u00e9ducatives et ses publications p\u00e9dagogiques ont non seulement transform\u00e9 l&rsquo;\u00e9ducation au Costa Rica, mais ont aussi laiss\u00e9 un h\u00e9ritage durable qui continue d&rsquo;influencer la p\u00e9dagogie dans le pays. Lyra est souvenir non seulement comme une grande \u00e9crivaine et militante, mais aussi comme une \u00e9ducatrice visionnaire dont la passion pour l&rsquo;apprentissage et la justice sociale a fa\u00e7onn\u00e9 l&rsquo;avenir \u00e9ducatif du Costa Rica.<\/p>\n\n\n\n<h2 class=\"wp-block-heading\">5. H\u00e9ritage et Reconnaissances<\/h2>\n\n\n\n<p>L&rsquo;impact de Carmen Lyra sur la culture, l&rsquo;\u00e9ducation et la litt\u00e9rature du Costa Rica et de l&rsquo;Am\u00e9rique latine est indiscutable. Son \u0153uvre et sa pens\u00e9e ont influenc\u00e9 les g\u00e9n\u00e9rations suivantes, non seulement \u00e0 travers ses contributions litt\u00e9raires, mais aussi par son activisme social et \u00e9ducatif.<\/p>\n\n\n\n<h3 class=\"wp-block-heading\"><strong>Impact de son \u0153uvre et de sa pens\u00e9e<\/strong><\/h3>\n\n\n\n<p>Carmen Lyra a laiss\u00e9 un h\u00e9ritage durable qui transcende son \u0153uvre litt\u00e9raire. En tant qu&rsquo;\u00e9ducatrice, elle introduisit au Costa Rica des m\u00e9thodes p\u00e9dagogiques innovantes qui mettaient l&rsquo;accent sur le d\u00e9veloppement global de l&rsquo;enfant et promouvaient l&rsquo;\u00e9ducation comme un droit accessible \u00e0 tous. Son approche de la justice sociale et de l&rsquo;\u00e9quit\u00e9 \u00e9ducative a inspir\u00e9 des g\u00e9n\u00e9rations d&rsquo;\u00e9ducateurs, d&rsquo;activistes et d&rsquo;\u00e9crivains \u00e0 suivre son exemple et \u00e0 lutter pour une soci\u00e9t\u00e9 plus juste.<\/p>\n\n\n\n<p>Son \u0153uvre litt\u00e9raire, en particulier <em>Les Contes de ma Tante Panchita<\/em>, demeure une r\u00e9f\u00e9rence dans la litt\u00e9rature enfantine et t\u00e9moigne de sa capacit\u00e9 \u00e0 entrelacer la narration folklorique avec des valeurs universelles. Ses contes et romans continuent d&rsquo;\u00eatre \u00e9tudi\u00e9s et appr\u00e9ci\u00e9s pour leur pertinence culturelle et leur approche critique des r\u00e9alit\u00e9s sociales.<\/p>\n\n\n\n<h3 class=\"wp-block-heading\"><strong>Reconnaissances posthumes<\/strong><\/h3>\n\n\n\n<p>La reconnaissance de l&rsquo;importance de Carmen Lyra a \u00e9t\u00e9 \u00e9vidente \u00e0 travers les nombreux hommages et reconnaissances posthumes qu&rsquo;elle a re\u00e7us. En 1976, l&rsquo;Assembl\u00e9e l\u00e9gislative du Costa Rica lui attribua le titre de <em>Benem\u00e9rita de la Cultura Nacional<\/em>, un hommage \u00e0 sa contribution inestimable \u00e0 la culture et \u00e0 l&rsquo;\u00e9ducation du pays.<\/p>\n\n\n\n<p>De plus, son h\u00e9ritage a \u00e9t\u00e9 immortalis\u00e9 sur la monnaie costaricienne lorsqu&rsquo;en 2010, Carmen Lyra fut choisie pour appara\u00eetre sur le billet de vingt mille colones. Cette inclusion reconna\u00eet non seulement sa contribution litt\u00e9raire et \u00e9ducative, mais aussi son importance en tant que figure historique au Costa Rica.<br>Son influence s&rsquo;\u00e9tend au-del\u00e0 des reconnaissances officielles. Des \u00e9coles, des biblioth\u00e8ques et des espaces culturels portent son nom, garantissant que son h\u00e9ritage demeure vivant dans la m\u00e9moire collective. Par ailleurs, des \u00e9tudes acad\u00e9miques et des publications continuent d&rsquo;explorer son \u0153uvre et sa vie, offrant de nouvelles interpr\u00e9tations et soulignant sa pertinence dans le contexte social et culturel contemporain.<\/p>\n\n\n\n<p>Carmen Lyra est m\u00e9moris\u00e9e non seulement pour ses contributions tangibles \u00e0 la litt\u00e9rature et \u00e0 l&rsquo;\u00e9ducation, mais aussi pour son combat incessant pour la justice sociale. Sa vie et son \u0153uvre continuent d&rsquo;inspirer ceux qui cherchent un monde plus juste, \u00e9quitable et plein de possibilit\u00e9s pour tous, en particulier pour les plus d\u00e9favoris\u00e9s.<\/p>\n\n\n\n<figure class=\"wp-block-image size-full\"><img loading=\"lazy\" decoding=\"async\" width=\"292\" height=\"173\" src=\"https:\/\/peopleofcostarica.com\/wp-content\/uploads\/2025\/03\/images-5.jpg\" alt=\"\" class=\"wp-image-2299\"\/><\/figure>\n\n\n\n<h2 class=\"wp-block-heading\"><strong>6. Critique et Controverse<\/strong><\/h2>\n\n\n\n<p>La vie et l&rsquo;\u0153uvre de Carmen Lyra n&rsquo;ont pas \u00e9t\u00e9 exemptes de critiques et de controverses, notamment en ce qui concerne son activisme politique. Son engagement avec le Parti Communiste du Costa Rica et sa lutte pour la justice sociale ont suscit\u00e9 de l&rsquo;admiration, mais aussi des affrontements dans un pays marqu\u00e9 par la polarisation politique, en particulier durant les d\u00e9cennies 1930 et 1940.<\/p>\n\n\n\n<h3 class=\"wp-block-heading\"><strong>Activisme politique<\/strong><\/h3>\n\n\n\n<p>L&rsquo;activisme politique de Lyra fut une source de controverse, surtout pendant la p\u00e9riode de la Guerre civile du Costa Rica en 1948. Son affiliation au Parti Communiste et sa participation active aux mouvements sociaux et politiques furent critiqu\u00e9es par les secteurs conservateurs de la soci\u00e9t\u00e9 costaricienne. Cet engagement politique fut la principale raison de son exil au Mexique, o\u00f9 elle v\u00e9cut jusqu&rsquo;\u00e0 sa mort en 1949. Malgr\u00e9 ses contributions \u00e0 l&rsquo;\u00e9ducation et \u00e0 la litt\u00e9rature, son activisme politique fut per\u00e7u avec m\u00e9fiance par ceux au pouvoir, ce qui conduisit \u00e0 une \u00e9valuation n\u00e9gative de son h\u00e9ritage par certains secteurs pendant plusieurs ann\u00e9es apr\u00e8s sa mort.<\/p>\n\n\n\n<h3 class=\"wp-block-heading\"><strong>R\u00e9ception de son \u0153uvre dans le contexte actuel<\/strong><\/h3>\n\n\n\n<p>Dans le contexte actuel, l&rsquo;\u0153uvre de Carmen Lyra est r\u00e9\u00e9valu\u00e9e et appr\u00e9ci\u00e9e sous un angle plus large, tenant compte de son impact sur la litt\u00e9rature, l&rsquo;\u00e9ducation et la soci\u00e9t\u00e9 costaricienne. Ses contributions \u00e0 la p\u00e9dagogie et son r\u00f4le de pionni\u00e8re de l&rsquo;\u00e9ducation Montessori au Costa Rica sont largement reconnues et c\u00e9l\u00e9br\u00e9es. <em>Les Contes de ma Tante Panchita<\/em> restent un classique de la litt\u00e9rature enfantine dans le pays, appr\u00e9ci\u00e9s tant pour leur qualit\u00e9 litt\u00e9raire que pour leur capacit\u00e9 \u00e0 transmettre des valeurs universelles.<\/p>\n\n\n\n<p>Cependant, l&rsquo;analyse critique de son \u0153uvre consid\u00e8re \u00e9galement les dimensions politiques de son \u00e9criture et de son activisme, offrant une vision plus complexe et nuanc\u00e9e de son h\u00e9ritage. Dans les milieux acad\u00e9miques et litt\u00e9raires, son engagement pour la justice sociale et sa lutte contre l&rsquo;in\u00e9galit\u00e9 sont d\u00e9sormais consid\u00e9r\u00e9s comme des \u00e9l\u00e9ments essentiels de sa contribution \u00e0 la culture costaricienne. La discussion autour de Lyra dans le contexte actuel porte non seulement sur son \u0153uvre litt\u00e9raire, mais aussi sur son impact social et politique, reconnaissant son r\u00f4le en tant que figure fondamentale de l&rsquo;histoire du Costa Rica.<\/p>\n\n\n\n<p>Malgr\u00e9 les controverses qui ont marqu\u00e9 sa vie, en particulier li\u00e9es \u00e0 son activisme politique, l&rsquo;h\u00e9ritage de Carmen Lyra est aujourd&rsquo;hui un sujet d&rsquo;\u00e9tude, d&rsquo;admiration et de respect. Sa vie et son \u0153uvre t\u00e9moignent du pouvoir de la litt\u00e9rature et de l&rsquo;\u00e9ducation comme outils de changement social, et sa figure continue d&rsquo;inspirer les nouvelles g\u00e9n\u00e9rations dans la lutte pour une soci\u00e9t\u00e9 plus juste et \u00e9quitable.<\/p>\n\n\n\n<h2 class=\"wp-block-heading\"><strong>7. Carmen Lyra au XXIe si\u00e8cle<\/strong><\/h2>\n\n\n\n<p>La figure de Carmen Lyra et son \u0153uvre continuent d&rsquo;\u00eatre d&rsquo;une grande importance au XXIe si\u00e8cle, tant dans le domaine de la litt\u00e9rature que de l&rsquo;\u00e9ducation au Costa Rica. Ses id\u00e9aux et son h\u00e9ritage traversent le temps, influen\u00e7ant les g\u00e9n\u00e9rations contemporaines ainsi que les mouvements sociaux et \u00e9ducatifs actuels.<\/p>\n\n\n\n<h3 class=\"wp-block-heading\"><strong>Influence sur la litt\u00e9rature et l&rsquo;\u00e9ducation costariciennes contemporaines<\/strong><\/h3>\n\n\n\n<p>Dans la litt\u00e9rature, Carmen Lyra est consid\u00e9r\u00e9e comme l&rsquo;une des voix les plus importantes de la narration costaricienne. <em>Les Contes de ma Tante Panchita<\/em> restent une \u0153uvre fondamentale dans la litt\u00e9rature enfantine, non seulement pour leur valeur esth\u00e9tique et culturelle, mais aussi pour leur capacit\u00e9 \u00e0 transmettre des enseignements et des valeurs aux nouvelles g\u00e9n\u00e9rations. Les \u00e9coles costariciennes continuent d&rsquo;inclure ses \u0153uvres dans leurs programmes d&rsquo;\u00e9tude, assurant que sa vision du monde et sa sensibilit\u00e9 aux enjeux sociaux et \u00e9thiques soient connues des jeunes lecteurs.<\/p>\n\n\n\n<p>Dans le domaine de l&rsquo;\u00e9ducation, l&rsquo;introduction de la m\u00e9thode Montessori par Lyra a eu un impact durable sur les pratiques p\u00e9dagogiques du pays. Son approche du d\u00e9veloppement global de l&rsquo;enfant et l&rsquo;importance d&rsquo;une \u00e9ducation respectant les rythmes et les besoins individuels de chaque \u00e9l\u00e8ve restent pertinentes dans les discussions \u00e9ducatives contemporaines. Les institutions \u00e9ducatives et les programmes de formation des enseignants au Costa Rica continuent d&rsquo;explorer et d&rsquo;appliquer les principes Montessori, refl\u00e9tant l&rsquo;influence durable de Lyra dans ce domaine.<\/p>\n\n\n\n<h3 class=\"wp-block-heading\"><strong>Pertinence de ses id\u00e9aux dans les mouvements sociaux et \u00e9ducatifs actuels<\/strong><\/h3>\n\n\n\n<p>Les id\u00e9aux de justice sociale, d&rsquo;\u00e9quit\u00e9 et de droits humains que Carmen Lyra a d\u00e9fendus tout au long de sa vie r\u00e9sonnent fortement dans les mouvements sociaux et \u00e9ducatifs d&rsquo;aujourd&rsquo;hui. \u00c0 une \u00e9poque marqu\u00e9e par le d\u00e9bat sur l&rsquo;inclusion, l&rsquo;\u00e9quit\u00e9 de genre et la lutte contre les in\u00e9galit\u00e9s, Lyra \u00e9merge comme une figure inspirante qui a anticip\u00e9 beaucoup des pr\u00e9occupations contemporaines.<\/p>\n\n\n\n<p>Les mouvements f\u00e9ministes et les collectifs d\u00e9di\u00e9s \u00e0 la d\u00e9fense des droits des enfants et des travailleurs voient en Lyra un mod\u00e8le \u00e0 suivre. Sa vie en tant que femme intellectuelle, \u00e9ducatrice et activiste politique qui a d\u00e9fi\u00e9 les conventions de son \u00e9poque offre un exemple pr\u00e9cieux d&rsquo;engagement en faveur de la transformation sociale.<\/p>\n\n\n\n<p>De plus, dans un monde confront\u00e9 \u00e0 des d\u00e9fis \u00e9ducatifs complexes, l&rsquo;approche innovante et humaniste de Lyra en mati\u00e8re d&rsquo;\u00e9ducation offre des perspectives pertinentes pour repenser la mani\u00e8re dont on enseigne et apprend au XXIe si\u00e8cle. Sa conviction en le potentiel de l&rsquo;\u00e9ducation pour transformer les individus et les soci\u00e9t\u00e9s continue d&rsquo;inspirer les \u00e9ducateurs, les parents et les politiques dans la recherche de syst\u00e8mes \u00e9ducatifs plus justes et efficaces.<\/p>\n","protected":false},"excerpt":{"rendered":"<p>Carmen Lyra, pseudonyme de Mar\u00eda Isabel Carvajal Quesada, s&rsquo;impose comme l&rsquo;une des figures les plus marquantes du paysage culturel du Costa Rica. N\u00e9e \u00e0 San Jos\u00e9 le 15 janvier 1887 et d\u00e9c\u00e9d\u00e9e en exil au Mexique le 14 mai 1949, sa vie et son \u0153uvre s&rsquo;entrelacent avec des moments cl\u00e9s de l&rsquo;histoire et de l&rsquo;\u00e9volution [&hellip;]<\/p>\n","protected":false},"author":14,"featured_media":2302,"comment_status":"open","ping_status":"open","sticky":false,"template":"","format":"standard","meta":{"footnotes":""},"categories":[49],"tags":[],"class_list":["post-2285","post","type-post","status-publish","format-standard","has-post-thumbnail","hentry","category-people-fr"],"_links":{"self":[{"href":"https:\/\/peopleofcostarica.com\/fr\/wp-json\/wp\/v2\/posts\/2285","targetHints":{"allow":["GET"]}}],"collection":[{"href":"https:\/\/peopleofcostarica.com\/fr\/wp-json\/wp\/v2\/posts"}],"about":[{"href":"https:\/\/peopleofcostarica.com\/fr\/wp-json\/wp\/v2\/types\/post"}],"author":[{"embeddable":true,"href":"https:\/\/peopleofcostarica.com\/fr\/wp-json\/wp\/v2\/users\/14"}],"replies":[{"embeddable":true,"href":"https:\/\/peopleofcostarica.com\/fr\/wp-json\/wp\/v2\/comments?post=2285"}],"version-history":[{"count":1,"href":"https:\/\/peopleofcostarica.com\/fr\/wp-json\/wp\/v2\/posts\/2285\/revisions"}],"predecessor-version":[{"id":2307,"href":"https:\/\/peopleofcostarica.com\/fr\/wp-json\/wp\/v2\/posts\/2285\/revisions\/2307"}],"wp:featuredmedia":[{"embeddable":true,"href":"https:\/\/peopleofcostarica.com\/fr\/wp-json\/wp\/v2\/media\/2302"}],"wp:attachment":[{"href":"https:\/\/peopleofcostarica.com\/fr\/wp-json\/wp\/v2\/media?parent=2285"}],"wp:term":[{"taxonomy":"category","embeddable":true,"href":"https:\/\/peopleofcostarica.com\/fr\/wp-json\/wp\/v2\/categories?post=2285"},{"taxonomy":"post_tag","embeddable":true,"href":"https:\/\/peopleofcostarica.com\/fr\/wp-json\/wp\/v2\/tags?post=2285"}],"curies":[{"name":"wp","href":"https:\/\/api.w.org\/{rel}","templated":true}]}}