{"id":1969,"date":"2025-03-15T09:00:00","date_gmt":"2025-03-15T09:00:00","guid":{"rendered":"https:\/\/peopleofcostarica.com\/?p=1969"},"modified":"2025-03-14T20:14:32","modified_gmt":"2025-03-14T20:14:32","slug":"yolanda-oreamuno","status":"publish","type":"post","link":"https:\/\/peopleofcostarica.com\/fr\/yolanda-oreamuno\/","title":{"rendered":"Yolanda Oreamuno"},"content":{"rendered":"\n<p>Yolanda Oreamuno, n\u00e9e en 1916 et d\u00e9c\u00e9d\u00e9e en 1956, est l&rsquo;une des figures litt\u00e9raires les plus importantes et avant-gardistes du Costa Rica dans la premi\u00e8re moiti\u00e9 du XXe si\u00e8cle. Son roman <em>La ruta de su evasi\u00f3n<\/em>, publi\u00e9 en 1948, est particuli\u00e8rement reconnu pour sa technique narrative avanc\u00e9e et est consid\u00e9r\u00e9 comme une \u0153uvre marquante de la litt\u00e9rature costaricienne en raison de son exploration approfondie des r\u00f4les de genre et de la condition f\u00e9minine. Oreamuno n&rsquo;\u00e9tait pas seulement une romanci\u00e8re exceptionnelle, mais aussi une critique sociale incisive, dont le travail litt\u00e9raire remettait en question les normes et attentes traditionnelles concernant la femme dans la soci\u00e9t\u00e9 costaricienne de son \u00e9poque.<\/p>\n\n\n\n<p>Son \u0153uvre et son activisme refl\u00e8tent une lutte constante contre les st\u00e9r\u00e9otypes de genre, pr\u00f4nant l&rsquo;affirmation de soi et la lib\u00e9ration intellectuelle des femmes. Oreamuno est consid\u00e9r\u00e9e comme une pionni\u00e8re pour avoir abord\u00e9 et remis en question la condition f\u00e9minine, faisant d&rsquo;elle une figure cl\u00e9 de la culture costaricienne et un symbole du f\u00e9minisme et de l&rsquo;\u00e9galit\u00e9 des sexes (Wikipedia, l&rsquo;encyclop\u00e9die libre) (NODAL Cultura). Son h\u00e9ritage litt\u00e9raire et social continue d&rsquo;inspirer de nouvelles g\u00e9n\u00e9rations, soulignant l&rsquo;importance de sa contribution non seulement \u00e0 la litt\u00e9rature costaricienne, mais aussi au discours sur l&rsquo;\u00e9galit\u00e9 et l&rsquo;autonomie f\u00e9minine.<\/p>\n\n\n\n<figure class=\"wp-block-image size-full is-resized\"><img fetchpriority=\"high\" decoding=\"async\" width=\"466\" height=\"593\" src=\"https:\/\/peopleofcostarica.com\/wp-content\/uploads\/2025\/03\/yolanda-oreamuno.webp\" alt=\"\" class=\"wp-image-1947\" style=\"width:248px;height:auto\" srcset=\"https:\/\/peopleofcostarica.com\/wp-content\/uploads\/2025\/03\/yolanda-oreamuno.webp 466w, https:\/\/peopleofcostarica.com\/wp-content\/uploads\/2025\/03\/yolanda-oreamuno-236x300.webp 236w\" sizes=\"(max-width: 466px) 100vw, 466px\" \/><\/figure>\n\n\n\n<h2 class=\"wp-block-heading\"><strong>1. Biographie<\/strong><\/h2>\n\n\n\n<h3 class=\"wp-block-heading\"><strong>Enfance et \u00e9ducation<\/strong><\/h3>\n\n\n\n<p>Yolanda Oreamuno est n\u00e9e \u00e0 San Jos\u00e9, Costa Rica, en 1916, dans un contexte familial marqu\u00e9 par la perte pr\u00e9coce de son p\u00e8re. \u00c9lev\u00e9e principalement par sa grand-m\u00e8re maternelle, Oreamuno a connu d\u00e8s son plus jeune \u00e2ge les contrastes marqu\u00e9s de la vie, entre trag\u00e9die et beaut\u00e9, solitude et maladie. Ces exp\u00e9riences ont forg\u00e9 son caract\u00e8re r\u00e9silient et ont profond\u00e9ment influenc\u00e9 son \u0153uvre litt\u00e9raire, lui conf\u00e9rant une sensibilit\u00e9 unique aux complexit\u00e9s de la condition humaine (Wikipedia, l&rsquo;encyclop\u00e9die libre).<\/p>\n\n\n\n<h3 class=\"wp-block-heading\"><strong>Carri\u00e8re litt\u00e9raire et activisme<\/strong><\/h3>\n\n\n\n<p>Tr\u00e8s t\u00f4t, Oreamuno s&rsquo;est passionn\u00e9e pour la litt\u00e9rature et la critique sociale. Elle s&rsquo;est distingu\u00e9e par son observation aiguis\u00e9e des conventions sociales et sa volont\u00e9 de remettre en question les r\u00f4les de genre traditionnels, l&rsquo;autonomie des femmes et l&rsquo;oppression. Cet engagement se retrouve dans l&rsquo;ensemble de son \u0153uvre, mais se manifeste particuli\u00e8rement dans <em>La ruta de su evasi\u00f3n<\/em>, publi\u00e9 en 1948. Ce roman est consid\u00e9r\u00e9 comme une r\u00e9f\u00e9rence majeure de la litt\u00e9rature costaricienne, tant pour son innovation narrative que pour sa capacit\u00e9 \u00e0 explorer des th\u00e8mes sociaux et personnels avec sensibilit\u00e9 et audace.<\/p>\n\n\n\n<p>Ce roman a non seulement \u00e9t\u00e9 salu\u00e9 par la critique pour son innovation litt\u00e9raire, mais il a \u00e9galement impos\u00e9 Oreamuno comme une voix critique de la soci\u00e9t\u00e9 costaricienne, remettant en cause les attentes conventionnelles vis-\u00e0-vis des femmes et de leur r\u00f4le social. \u00c0 travers ses \u00e9crits, elle a explor\u00e9 le combat int\u00e9rieur de ses personnages en qu\u00eate d\u2019identit\u00e9 et de libert\u00e9 dans un monde qui cherchait souvent \u00e0 les restreindre et \u00e0 les d\u00e9finir (Wikipedia, l&rsquo;encyclop\u00e9die libre) (NODAL Cultura).<\/p>\n\n\n\n<p>La vie et l&rsquo;\u0153uvre de Yolanda Oreamuno traduisent une qu\u00eate incessante de v\u00e9rit\u00e9 et de justice par l\u2019exploration de la complexit\u00e9 humaine. Son h\u00e9ritage en tant qu\u2019\u00e9crivaine et critique sociale continue d\u2019inspirer ceux qui cherchent \u00e0 comprendre et \u00e0 transformer le monde \u00e0 travers la litt\u00e9rature.<\/p>\n\n\n\n<h2 class=\"wp-block-heading\"><strong>2. \u0152uvre litt\u00e9raire<\/strong><\/h2>\n\n\n\n<h3 class=\"wp-block-heading\"><strong><em>La ruta de su evasi\u00f3n<\/em> : Une analyse du r\u00f4le des femmes \u00e0 l\u2019\u00e9poque<\/strong><\/h3>\n\n\n\n<figure class=\"wp-block-image alignright size-full is-resized\"><img decoding=\"async\" width=\"332\" height=\"500\" src=\"https:\/\/peopleofcostarica.com\/wp-content\/uploads\/2025\/03\/51PuPSISQuL.jpg\" alt=\"\" class=\"wp-image-1950\" style=\"width:182px;height:auto\" srcset=\"https:\/\/peopleofcostarica.com\/wp-content\/uploads\/2025\/03\/51PuPSISQuL.jpg 332w, https:\/\/peopleofcostarica.com\/wp-content\/uploads\/2025\/03\/51PuPSISQuL-199x300.jpg 199w\" sizes=\"(max-width: 332px) 100vw, 332px\" \/><\/figure>\n\n\n\n<p><strong>\u00ab\u00a0La ruta de su evasi\u00f3n\u00a0\u00bb : Une analyse du r\u00f4le de la femme \u00e0 l\u2019\u00e9poque<\/strong><\/p>\n\n\n\n<p><em>\u00ab\u00a0La ruta de su evasi\u00f3n\u00a0\u00bb<\/em>, publi\u00e9e en 1948, est largement consid\u00e9r\u00e9e comme l&rsquo;\u0153uvre ma\u00eetresse de Yolanda Oreamuno et un jalon de la litt\u00e9rature costaricienne. Ce roman se distingue par son exploration des restrictions impos\u00e9es aux femmes dans la soci\u00e9t\u00e9 costaricienne de l&rsquo;\u00e9poque, abordant les th\u00e8mes du genre, de l&rsquo;autonomie et de la qu\u00eate de soi avec une profondeur et une sensibilit\u00e9 r\u00e9volutionnaires pour son temps.<\/p>\n\n\n\n<p>\u00c0 travers ses personnages, Oreamuno remet en question les r\u00f4les de genre traditionnels, mettant en sc\u00e8ne des femmes qui luttent pour leur droit \u00e0 l&rsquo;autonomie et \u00e0 l&rsquo;exploration de leur propre identit\u00e9 dans un contexte social qui cherche \u00e0 les confiner \u00e0 des r\u00f4les pr\u00e9d\u00e9finis. L\u2019auteure utilise une technique narrative avanc\u00e9e pour plonger dans la psych\u00e9 de ses personnages, d\u00e9voilant les tensions et les conflits internes auxquels ils sont confront\u00e9s en d\u00e9fiant les attentes sociales et en cherchant un sens personnel \u00e0 leur existence.<\/p>\n\n\n\n<p>L&rsquo;\u0153uvre d&rsquo;Oreamuno t\u00e9moigne d\u2019une conception audacieuse, tant sur le fond que sur la forme. Son style litt\u00e9raire se caract\u00e9rise par une narration introspective et \u00e9motive, permettant aux lecteurs une immersion profonde dans les exp\u00e9riences et les r\u00e9flexions des protagonistes. Ce roman est particuli\u00e8rement admir\u00e9 pour sa capacit\u00e9 \u00e0 entrelacer des th\u00e8mes complexes avec une narration fluide et \u00e9vocatrice, bien que certains critiques aient soulign\u00e9 un manque de coh\u00e9sion interne, estimant que l\u2019\u0153uvre aurait pu b\u00e9n\u00e9ficier d\u2019une structure narrative plus homog\u00e8ne (Wikipedia, l\u2019encyclop\u00e9die libre) (NODAL Cultura).<\/p>\n\n\n\n<p>Cependant, c\u2019est pr\u00e9cis\u00e9ment cette audace conceptuelle et formelle qui a conduit <em>La ruta de su evasi\u00f3n<\/em> \u00e0 \u00eatre consid\u00e9r\u00e9e par de nombreux critiques comme une \u0153uvre en avance sur son temps, avec des r\u00e9f\u00e9rences et des parall\u00e8les \u00e0 des auteurs de renom tels que Thomas Mann, Hermann Sudermann et Marcel Proust. Le roman constitue un jalon de la litt\u00e9rature costaricienne non seulement par son innovation technique, mais aussi par son engagement profond dans l\u2019exploration de la condition f\u00e9minine et sa critique des structures patriarcales.<\/p>\n\n\n\n<p>La port\u00e9e de <em>La ruta de su evasi\u00f3n<\/em> d\u00e9passe son contexte historique et g\u00e9ographique, offrant une r\u00e9flexion universelle sur la qu\u00eate de libert\u00e9, d\u2019identit\u00e9 et de dignit\u00e9. L\u2019\u0153uvre de Yolanda Oreamuno demeure un phare pour le f\u00e9minisme et la litt\u00e9rature, inspirant de nouvelles g\u00e9n\u00e9rations \u00e0 remettre en question, explorer et red\u00e9finir les limites de la soci\u00e9t\u00e9 et d\u2019elles-m\u00eames (Wikipedia, l\u2019encyclop\u00e9die libre).<\/p>\n\n\n\n<h2 class=\"wp-block-heading\"><strong>3. Contributions \u00e0 l\u2019\u00e9ducation et \u00e0 la pens\u00e9e sociale<\/strong><\/h2>\n\n\n\n<p>Yolanda Oreamuno est largement reconnue pour sa contribution marquante \u00e0 la litt\u00e9rature costaricienne ; cependant, son influence d\u00e9passe largement le domaine litt\u00e9raire, s\u2019\u00e9tendant de mani\u00e8re significative \u00e0 la pens\u00e9e sociale, en particulier en ce qui concerne le f\u00e9minisme et la critique des r\u00f4les de genre. \u00c0 travers son \u0153uvre et sa vie, Oreamuno a plaid\u00e9 sans rel\u00e2che pour l\u2019affirmation de soi et la lib\u00e9ration de l\u2019intellect f\u00e9minin, exhortant les femmes \u00e0 se d\u00e9finir elles-m\u00eames, au-del\u00e0 des perceptions et attentes masculines (NODAL Cultura).<\/p>\n\n\n\n<p>Oreamuno a remis en question de mani\u00e8re approfondie les st\u00e9r\u00e9otypes de genre et la dynamique traditionnelle du pouvoir entre hommes et femmes. Dans ses \u00e9crits, elle a articul\u00e9 une vision de la femme comme un \u00eatre capable de pens\u00e9e, de jugement et de raisonnement ind\u00e9pendants, lib\u00e9rant ainsi sa condition de la tutelle masculine. Cette position constituait un d\u00e9fi direct aux normes sociales de son \u00e9poque, proposant une red\u00e9finition radicale de la f\u00e9minit\u00e9 et du r\u00f4le des femmes dans la soci\u00e9t\u00e9 (NODAL Cultura).<\/p>\n\n\n\n<p>Ses essais et critiques n\u2019ont pas seulement explor\u00e9 l\u2019oppression des femmes, mais ont \u00e9galement propos\u00e9 des voies vers leur \u00e9mancipation, affirmant que le v\u00e9ritable f\u00e9minisme devait avant tout se concentrer sur la lib\u00e9ration intellectuelle et \u00e9motionnelle, avant de revendiquer des droits politiques ou sociaux superficiels. L\u2019auteure a soulign\u00e9 l\u2019importance pour les femmes de se lib\u00e9rer des pr\u00e9jug\u00e9s et de la \u00ab\u00a0peur de dire\u00a0\u00bb, afin d\u2019aborder tous les aspects de la vie avec confiance et dignit\u00e9 (NODAL Cultura).<\/p>\n\n\n\n<p>La perspective d\u2019Oreamuno sur l\u2019\u00e9ducation et l\u2019\u00e9mancipation f\u00e9minine reposait sur la conviction que la v\u00e9ritable \u00e9galit\u00e9 ne pouvait \u00eatre atteinte qu\u2019\u00e0 travers un profond changement culturel favorisant la connaissance de soi et l\u2019affirmation de soi des femmes. Ces id\u00e9es, bien que controvers\u00e9es \u00e0 son \u00e9poque, ont gagn\u00e9 en reconnaissance et en l\u00e9gitimit\u00e9 au fil des d\u00e9cennies, contribuant de mani\u00e8re significative aux discours contemporains sur le f\u00e9minisme et l\u2019\u00e9galit\u00e9 des genres.<\/p>\n\n\n\n<p>Yolanda Oreamuno incarnait et promouvait une vision de la femme en tant qu\u2019entit\u00e9 autonome et accomplie, capable d\u2019apporter une contribution significative \u00e0 la soci\u00e9t\u00e9 et \u00e0 la culture. Son h\u00e9ritage dans la pens\u00e9e sociale et le f\u00e9minisme reste une source d\u2019inspiration pour les g\u00e9n\u00e9rations actuelles, nourrissant sans cesse le d\u00e9bat et la r\u00e9flexion sur les r\u00f4les de genre, l\u2019identit\u00e9 et la libert\u00e9 individuelle (NODAL Cultura).<\/p>\n\n\n\n<figure class=\"wp-block-gallery has-nested-images columns-default is-cropped wp-block-gallery-1 is-layout-flex wp-block-gallery-is-layout-flex\">\n<figure class=\"wp-block-image\"><img decoding=\"async\" width=\"180\" height=\"280\" data-id=\"1959\" src=\"https:\/\/peopleofcostarica.com\/wp-content\/uploads\/2025\/03\/images-6.jpg\" alt=\"\" class=\"wp-image-1959\"\/><\/figure>\n\n\n\n<figure class=\"wp-block-image\"><img loading=\"lazy\" decoding=\"async\" width=\"179\" height=\"281\" data-id=\"1962\" src=\"https:\/\/peopleofcostarica.com\/wp-content\/uploads\/2025\/03\/images-3-2.jpg\" alt=\"\" class=\"wp-image-1962\"\/><\/figure>\n\n\n\n<figure class=\"wp-block-image\"><img loading=\"lazy\" decoding=\"async\" width=\"407\" height=\"640\" data-id=\"1965\" src=\"https:\/\/peopleofcostarica.com\/wp-content\/uploads\/2025\/03\/ipad-443f111cbf83211ac96aaa32456a01d2.jpeg\" alt=\"\" class=\"wp-image-1965\" srcset=\"https:\/\/peopleofcostarica.com\/wp-content\/uploads\/2025\/03\/ipad-443f111cbf83211ac96aaa32456a01d2.jpeg 407w, https:\/\/peopleofcostarica.com\/wp-content\/uploads\/2025\/03\/ipad-443f111cbf83211ac96aaa32456a01d2-191x300.jpeg 191w\" sizes=\"(max-width: 407px) 100vw, 407px\" \/><\/figure>\n<\/figure>\n\n\n\n<h2 class=\"wp-block-heading\"><strong>4. H\u00e9ritage et reconnaissances<\/strong><\/h2>\n\n\n\n<p>Yolanda Oreamuno est d\u00e9c\u00e9d\u00e9e pr\u00e9matur\u00e9ment en 1956, mais son h\u00e9ritage perdure de mani\u00e8re significative dans la litt\u00e9rature et la pens\u00e9e sociale du Costa Rica et au-del\u00e0. <em>La ruta de su evasi\u00f3n<\/em>, son \u0153uvre la plus embl\u00e9matique, est consid\u00e9r\u00e9e par les critiques litt\u00e9raires comme l\u2019un des romans les plus avanc\u00e9s de son \u00e9poque, non seulement au Costa Rica mais aussi dans le contexte latino-am\u00e9ricain, gr\u00e2ce \u00e0 ses techniques narratives et \u00e0 la profondeur avec laquelle elle aborde les th\u00e8mes du genre, de l\u2019autonomie et de l\u2019oppression (Wikipedia, l\u2019encyclop\u00e9die libre).<\/p>\n\n\n\n<figure class=\"wp-block-image alignright size-full is-resized\"><img loading=\"lazy\" decoding=\"async\" width=\"250\" height=\"419\" src=\"https:\/\/peopleofcostarica.com\/wp-content\/uploads\/2025\/03\/La-Fugitiva-250pxs.jpg\" alt=\"\" class=\"wp-image-1953\" style=\"width:158px;height:auto\" srcset=\"https:\/\/peopleofcostarica.com\/wp-content\/uploads\/2025\/03\/La-Fugitiva-250pxs.jpg 250w, https:\/\/peopleofcostarica.com\/wp-content\/uploads\/2025\/03\/La-Fugitiva-250pxs-179x300.jpg 179w\" sizes=\"(max-width: 250px) 100vw, 250px\" \/><\/figure>\n\n\n\n<p>Son influence d\u00e9passe les fronti\u00e8res de son pays natal, inspirant d\u2019autres \u00e9crivains comme Sergio Ram\u00edrez, dont le roman <em>La fugitiva<\/em> s\u2019inspire directement de la vie et de l\u2019\u0153uvre d\u2019Oreamuno, t\u00e9moignant ainsi de l\u2019empreinte durable que sa vision et son \u00e9criture ont laiss\u00e9e dans le monde litt\u00e9raire (Wikipedia, l\u2019encyclop\u00e9die libre). Oreamuno est v\u00e9n\u00e9r\u00e9e comme une figure pionni\u00e8re de la litt\u00e9rature costaricienne, notamment pour sa capacit\u00e9 \u00e0 explorer et \u00e0 se rebeller contre la condition f\u00e9minine dans la soci\u00e9t\u00e9 costaricienne de son \u00e9poque, remettant en question les r\u00f4les de genre traditionnels et promouvant une vision plus \u00e9galitaire et lib\u00e9ratrice.<\/p>\n\n\n\n<p>La critique et la reconnaissance de son \u0153uvre ont contribu\u00e9 \u00e0 faire d\u2019Oreamuno une personnalit\u00e9 cl\u00e9 dans l\u2019\u00e9volution de la litt\u00e9rature costaricienne et un symbole du f\u00e9minisme dans la litt\u00e9rature latino-am\u00e9ricaine. Son engagement \u00e0 aborder des th\u00e8mes controvers\u00e9s et tabous, sa capacit\u00e9 \u00e0 approfondir la psychologie f\u00e9minine et sa ma\u00eetrise narrative en font une \u00e9crivaine d\u2019importance historique et contemporaine.<\/p>\n\n\n\n<p>Outre son impact litt\u00e9raire, Oreamuno a \u00e9t\u00e9 reconnue et honor\u00e9e de diverses mani\u00e8res au fil des ans, notamment par la pose d\u2019une plaque comm\u00e9morative sur sa tombe \u00e0 l\u2019occasion du 55\u1d49 anniversaire de sa mort et par l\u2019inauguration d\u2019une sculpture en son honneur sur le <em>Paseo de los Artistas<\/em> dans le jardin du Th\u00e9\u00e2tre National \u00e0 San Jos\u00e9, aux c\u00f4t\u00e9s du buste de son amie et po\u00e9tesse Eunice Odio (Wikipedia, l\u2019encyclop\u00e9die libre).<\/p>\n\n\n\n<p>L\u2019h\u00e9ritage de Yolanda Oreamuno reste une source d\u2019inspiration pour les \u00e9crivains, les f\u00e9ministes et les penseurs sociaux, illustrant le pouvoir de la litt\u00e9rature \u00e0 remettre en question les normes sociales et \u00e0 promouvoir le changement. Son \u0153uvre demeure un t\u00e9moignage puissant de la lutte pour la dignit\u00e9, l\u2019autonomie et l\u2019\u00e9galit\u00e9 des femmes, soulignant son r\u00f4le irrempla\u00e7able dans l\u2019histoire culturelle du Costa Rica et sa pertinence dans le discours mondial sur le genre et la soci\u00e9t\u00e9.<\/p>\n\n\n\n<figure class=\"wp-block-image size-full\"><img loading=\"lazy\" decoding=\"async\" width=\"750\" height=\"500\" src=\"https:\/\/peopleofcostarica.com\/wp-content\/uploads\/2025\/03\/490220154_yolandaoreamuno.jpg\" alt=\"\" class=\"wp-image-1956\" srcset=\"https:\/\/peopleofcostarica.com\/wp-content\/uploads\/2025\/03\/490220154_yolandaoreamuno.jpg 750w, https:\/\/peopleofcostarica.com\/wp-content\/uploads\/2025\/03\/490220154_yolandaoreamuno-300x200.jpg 300w\" sizes=\"(max-width: 750px) 100vw, 750px\" \/><\/figure>\n\n\n\n<h2 class=\"wp-block-heading\"><strong>5. Critiques et controverses<\/strong><\/h2>\n\n\n\n<p>L\u2019\u0153uvre et les positions de Yolanda Oreamuno sur le f\u00e9minisme et l\u2019autonomie des femmes, malgr\u00e9 leur importance et leur contribution \u00e0 la pens\u00e9e sociale et litt\u00e9raire, n\u2019ont pas \u00e9chapp\u00e9 aux critiques de son \u00e9poque. Ses id\u00e9es progressistes et sa critique ouverte des r\u00f4les de genre traditionnels ont suscit\u00e9 des controverses dans une soci\u00e9t\u00e9 costaricienne profond\u00e9ment ancr\u00e9e dans des valeurs conservatrices durant la premi\u00e8re moiti\u00e9 du XX\u1d49 si\u00e8cle. L\u2019audace avec laquelle elle abordait des sujets tels que l\u2019oppression des femmes, leur autonomie et la n\u00e9cessit\u00e9 de red\u00e9finir la f\u00e9minit\u00e9 sous un prisme plus libre et \u00e9galitaire \u00e9tait per\u00e7ue comme pol\u00e9mique et, dans certains cercles, m\u00eame provocatrice (NODAL Cultura).<\/p>\n\n\n\n<p>Cependant, avec le temps, les id\u00e9es d\u2019Oreamuno ont gagn\u00e9 en reconnaissance et en l\u00e9gitimit\u00e9, prouvant leur caract\u00e8re visionnaire et en avance sur leur \u00e9poque. Ses critiques de la soci\u00e9t\u00e9 patriarcale et son appel \u00e0 une plus grande libert\u00e9 et reconnaissance des femmes ont jou\u00e9 un r\u00f4le cl\u00e9 dans les d\u00e9bats contemporains sur le f\u00e9minisme et la place des femmes dans la soci\u00e9t\u00e9. Ce qui, \u00e0 son \u00e9poque, \u00e9tait une source de controverse est aujourd\u2019hui reconnu comme un fondement essentiel du progr\u00e8s des droits des femmes et de l\u2019\u00e9galit\u00e9 des sexes.<\/p>\n\n\n\n<p>La r\u00e9\u00e9valuation de l\u2019\u0153uvre d\u2019Oreamuno \u00e0 une \u00e9poque plus r\u00e9cente a conduit \u00e0 une appr\u00e9ciation plus profonde de sa contribution au f\u00e9minisme litt\u00e9raire et \u00e0 la pens\u00e9e sociale en Am\u00e9rique latine. Sa capacit\u00e9 \u00e0 m\u00ealer critique sociale et exploration litt\u00e9raire de la condition f\u00e9minine a inspir\u00e9 des g\u00e9n\u00e9rations d\u2019\u00e9crivaines et de penseuses f\u00e9ministes. Son h\u00e9ritage, autrefois objet de critiques et de controverses, est d\u00e9sormais c\u00e9l\u00e9br\u00e9 comme un pilier de la lutte pour l\u2019\u00e9galit\u00e9 et l\u2019autonomie des femmes (NODAL Cultura).<\/p>\n\n\n\n<p>Yolanda Oreamuno a laiss\u00e9 une empreinte ind\u00e9l\u00e9bile dans la culture costaricienne, d\u00e9fiant les conventions de son temps et plaidant pour une plus grande libert\u00e9 et reconnaissance des femmes. Son \u0153uvre et sa pens\u00e9e restent d\u2019une grande actualit\u00e9, inspirant de nouvelles g\u00e9n\u00e9rations \u00e0 remettre en question et \u00e0 transformer les structures sociales existantes (Wikipedia, l\u2019encyclop\u00e9die libre) (NODAL Cultura).<\/p>\n","protected":false},"excerpt":{"rendered":"<p>Yolanda Oreamuno, n\u00e9e en 1916 et d\u00e9c\u00e9d\u00e9e en 1956, est l&rsquo;une des figures litt\u00e9raires les plus importantes et avant-gardistes du Costa Rica dans la premi\u00e8re moiti\u00e9 du XXe si\u00e8cle. Son roman La ruta de su evasi\u00f3n, publi\u00e9 en 1948, est particuli\u00e8rement reconnu pour sa technique narrative avanc\u00e9e et est consid\u00e9r\u00e9 comme une \u0153uvre marquante de [&hellip;]<\/p>\n","protected":false},"author":14,"featured_media":1944,"comment_status":"open","ping_status":"open","sticky":false,"template":"","format":"standard","meta":{"footnotes":""},"categories":[49],"tags":[],"class_list":["post-1969","post","type-post","status-publish","format-standard","has-post-thumbnail","hentry","category-people-fr"],"_links":{"self":[{"href":"https:\/\/peopleofcostarica.com\/fr\/wp-json\/wp\/v2\/posts\/1969","targetHints":{"allow":["GET"]}}],"collection":[{"href":"https:\/\/peopleofcostarica.com\/fr\/wp-json\/wp\/v2\/posts"}],"about":[{"href":"https:\/\/peopleofcostarica.com\/fr\/wp-json\/wp\/v2\/types\/post"}],"author":[{"embeddable":true,"href":"https:\/\/peopleofcostarica.com\/fr\/wp-json\/wp\/v2\/users\/14"}],"replies":[{"embeddable":true,"href":"https:\/\/peopleofcostarica.com\/fr\/wp-json\/wp\/v2\/comments?post=1969"}],"version-history":[{"count":1,"href":"https:\/\/peopleofcostarica.com\/fr\/wp-json\/wp\/v2\/posts\/1969\/revisions"}],"predecessor-version":[{"id":1974,"href":"https:\/\/peopleofcostarica.com\/fr\/wp-json\/wp\/v2\/posts\/1969\/revisions\/1974"}],"wp:featuredmedia":[{"embeddable":true,"href":"https:\/\/peopleofcostarica.com\/fr\/wp-json\/wp\/v2\/media\/1944"}],"wp:attachment":[{"href":"https:\/\/peopleofcostarica.com\/fr\/wp-json\/wp\/v2\/media?parent=1969"}],"wp:term":[{"taxonomy":"category","embeddable":true,"href":"https:\/\/peopleofcostarica.com\/fr\/wp-json\/wp\/v2\/categories?post=1969"},{"taxonomy":"post_tag","embeddable":true,"href":"https:\/\/peopleofcostarica.com\/fr\/wp-json\/wp\/v2\/tags?post=1969"}],"curies":[{"name":"wp","href":"https:\/\/api.w.org\/{rel}","templated":true}]}}