{"id":1939,"date":"2025-03-14T15:00:00","date_gmt":"2025-03-14T15:00:00","guid":{"rendered":"https:\/\/peopleofcostarica.com\/?p=1939"},"modified":"2025-03-13T17:24:38","modified_gmt":"2025-03-13T17:24:38","slug":"mardis-lyriques-un-nouveau-programme-de-projections-et-de-concerts-lyriques-debute-au-theatre-national-avec-lopera-otello-du-teatro-real-de-madrid","status":"publish","type":"post","link":"https:\/\/peopleofcostarica.com\/fr\/mardis-lyriques-un-nouveau-programme-de-projections-et-de-concerts-lyriques-debute-au-theatre-national-avec-lopera-otello-du-teatro-real-de-madrid\/","title":{"rendered":"\u00ab\u00a0Mardis Lyriques\u00a0\u00bb : Un nouveau programme de projections et de concerts lyriques d\u00e9bute au Th\u00e9\u00e2tre National avec l\u2019op\u00e9ra Otello du Teatro Real de Madrid"},"content":{"rendered":"\n<p>Le Minist\u00e8re de la Culture et de la Jeunesse, \u00e0 travers la Compa\u00f1\u00eda L\u00edrica Nacional, le Th\u00e9\u00e2tre National du Costa Rica, et en collaboration avec le Mus\u00e9e d\u2019Art Costaricien, est fier de pr\u00e9senter le nouvel espace \u00ab\u00a0Mardis Lyriques\u00a0\u00bb, une initiative d\u2019une grande valeur culturelle visant \u00e0 renforcer et \u00e0 promouvoir l\u2019art lyrique dans le pays, \u00e0 attirer de nouveaux publics et \u00e0 faciliter l\u2019acc\u00e8s avec des prix tr\u00e8s abordables.<\/p>\n\n\n\n<p>La premi\u00e8re se tiendra le mardi 11 mars \u00e0 18h00, avec l\u2019op\u00e9ra Otello de Verdi, et la programmation s\u2019\u00e9tendra jusqu\u2019au 14 octobre. Ce programme comprend 16 \u00e9v\u00e9nements, combinant des projections d\u2019op\u00e9ras du Teatro Real d\u2019Espagne et des concerts lyriques en direct, organis\u00e9s \u00e0 la fois au Th\u00e9\u00e2tre National du Costa Rica et au Mus\u00e9e d\u2019Art Costaricien.<\/p>\n\n\n\n<p>Jorge Rodr\u00edguez Vives, ministre de la Culture et de la Jeunesse, a d\u00e9clar\u00e9 : \u00ab\u00a0Gr\u00e2ce \u00e0 ma r\u00e9cente visite en Espagne, nous avons conclu un accord avec le Teatro Real pour mener des actions conjointes et attirer de nouveaux publics. Ce projet vise \u00e0 rapprocher l\u2019op\u00e9ra du public. Il permet de d\u00e9couvrir l\u2019op\u00e9ra \u00e0 un prix tr\u00e8s abordable, dans l\u2019une des salles de concert les plus importantes du pays : le Th\u00e9\u00e2tre National du Costa Rica. De plus, nous pourrons profiter des projections du Teatro Real et des spectacles de la Compa\u00f1\u00eda L\u00edrica. Nous souhaitons attirer de jeunes publics pour leur faire d\u00e9couvrir l\u2019un des processus cr\u00e9atifs les plus fascinants.\u201d<\/p>\n\n\n\n<p>\u00ab\u00a0\u00a0\u00bbMardis Lyriques\u00a0\u00bb est un programme con\u00e7u pour offrir \u00e0 tous, de l\u2019enfance aux amateurs \u00e9clair\u00e9s, un acc\u00e8s facile et abordable \u00e0 l\u2019art vocal. \u00c0 travers divers formats, il permet de d\u00e9couvrir et d\u2019appr\u00e9cier la voix humaine, l\u2019instrument le plus expressif de tous. Ce programme propose des projections de productions exceptionnelles d\u2019op\u00e9ras et d\u2019autres formes d\u2019arts vocaux du Teatro Real de Madrid, ainsi que des r\u00e9citals de chant et de piano mettant en avant des artistes nationaux et internationaux de premier plan. Ces \u00e9v\u00e9nements mettront en lumi\u00e8re la richesse du r\u00e9pertoire de la chanson de concert du monde entier, suscitant curiosit\u00e9 et \u00e9merveillement aupr\u00e8s d\u2019un public diversifi\u00e9\u201d, a expliqu\u00e9 Calio Alonso, directeur artistique de la Compa\u00f1\u00eda L\u00edrica Nacional.<\/p>\n\n\n\n<p>Guillermo Madriz, directeur g\u00e9n\u00e9ral du Th\u00e9\u00e2tre National, a ajout\u00e9 : \u00ab\u00a0Ce projet constitue une plateforme essentielle pour la diffusion de l\u2019op\u00e9ra, de la zarzuela et d\u2019autres genres lyriques, offrant au public costaricien l\u2019opportunit\u00e9 d\u2019appr\u00e9cier des r\u00e9citals en direct et des projections exclusives de productions du Teatro Real de Madrid, l\u2019un des op\u00e9ras les plus prestigieux du monde. \u2018Mardis Lyriques\u2019 s\u2019imposera comme un pilier fondamental de la promotion de la musique vocale, en renfor\u00e7ant un public passionn\u00e9 par le chant lyrique et en r\u00e9affirmant l\u2019engagement du Th\u00e9\u00e2tre National du Costa Rica en faveur de la diffusion de l\u2019art et de la culture dans notre pays. Nous invitons toute la communaut\u00e9 \u00e0 nous rejoindre chaque mardi pour vivre la beaut\u00e9 de l\u2019op\u00e9ra, de la zarzuela et de la chanson de concert dans un cadre vibrant et anim\u00e9.\u201d<\/p>\n\n\n\n<h3 class=\"wp-block-heading\"><strong>Programmation<\/strong><\/h3>\n\n\n\n<p>Le 11 mars \u00e0 18h00, projection de <em>Otello<\/em> de Giuseppe Verdi, une production du Teatro Real de Madrid, d\u00e9sign\u00e9 \u00ab\u00a0meilleur th\u00e9\u00e2tre d\u2019op\u00e9ra du monde\u00a0\u00bb en 2021.<\/p>\n\n\n\n<p>Avec un livret d\u2019Arrigo Boito, bas\u00e9 sur <em>Othello, the Moor of Venice<\/em> (1603) de William Shakespeare, cette nouvelle production du Teatro Real est une coproduction avec l\u2019English National Opera et l\u2019Op\u00e9ra Royal de Stockholm, accompagn\u00e9e du Ch\u0153ur et Orchestre du Teatro Real ainsi que des Petits Chanteurs de la Communaut\u00e9 de Madrid. La direction musicale est assur\u00e9e par Renato Palumbo, et la mise en sc\u00e8ne par David Alden. La distribution comprend Gregory Kunde (Otello), George Petean (Iago), Vicen\u00e7 Esteve (Roderigo) et Fernando Rad\u00f3 (Ludovico).<\/p>\n\n\n\n<p>\u00c0 partir d\u2019avril, les r\u00e9citals viendront compl\u00e9ter les projections. Voici le programme complet :<\/p>\n\n\n\n<figure class=\"wp-block-table\"><table class=\"has-fixed-layout\"><thead><tr><th><strong>Date &amp; Heure<\/strong><\/th><th><strong>Proposition artistique<\/strong><\/th><th><strong>Activit\u00e9<\/strong><\/th><th><strong>Lieu<\/strong><\/th><\/tr><\/thead><tbody><tr><td><strong>Mardi 11 mars, 18h<\/strong><\/td><td><em>Otello<\/em>, G. Verdi<\/td><td>Projection op\u00e9ra (Teatro Real)<\/td><td>Th\u00e9\u00e2tre National (Salle Principale)<\/td><\/tr><tr><td><strong>Mardi 1er avril, 18h<\/strong><\/td><td>Chanson anglaise<\/td><td>R\u00e9cital chant &amp; piano<\/td><td>Salon Dor\u00e9, Mus\u00e9e d\u2019Art Costaricien<\/td><\/tr><tr><td><strong>Mardi 8 avril, 18h<\/strong><\/td><td><em>Cos\u00ec fan tutte<\/em>, W.A. Mozart<\/td><td>Projection op\u00e9ra (Teatro Real)<\/td><td>Th\u00e9\u00e2tre National (Salle Principale)<\/td><\/tr><tr><td><strong>Mardi 6 mai, 18h<\/strong><\/td><td>Chanson costaricienne<\/td><td>R\u00e9cital chant &amp; piano<\/td><td>Th\u00e9\u00e2tre National (Foyer)<\/td><\/tr><tr><td><strong>Samedi 10 mai, 10h<\/strong><\/td><td><em>Le Songe d\u2019une nuit d\u2019\u00e9t\u00e9<\/em>, W. Shakespeare<\/td><td>Projection enfant (Teatro Real)<\/td><td>Th\u00e9\u00e2tre National (Salle Principale)<\/td><\/tr><tr><td><strong>Mardi 3 juin, 18h<\/strong><\/td><td>Chanson italienne<\/td><td>R\u00e9cital chant &amp; piano<\/td><td>Th\u00e9\u00e2tre National (Foyer)<\/td><\/tr><tr><td><strong>Samedi 21 juin, 10h<\/strong><\/td><td><em>El amor brujo<\/em>, M. de Falla<\/td><td>Projection danse (Teatro Real)<\/td><td>Th\u00e9\u00e2tre National (Salle Principale)<\/td><\/tr><tr><td><strong>Mardi 1er juillet, 18h<\/strong><\/td><td><em>Turandot<\/em>, G. Puccini<\/td><td>Projection op\u00e9ra (Teatro Real)<\/td><td>Th\u00e9\u00e2tre National (Salle Principale)<\/td><\/tr><tr><td><strong>Mardi 8 juillet, 18h<\/strong><\/td><td>Chanson espagnole<\/td><td>R\u00e9cital chant &amp; piano<\/td><td>Salon Dor\u00e9, Mus\u00e9e d\u2019Art Costaricien<\/td><\/tr><tr><td><strong>Mardi 5 ao\u00fbt, 18h<\/strong><\/td><td>Chanson latino-am\u00e9ricaine<\/td><td>R\u00e9cital chant &amp; piano<\/td><td>Th\u00e9\u00e2tre National (Foyer)<\/td><\/tr><tr><td><strong>Mardi 12 ao\u00fbt, 18h<\/strong><\/td><td><em>I Puritani<\/em>, V. Bellini<\/td><td>Projection op\u00e9ra (Teatro Real)<\/td><td>Th\u00e9\u00e2tre National (Salle Principale)<\/td><\/tr><\/tbody><\/table><\/figure>\n\n\n\n<p><em>Programmation sujette \u00e0 modification.<\/em><\/p>\n\n\n\n<h3 class=\"wp-block-heading\"><strong>Billetterie<\/strong><\/h3>\n\n\n\n<ul class=\"wp-block-list\">\n<li>Tarif g\u00e9n\u00e9ral (Th\u00e9\u00e2tre National) : 2 000 colones<\/li>\n\n\n\n<li>\u00c9tudiants &amp; seniors avec carte : 1 000 colones<\/li>\n\n\n\n<li>Billets disponibles au guichet du Th\u00e9\u00e2tre National et en ligne : <strong><a href=\"https:\/\/boleteria.teatronacional.go.cr\/\" target=\"_blank\" rel=\"noopener\">https:\/\/boleteria.teatronacional.go.cr\/<\/a><\/strong><\/li>\n\n\n\n<li>R\u00e9citals au Mus\u00e9e d\u2019Art Costaricien : Entr\u00e9e gratuite (places limit\u00e9es).<\/li>\n<\/ul>\n","protected":false},"excerpt":{"rendered":"<p>Le Minist\u00e8re de la Culture et de la Jeunesse, \u00e0 travers la Compa\u00f1\u00eda L\u00edrica Nacional, le Th\u00e9\u00e2tre National du Costa Rica, et en collaboration avec le Mus\u00e9e d\u2019Art Costaricien, est fier de pr\u00e9senter le nouvel espace \u00ab\u00a0Mardis Lyriques\u00a0\u00bb, une initiative d\u2019une grande valeur culturelle visant \u00e0 renforcer et \u00e0 promouvoir l\u2019art lyrique dans le pays, [&hellip;]<\/p>\n","protected":false},"author":14,"featured_media":1935,"comment_status":"open","ping_status":"open","sticky":false,"template":"","format":"standard","meta":{"footnotes":""},"categories":[86],"tags":[],"class_list":["post-1939","post","type-post","status-publish","format-standard","has-post-thumbnail","hentry","category-actualites"],"_links":{"self":[{"href":"https:\/\/peopleofcostarica.com\/fr\/wp-json\/wp\/v2\/posts\/1939","targetHints":{"allow":["GET"]}}],"collection":[{"href":"https:\/\/peopleofcostarica.com\/fr\/wp-json\/wp\/v2\/posts"}],"about":[{"href":"https:\/\/peopleofcostarica.com\/fr\/wp-json\/wp\/v2\/types\/post"}],"author":[{"embeddable":true,"href":"https:\/\/peopleofcostarica.com\/fr\/wp-json\/wp\/v2\/users\/14"}],"replies":[{"embeddable":true,"href":"https:\/\/peopleofcostarica.com\/fr\/wp-json\/wp\/v2\/comments?post=1939"}],"version-history":[{"count":1,"href":"https:\/\/peopleofcostarica.com\/fr\/wp-json\/wp\/v2\/posts\/1939\/revisions"}],"predecessor-version":[{"id":1941,"href":"https:\/\/peopleofcostarica.com\/fr\/wp-json\/wp\/v2\/posts\/1939\/revisions\/1941"}],"wp:featuredmedia":[{"embeddable":true,"href":"https:\/\/peopleofcostarica.com\/fr\/wp-json\/wp\/v2\/media\/1935"}],"wp:attachment":[{"href":"https:\/\/peopleofcostarica.com\/fr\/wp-json\/wp\/v2\/media?parent=1939"}],"wp:term":[{"taxonomy":"category","embeddable":true,"href":"https:\/\/peopleofcostarica.com\/fr\/wp-json\/wp\/v2\/categories?post=1939"},{"taxonomy":"post_tag","embeddable":true,"href":"https:\/\/peopleofcostarica.com\/fr\/wp-json\/wp\/v2\/tags?post=1939"}],"curies":[{"name":"wp","href":"https:\/\/api.w.org\/{rel}","templated":true}]}}