{"id":1928,"date":"2025-03-14T14:00:00","date_gmt":"2025-03-14T14:00:00","guid":{"rendered":"https:\/\/peopleofcostarica.com\/?p=1928"},"modified":"2025-03-13T17:09:20","modified_gmt":"2025-03-13T17:09:20","slug":"le-musee-juan-santamaria-offre-a-la-communaute-educative-son-service-de-visites-guidees-pedagogiques-pour-lannee-scolaire-2025","status":"publish","type":"post","link":"https:\/\/peopleofcostarica.com\/fr\/le-musee-juan-santamaria-offre-a-la-communaute-educative-son-service-de-visites-guidees-pedagogiques-pour-lannee-scolaire-2025\/","title":{"rendered":"Le Mus\u00e9e Juan Santamar\u00eda offre \u00e0 la communaut\u00e9 \u00e9ducative son service de visites guid\u00e9es p\u00e9dagogiques pour l\u2019ann\u00e9e scolaire 2025"},"content":{"rendered":"\n<p><strong>Le Mus\u00e9e Juan Santamar\u00eda offre \u00e0 la communaut\u00e9 \u00e9ducative son service de visites guid\u00e9es p\u00e9dagogiques pour l\u2019ann\u00e9e scolaire 2025<\/strong><\/p>\n\n\n\n<p><strong>7 mars 2025 \u2013 Mus\u00e9e Historique Culturel Juan Santamar\u00eda, Alajuela \u2013 Cons\u00e9cutif 069<\/strong><\/p>\n\n\n\n<p>Le Mus\u00e9e Historique Culturel Juan Santamar\u00eda informe la communaut\u00e9 \u00e9ducative nationale de la disponibilit\u00e9 de son service permanent de visites guid\u00e9es \u00e9ducatives gratuites pour l\u2019ann\u00e9e scolaire 2025, destin\u00e9es aux groupes d\u2019\u00e9tudiants de tous les niveaux \u00e9ducatifs, ainsi qu\u2019aux groupes organis\u00e9s du grand public.<\/p>\n\n\n\n<ul class=\"wp-block-list\">\n<li><strong>L\u2019institution propose des visites guid\u00e9es \u00e9ducatives gratuites pour les \u00e9tudiants et les groupes organis\u00e9s<\/strong><\/li>\n\n\n\n<li><strong>Les visites incluent des expositions sur la Campagne Nationale de 1856-1857 et l\u2019histoire locale d\u2019Alajuela<\/strong><\/li>\n\n\n\n<li><strong>Coordonnez votre visite par e-mail : <a href=\"mailto:cultura@mhcjs.go.cr\">cultura@mhcjs.go.cr<\/a> ou par t\u00e9l\u00e9phone au 2441-4775, ext. 115<\/strong><\/li>\n<\/ul>\n\n\n\n<h3 class=\"wp-block-heading\"><strong>Le Mus\u00e9e Juan Santamar\u00eda offre \u00e0 la communaut\u00e9 \u00e9ducative son service de visites guid\u00e9es p\u00e9dagogiques pour l\u2019ann\u00e9e scolaire 2025<\/strong><\/h3>\n\n\n\n<p>San Jos\u00e9, 7 mars 2025 \u2013 Le Mus\u00e9e Historique Culturel Juan Santamar\u00eda (MHCJS) informe la communaut\u00e9 \u00e9ducative nationale de la disponibilit\u00e9 de son service permanent de visites guid\u00e9es \u00e9ducatives gratuites pour l\u2019ann\u00e9e scolaire 2025, destin\u00e9es aux groupes d\u2019\u00e9tudiants de tous les niveaux \u00e9ducatifs, ainsi qu\u2019aux groupes organis\u00e9s du grand public.<\/p>\n\n\n\n<p>Les visites guid\u00e9es sont conduites par un professionnel de l\u2019\u00e9ducation et de l\u2019histoire du Costa Rica du MHCJS, assist\u00e9 par des volontaires form\u00e9s. Les visites \u00e9ducatives comprennent des expositions th\u00e9matiques sur la <strong>Campagne Nationale de 1856-1857<\/strong> et son importance dans la construction des identit\u00e9s costariciennes. Elles incluent \u00e9galement des parcours \u00e0 travers les <strong>expositions temporaires et permanentes<\/strong> du MHCJS, ainsi qu\u2019une <strong>visite du toit<\/strong> du <strong>b\u00e2timent de l\u2019Ancienne Caserne d\u2019Alajuela<\/strong>, o\u00f9 les visiteurs peuvent en apprendre davantage sur l\u2019histoire locale.<\/p>\n\n\n\n<p><em>\u00ab\u00a0<\/em>Ce service permet aux \u00e9tudiants de se familiariser avec l\u2019histoire et de rendre son application en classe plus dynamique. Pour le grand public, il offre une vision plus large de la Campagne Nationale de 1856-1857, depuis un b\u00e2timent qui, depuis 50 ans, abrite le MHCJS et renferme des histoires fascinantes\u00a0\u00bb, a d\u00e9clar\u00e9 Mar\u00eda Ot\u00e1rola Luna, directrice du Mus\u00e9e Historique Culturel Juan Santamar\u00eda.<\/p>\n\n\n\n<h3 class=\"wp-block-heading\"><strong>Comment organiser une visite guid\u00e9e p\u00e9dagogique au Mus\u00e9e Historique Culturel Juan Santamar\u00eda ?<\/strong><\/h3>\n\n\n\n<p>Les personnes int\u00e9ress\u00e9es peuvent contacter le <strong>MHCJS<\/strong> par <strong>e-mail \u00e0 <a href=\"mailto:cultura@mhcjs.go.cr\">cultura@mhcjs.go.cr<\/a><\/strong> ou par t\u00e9l\u00e9phone au <strong>2441-4775, ext. 115<\/strong>.<\/p>\n\n\n\n<p>Le service est propos\u00e9 aux <strong>groupes scolaires du primaire, du secondaire et universitaires<\/strong>, avec une capacit\u00e9 maximale de <strong>50 personnes<\/strong> par visite. Il est \u00e9galement ouvert aux <strong>petits groupes ayant des int\u00e9r\u00eats sp\u00e9cifiques<\/strong>, tels que <strong>l\u2019histoire, l\u2019art, l\u2019architecture et le tourisme<\/strong>, entre autres. Les visites ont lieu les <strong>mardis, jeudis et vendredis<\/strong>, sur r\u00e9servation pr\u00e9alable.<\/p>\n\n\n\n<p>Tous les services du MHCJS sont <strong>gratuits et accessibles \u00e0 tous les publics<\/strong>. Les <strong>horaires d\u2019ouverture<\/strong> du mus\u00e9e sont <strong>du mardi au dimanche, de 9h \u00e0 17h<\/strong>.<\/p>\n\n\n\n<p>De plus, le mus\u00e9e dispose de la <strong>Librairie Luis Ferrero Acosta<\/strong>, qui propose des ouvrages de la <strong>maison d\u2019\u00e9dition du MHCJS<\/strong> \u00e0 des prix abordables, ainsi que du mat\u00e9riel pour tous les publics, y compris <strong>des livres de coloriage et des bandes dessin\u00e9es sur la Campagne Nationale de 1856-1857<\/strong>.<\/p>\n","protected":false},"excerpt":{"rendered":"<p>Le Mus\u00e9e Juan Santamar\u00eda offre \u00e0 la communaut\u00e9 \u00e9ducative son service de visites guid\u00e9es p\u00e9dagogiques pour l\u2019ann\u00e9e scolaire 2025 7 mars 2025 \u2013 Mus\u00e9e Historique Culturel Juan Santamar\u00eda, Alajuela \u2013 Cons\u00e9cutif 069 Le Mus\u00e9e Historique Culturel Juan Santamar\u00eda informe la communaut\u00e9 \u00e9ducative nationale de la disponibilit\u00e9 de son service permanent de visites guid\u00e9es \u00e9ducatives gratuites [&hellip;]<\/p>\n","protected":false},"author":14,"featured_media":1924,"comment_status":"open","ping_status":"open","sticky":false,"template":"","format":"standard","meta":{"footnotes":""},"categories":[86],"tags":[],"class_list":["post-1928","post","type-post","status-publish","format-standard","has-post-thumbnail","hentry","category-actualites"],"_links":{"self":[{"href":"https:\/\/peopleofcostarica.com\/fr\/wp-json\/wp\/v2\/posts\/1928","targetHints":{"allow":["GET"]}}],"collection":[{"href":"https:\/\/peopleofcostarica.com\/fr\/wp-json\/wp\/v2\/posts"}],"about":[{"href":"https:\/\/peopleofcostarica.com\/fr\/wp-json\/wp\/v2\/types\/post"}],"author":[{"embeddable":true,"href":"https:\/\/peopleofcostarica.com\/fr\/wp-json\/wp\/v2\/users\/14"}],"replies":[{"embeddable":true,"href":"https:\/\/peopleofcostarica.com\/fr\/wp-json\/wp\/v2\/comments?post=1928"}],"version-history":[{"count":1,"href":"https:\/\/peopleofcostarica.com\/fr\/wp-json\/wp\/v2\/posts\/1928\/revisions"}],"predecessor-version":[{"id":1931,"href":"https:\/\/peopleofcostarica.com\/fr\/wp-json\/wp\/v2\/posts\/1928\/revisions\/1931"}],"wp:featuredmedia":[{"embeddable":true,"href":"https:\/\/peopleofcostarica.com\/fr\/wp-json\/wp\/v2\/media\/1924"}],"wp:attachment":[{"href":"https:\/\/peopleofcostarica.com\/fr\/wp-json\/wp\/v2\/media?parent=1928"}],"wp:term":[{"taxonomy":"category","embeddable":true,"href":"https:\/\/peopleofcostarica.com\/fr\/wp-json\/wp\/v2\/categories?post=1928"},{"taxonomy":"post_tag","embeddable":true,"href":"https:\/\/peopleofcostarica.com\/fr\/wp-json\/wp\/v2\/tags?post=1928"}],"curies":[{"name":"wp","href":"https:\/\/api.w.org\/{rel}","templated":true}]}}