{"id":1919,"date":"2025-03-14T11:00:00","date_gmt":"2025-03-14T11:00:00","guid":{"rendered":"https:\/\/peopleofcostarica.com\/?p=1919"},"modified":"2025-03-13T17:00:34","modified_gmt":"2025-03-13T17:00:34","slug":"appel-ouvert-pour-la-formation-des-commissions-de-selection-des-propositions-pour-la-fete-nationale-de-la-lecture-2025","status":"publish","type":"post","link":"https:\/\/peopleofcostarica.com\/fr\/appel-ouvert-pour-la-formation-des-commissions-de-selection-des-propositions-pour-la-fete-nationale-de-la-lecture-2025\/","title":{"rendered":"Appel ouvert pour la formation des commissions de s\u00e9lection des propositions pour la F\u00eate Nationale de la Lecture 2025"},"content":{"rendered":"\n<p>Le Minist\u00e8re de la Culture et de la Jeunesse, \u00e0 travers le Centre de Production Artistique et Culturelle, annonce l\u2019ouverture de l\u2019appel \u00e0 candidatures pour la formation des commissions de s\u00e9lection des projets qui participeront \u00e0 la F\u00eate Nationale de la Lecture 2025.<\/p>\n\n\n\n<p><strong>Date limite de r\u00e9ception des candidatures pour int\u00e9grer les commissions de s\u00e9lection : dimanche 16 mars 2025<\/strong><br><strong>La F\u00eate Nationale de la Lecture 2025 aura lieu du 30 mai au 1er juin \u00e0 l\u2019Antigua Aduana, San Jos\u00e9<\/strong><\/p>\n\n\n\n<p><strong>Appel ouvert pour la formation des commissions de s\u00e9lection des propositions pour la F\u00eate Nationale de la Lecture 2025<\/strong><\/p>\n\n\n\n<p>San Jos\u00e9, 7 mars 2025. Le Minist\u00e8re de la Culture et de la Jeunesse (MCJ), \u00e0 travers le Centre de Production Artistique et Culturelle (CPAC), annonce l\u2019ouverture de l\u2019appel \u00e0 candidatures pour la formation des commissions de s\u00e9lection des projets qui participeront \u00e0 la F\u00eate Nationale de la Lecture 2025 (FNL2025).<\/p>\n\n\n\n<p>Cet appel s\u2019adresse aux professionnels et aux personnes impliqu\u00e9es dans les secteurs litt\u00e9raire, acad\u00e9mique, artistique, culturel ou commercial en lien avec la litt\u00e9rature, la langue, la biblioth\u00e9conomie, l\u2019\u00e9ducation et la librairie. Ces personnes participeront au processus d\u2019\u00e9valuation des projets souhaitant int\u00e9grer cette quatri\u00e8me \u00e9dition, qui se tiendra du 30 mai au 1er juin 2025 \u00e0 l\u2019Antigua Aduana, \u00e0 San Jos\u00e9.<\/p>\n\n\n\n<p>Les citoyens costariciens et les r\u00e9sidents \u00e9trangers vivant dans le pays ayant une exp\u00e9rience av\u00e9r\u00e9e dans les secteurs mentionn\u00e9s et dont le profil correspond aux exigences \u00e9tablies pour chaque commission peuvent postuler.<\/p>\n\n\n\n<p>Les inscriptions seront ouvertes jusqu\u2019au <strong>16 mars 2025 \u00e0 23h55<\/strong>.<\/p>\n\n\n\n<h3 class=\"wp-block-heading\">Les personnes s\u00e9lectionn\u00e9es devront :<\/h3>\n\n\n\n<ul class=\"wp-block-list\">\n<li>Respecter les bases de participation de l\u2019appel \u00e0 candidatures.<\/li>\n\n\n\n<li>Garantir un processus d\u2019\u00e9valuation objectif et transparent.<\/li>\n\n\n\n<li>Se conformer au calendrier et aux objectifs \u00e9tablis par l\u2019\u00e9quipe de production.<\/li>\n\n\n\n<li>Participer b\u00e9n\u00e9volement, sans r\u00e9mun\u00e9ration financi\u00e8re.<\/li>\n\n\n\n<li>Ne pas avoir de liens avec des propositions participantes pouvant repr\u00e9senter un conflit d\u2019int\u00e9r\u00eat.<\/li>\n<\/ul>\n\n\n\n<h3 class=\"wp-block-heading\">Les candidats pourront s\u2019inscrire dans une ou plusieurs commissions, selon leur domaine d\u2019expertise :<\/h3>\n\n\n\n<ul class=\"wp-block-list\">\n<li><strong>Cat\u00e9gorie G\u00e9n\u00e9rale<\/strong> : \u00c9valuation des projets de librairies, maisons d\u2019\u00e9dition, collectifs, biblioth\u00e8ques, initiatives \u00e9ducatives et autres propositions visant \u00e0 promouvoir la lecture. Une connaissance ou une exp\u00e9rience dans ce domaine est requise.<\/li>\n\n\n\n<li><strong>Cat\u00e9gorie Auteurs<\/strong> : \u00c9valuation des candidatures d\u2019auteurs ind\u00e9pendants. Une formation acad\u00e9mique en litt\u00e9rature, philologie ou domaines connexes est souhaitable, ainsi qu\u2019une exp\u00e9rience dans le secteur.<\/li>\n<\/ul>\n\n\n\n<p>Pour postuler, il suffit de remplir le formulaire \u00e0 l\u2019adresse suivante :<br><a href=\"https:\/\/docs.google.com\/forms\/d\/e\/1FAIpQLSeqXVj2ssodLxN4UT_d3tOv6mC7hhYrn79YFjnXmggEuwFxzg\/viewform\" target=\"_blank\" rel=\"noopener\">https:\/\/docs.google.com\/forms\/d\/e\/1FAIpQLSeqXVj2ssodLxN4UT_d3tOv6mC7hhYrn79YFjnXmggEuwFxzg\/viewform<\/a><\/p>\n\n\n\n<p>Les candidatures seront examin\u00e9es par l\u2019\u00e9quipe de production de la FNL2025, qui v\u00e9rifiera le respect des exigences. Les personnes pr\u00e9s\u00e9lectionn\u00e9es seront contact\u00e9es pour un entretien, puis la s\u00e9lection finale des membres de chaque commission sera confirm\u00e9e.<\/p>\n\n\n\n<h3 class=\"wp-block-heading\">Informations suppl\u00e9mentaires<\/h3>\n\n\n\n<p>Pour toute question, vous pouvez \u00e9crire \u00e0 <strong><a href=\"mailto:fnl@cpac.go.cr\">fnl@cpac.go.cr<\/a><\/strong> ou appeler au <strong>2248-3240, poste 315<\/strong>, du lundi au vendredi, de <strong>8h \u00e0 16h<\/strong>.<br>Pour en savoir plus sur <strong>FNL2025<\/strong>, visitez : <a href=\"https:\/\/chatgpt.com\/c\/www.mcj.go.cr\/cpac\" target=\"_blank\" rel=\"noopener\">www.mcj.go.cr\/cpac<\/a>.<\/p>\n","protected":false},"excerpt":{"rendered":"<p>Le Minist\u00e8re de la Culture et de la Jeunesse, \u00e0 travers le Centre de Production Artistique et Culturelle, annonce l\u2019ouverture de l\u2019appel \u00e0 candidatures pour la formation des commissions de s\u00e9lection des projets qui participeront \u00e0 la F\u00eate Nationale de la Lecture 2025. Date limite de r\u00e9ception des candidatures pour int\u00e9grer les commissions de s\u00e9lection [&hellip;]<\/p>\n","protected":false},"author":14,"featured_media":1913,"comment_status":"open","ping_status":"open","sticky":false,"template":"","format":"standard","meta":{"footnotes":""},"categories":[86],"tags":[],"class_list":["post-1919","post","type-post","status-publish","format-standard","has-post-thumbnail","hentry","category-actualites"],"_links":{"self":[{"href":"https:\/\/peopleofcostarica.com\/fr\/wp-json\/wp\/v2\/posts\/1919","targetHints":{"allow":["GET"]}}],"collection":[{"href":"https:\/\/peopleofcostarica.com\/fr\/wp-json\/wp\/v2\/posts"}],"about":[{"href":"https:\/\/peopleofcostarica.com\/fr\/wp-json\/wp\/v2\/types\/post"}],"author":[{"embeddable":true,"href":"https:\/\/peopleofcostarica.com\/fr\/wp-json\/wp\/v2\/users\/14"}],"replies":[{"embeddable":true,"href":"https:\/\/peopleofcostarica.com\/fr\/wp-json\/wp\/v2\/comments?post=1919"}],"version-history":[{"count":1,"href":"https:\/\/peopleofcostarica.com\/fr\/wp-json\/wp\/v2\/posts\/1919\/revisions"}],"predecessor-version":[{"id":1921,"href":"https:\/\/peopleofcostarica.com\/fr\/wp-json\/wp\/v2\/posts\/1919\/revisions\/1921"}],"wp:featuredmedia":[{"embeddable":true,"href":"https:\/\/peopleofcostarica.com\/fr\/wp-json\/wp\/v2\/media\/1913"}],"wp:attachment":[{"href":"https:\/\/peopleofcostarica.com\/fr\/wp-json\/wp\/v2\/media?parent=1919"}],"wp:term":[{"taxonomy":"category","embeddable":true,"href":"https:\/\/peopleofcostarica.com\/fr\/wp-json\/wp\/v2\/categories?post=1919"},{"taxonomy":"post_tag","embeddable":true,"href":"https:\/\/peopleofcostarica.com\/fr\/wp-json\/wp\/v2\/tags?post=1919"}],"curies":[{"name":"wp","href":"https:\/\/api.w.org\/{rel}","templated":true}]}}