{"id":1908,"date":"2025-03-14T09:00:00","date_gmt":"2025-03-14T09:00:00","guid":{"rendered":"https:\/\/peopleofcostarica.com\/?p=1908"},"modified":"2025-03-13T16:52:09","modified_gmt":"2025-03-13T16:52:09","slug":"la-compagnie-lyrique-nationale-annonce-louverture-des-auditions-ouvertes-pour-la-saison-dopera-et-de-zarzuela-2025","status":"publish","type":"post","link":"https:\/\/peopleofcostarica.com\/fr\/la-compagnie-lyrique-nationale-annonce-louverture-des-auditions-ouvertes-pour-la-saison-dopera-et-de-zarzuela-2025\/","title":{"rendered":"La Compagnie Lyrique Nationale annonce l\u2019ouverture des auditions ouvertes pour la saison d\u2019op\u00e9ra et de zarzuela 2025."},"content":{"rendered":"\n<p>La Compagnie Lyrique Nationale a annonc\u00e9 l\u2019ouverture de l\u2019appel \u00e0 auditions ouvertes pour les chanteurs nationaux et r\u00e9gionaux afin de s\u00e9lectionner les distributions artistiques des diff\u00e9rents projets d\u2019op\u00e9ra et de zarzuela qui seront pr\u00e9sent\u00e9s en 2025 par le Centre National de la Musique du Minist\u00e8re de la Culture et de la Jeunesse, en collaboration avec diverses institutions. De plus, les auditions sont \u00e9galement ouvertes aux pianistes souhaitant rejoindre un nouveau programme intitul\u00e9 \u00ab\u202fOp\u00e9ra Studio\u202f\u00bb.<\/p>\n\n\n\n<p>Les conditions pour participer aux auditions de ces projets sont d\u2019\u00eatre \u00e2g\u00e9 de plus de 18 ans et de poss\u00e9der une formation et une exp\u00e9rience av\u00e9r\u00e9es en chant ou en piano. Les inscriptions sont ouvertes du 11 au 18 mars 2025.<\/p>\n\n\n\n<p>Cette ann\u00e9e, en juillet, la CLN pr\u00e9sentera au public, sur la sc\u00e8ne du Th\u00e9\u00e2tre National, la zarzuela <em>El barberillo de Lavapi\u00e9s<\/em> de F. A. Barbieri, dans une production du Th\u00e9\u00e2tre de la Zarzuela de Madrid, avec la participation de l\u2019Orchestre Symphonique National du Costa Rica, du Ch\u0153ur Symphonique National et de la Compagnie Nationale de Danse, sous la direction musicale du maestro Andr\u00e9s Salado.<\/p>\n\n\n\n<p>De plus, ce mardi 11 mars, sera inaugur\u00e9 le programme \u00ab\u202fMardis Lyriques\u202f\u00bb au Th\u00e9\u00e2tre National du Costa Rica (TNCR), avec des projections mensuelles de productions du Teatro Real de Madrid, ainsi que des r\u00e9citals de chant lyrique et de piano, organis\u00e9s le premier mardi de chaque mois entre mars et novembre, dans le foyer du TNCR et au Mus\u00e9e d\u2019Art Costaricien situ\u00e9 \u00e0 La Sabana.<\/p>\n\n\n\n<p>Calio Alonso, directeur artistique de la Compagnie Lyrique Nationale, a d\u00e9clar\u00e9 : \u00ab\u202fLancer un processus de reconnaissance des talents \u00e0 travers des auditions ouvertes sans restriction est toujours une exp\u00e9rience motivante et surprenante. Travailler main dans la main avec les acteurs du secteur est essentiel au bon d\u00e9veloppement des programmes fond\u00e9s sur des politiques publiques. La jeunesse joue un r\u00f4le cl\u00e9 dans les projets de la Compagnie Lyrique Nationale, et c\u2019est pourquoi nous avons cr\u00e9\u00e9 un programme d\u2019Op\u00e9ra Studio pour chanteurs et pianistes, unique dans le pays et la r\u00e9gion, se positionnant comme la sc\u00e8ne id\u00e9ale pour mettre en lumi\u00e8re les artistes et l\u2019art d\u2019aujourd\u2019hui et de demain. Attirer au Costa Rica des figures de renom sur la sc\u00e8ne internationale, comme la c\u00e9l\u00e8bre soprano Joyce DiDonato, est une formidable opportunit\u00e9 pour s\u2019inscrire dans les \u00e9v\u00e9nements, d\u00e9fis et opportunit\u00e9s de notre \u00e9poque et assurer un avenir stable \u00e0 nos artistes et \u00e0 notre public.\u202f\u00bb<\/p>\n\n\n\n<p>Les personnes int\u00e9ress\u00e9es par le processus d\u2019audition doivent envoyer un courriel \u00e0 l\u2019adresse <a>ngarce@mcj.go.cr<\/a> avec un lien Google Drive contenant les documents suivants : une copie de la carte d\u2019identit\u00e9 ou du passeport, une biographie artistique et un CV, deux photographies artistiques, trois enregistrements d\u2019\u0153uvres vocales exigeantes refl\u00e9tant leur niveau vocal actuel, une liste du r\u00e9pertoire qu\u2019ils pr\u00e9senteront lors de la phase finale en cas de pr\u00e9s\u00e9lection, ainsi qu\u2019une d\u00e9claration sous serment confirmant leur disponibilit\u00e9 pour participer \u00e0 la zarzuela au mois de juillet.<\/p>\n\n\n\n<p>Le processus de s\u00e9lection sera men\u00e9 par une commission artistique compos\u00e9e de sp\u00e9cialistes de renomm\u00e9e internationale, notamment : Andr\u00e9s Salado, directeur musical et artistique de l\u2019Orchestre Symphonique National ; Paolo Bortolameolli, directeur musical de l\u2019Orchestre Symphonique de Santiago du Chili ; Joan Matabosch, directeur artistique du Teatro Real de Madrid ; Ramiro A. Ram\u00edrez, directeur du Centre National de la Musique, et Calio Alonso, ma\u00eetre r\u00e9p\u00e9titeur et directeur artistique de la Compagnie Lyrique Nationale.<\/p>\n\n\n\n<p>Pour plus d\u2019informations sur les r\u00e9pertoires, les d\u00e9lais et le processus de s\u00e9lection, consultez : <a href=\"https:\/\/cnm.go.cr\/audicionescln25\/\" target=\"_blank\" rel=\"noopener\">https:\/\/cnm.go.cr\/audicionescln25\/<\/a><\/p>\n\n\n\n<p>L\u2019un des projets majeurs de la CLN pour 2025 est le programme \u00ab\u202fOp\u00e9ra Studio\u202f\u00bb, une initiative destin\u00e9e aux chanteurs et pianistes en phase avanc\u00e9e de leur carri\u00e8re, leur offrant l\u2019opportunit\u00e9 de perfectionner leurs comp\u00e9tences et leurs connaissances dans le monde de l\u2019op\u00e9ra et du chant lyrique, tout en b\u00e9n\u00e9ficiant d\u2019un accompagnement et d\u2019une formation assur\u00e9s par des artistes et experts de renom. Ils participeront \u00e9galement aux productions et projets de la CLN.<\/p>\n\n\n\n<p>Diverses institutions soutiendront ce programme, notamment l\u2019Ambassade d\u2019Italie, qui proposera un cours \u00e0 l\u2019institut Dante Alighieri pour cinq b\u00e9n\u00e9ficiaires de l\u2019Op\u00e9ra Studio.<\/p>\n\n\n\n<p>Ce programme accueillera des artistes et professionnels de renomm\u00e9e mondiale tels que la soprano Joyce DiDonato, le directeur musical Andr\u00e9s Salado, le ma\u00eetre r\u00e9p\u00e9titeur et coach vocal H\u00e9ctor Eliel M\u00e1rquez, le baryton Borja Quiz\u00e1, la soprano Margot Pares Reina, le directeur artistique de l\u2019\u00c9cole Reina Sof\u00eda de Madrid Juan Mendoza, la directrice artistique du Th\u00e9\u00e2tre de la Zarzuela de Madrid Isamay Benavente, ainsi que la productrice et gestionnaire de carri\u00e8res Zenaida des Aubries, parmi de nombreux autres ma\u00eetres et figures de r\u00e9f\u00e9rence du monde lyrique et musical qui seront annonc\u00e9s prochainement.<\/p>\n","protected":false},"excerpt":{"rendered":"<p>La Compagnie Lyrique Nationale a annonc\u00e9 l\u2019ouverture de l\u2019appel \u00e0 auditions ouvertes pour les chanteurs nationaux et r\u00e9gionaux afin de s\u00e9lectionner les distributions artistiques des diff\u00e9rents projets d\u2019op\u00e9ra et de zarzuela qui seront pr\u00e9sent\u00e9s en 2025 par le Centre National de la Musique du Minist\u00e8re de la Culture et de la Jeunesse, en collaboration avec [&hellip;]<\/p>\n","protected":false},"author":14,"featured_media":1902,"comment_status":"open","ping_status":"open","sticky":false,"template":"","format":"standard","meta":{"footnotes":""},"categories":[86],"tags":[],"class_list":["post-1908","post","type-post","status-publish","format-standard","has-post-thumbnail","hentry","category-actualites"],"_links":{"self":[{"href":"https:\/\/peopleofcostarica.com\/fr\/wp-json\/wp\/v2\/posts\/1908","targetHints":{"allow":["GET"]}}],"collection":[{"href":"https:\/\/peopleofcostarica.com\/fr\/wp-json\/wp\/v2\/posts"}],"about":[{"href":"https:\/\/peopleofcostarica.com\/fr\/wp-json\/wp\/v2\/types\/post"}],"author":[{"embeddable":true,"href":"https:\/\/peopleofcostarica.com\/fr\/wp-json\/wp\/v2\/users\/14"}],"replies":[{"embeddable":true,"href":"https:\/\/peopleofcostarica.com\/fr\/wp-json\/wp\/v2\/comments?post=1908"}],"version-history":[{"count":1,"href":"https:\/\/peopleofcostarica.com\/fr\/wp-json\/wp\/v2\/posts\/1908\/revisions"}],"predecessor-version":[{"id":1910,"href":"https:\/\/peopleofcostarica.com\/fr\/wp-json\/wp\/v2\/posts\/1908\/revisions\/1910"}],"wp:featuredmedia":[{"embeddable":true,"href":"https:\/\/peopleofcostarica.com\/fr\/wp-json\/wp\/v2\/media\/1902"}],"wp:attachment":[{"href":"https:\/\/peopleofcostarica.com\/fr\/wp-json\/wp\/v2\/media?parent=1908"}],"wp:term":[{"taxonomy":"category","embeddable":true,"href":"https:\/\/peopleofcostarica.com\/fr\/wp-json\/wp\/v2\/categories?post=1908"},{"taxonomy":"post_tag","embeddable":true,"href":"https:\/\/peopleofcostarica.com\/fr\/wp-json\/wp\/v2\/tags?post=1908"}],"curies":[{"name":"wp","href":"https:\/\/api.w.org\/{rel}","templated":true}]}}