{"id":1893,"date":"2025-03-13T16:10:00","date_gmt":"2025-03-13T16:10:00","guid":{"rendered":"https:\/\/peopleofcostarica.com\/?p=1893"},"modified":"2025-03-13T16:20:28","modified_gmt":"2025-03-13T16:20:28","slug":"lorchestre-symphonique-national-effectuera-une-tournee-de-concerts-dans-les-communautes-de-desamparados-santa-ana-et-guanacaste","status":"publish","type":"post","link":"https:\/\/peopleofcostarica.com\/fr\/lorchestre-symphonique-national-effectuera-une-tournee-de-concerts-dans-les-communautes-de-desamparados-santa-ana-et-guanacaste\/","title":{"rendered":"L&rsquo;Orchestre Symphonique National effectuera une tourn\u00e9e de concerts dans les communaut\u00e9s de Desamparados, Santa Ana et Guanacaste"},"content":{"rendered":"\n<p>Avec un r\u00e9pertoire musical comprenant des \u0153uvres de Gioachino Rossini, Leroy Anderson, John Williams, Vinicio Meza et Carlos Guzm\u00e1n, le Benem\u00e9rite Orchestre Symphonique National du Costa Rica (OSNCR) entreprendra une tourn\u00e9e de six concerts gratuits dans les cantons de Desamparados et Santa Ana \u00e0 San Jos\u00e9, ainsi que Nandayure, Hojancha et Nicoya dans la r\u00e9gion de Guanacaste.<\/p>\n\n\n\n<p><strong>Calendrier des concerts :<\/strong><\/p>\n\n\n\n<ul class=\"wp-block-list\">\n<li>Vendredi 14 mars, 19h, Paroisse Notre-Dame des Desamparados, Desamparados.<\/li>\n\n\n\n<li>Lundi 17 mars, 9h30, Lyc\u00e9e de Santa Ana.<\/li>\n\n\n\n<li>Mardi 18 mars, 18h30, Paroisse de Nandayure.<\/li>\n\n\n\n<li>Mercredi 19 mars, 18h, Paroisse de Hojancha.<\/li>\n\n\n\n<li>Jeudi 20 mars, 10h, Lyc\u00e9e professionnel de Corralillo de Nicoya.<\/li>\n\n\n\n<li>Vendredi 21 mars, 10h, Lyc\u00e9e Humaniste Costaricien, Nicoya.<\/li>\n<\/ul>\n\n\n\n<p>Ces concerts, pr\u00e9vus du 14 au 21 mars, font partie des plus de 50 concerts d&rsquo;extension culturelle programm\u00e9s par l&rsquo;OSNCR pour 2025.<\/p>\n\n\n\n<p><strong>Delberth Castell\u00f3n<\/strong>, joueur de hautbois de l&rsquo;OSNCR, assurera la direction en tant qu&rsquo;invit\u00e9. Pour Castell\u00f3n, qui a d\u00e9j\u00e0 dirig\u00e9 l&rsquo;orchestre, il s&rsquo;agit de sa premi\u00e8re exp\u00e9rience hors de la Grande Zone M\u00e9tropolitaine (GAM). Il a partag\u00e9 : \u00ab Cette semaine, nous commencerons les r\u00e9p\u00e9titions pour les concerts \u00e0 San Jos\u00e9 et \u00e0 Guanacaste, visitant diverses communaut\u00e9s et \u00e9coles avec un r\u00e9pertoire \u00e9nergique et \u00e9clatant. Nous interpr\u00e9terons des \u0153uvres de grands compositeurs universels tels que Rossini, Bernstein et John Williams, ainsi que des \u0153uvres de compositeurs costariciens Carlos Guzm\u00e1n et Vinicio Meza. Nous invitons les habitants de ces zones \u00e0 nous rejoindre pour ces concerts. \u00bb<\/p>\n\n\n\n<p>En plus des concerts avec l&rsquo;OSNCR, le mardi 18 mars, un quintette de l&rsquo;orchestre se produira pour les \u00e9l\u00e8ves du Lyc\u00e9e de Samara. Selon le Centre National de la Musique, auquel appartient l&rsquo;OSNCR, ce format est destin\u00e9 aux \u00e9tablissements scolaires d\u00e9pourvus de gymnases ou d&rsquo;espaces adapt\u00e9s pour accueillir une orchestre symphonique complet.<\/p>\n\n\n\n<p><\/p>\n","protected":false},"excerpt":{"rendered":"<p>Avec un r\u00e9pertoire musical comprenant des \u0153uvres de Gioachino Rossini, Leroy Anderson, John Williams, Vinicio Meza et Carlos Guzm\u00e1n, le Benem\u00e9rite Orchestre Symphonique National du Costa Rica (OSNCR) entreprendra une tourn\u00e9e de six concerts gratuits dans les cantons de Desamparados et Santa Ana \u00e0 San Jos\u00e9, ainsi que Nandayure, Hojancha et Nicoya dans la r\u00e9gion [&hellip;]<\/p>\n","protected":false},"author":14,"featured_media":1896,"comment_status":"open","ping_status":"open","sticky":false,"template":"","format":"standard","meta":{"footnotes":""},"categories":[86],"tags":[],"class_list":["post-1893","post","type-post","status-publish","format-standard","has-post-thumbnail","hentry","category-actualites"],"_links":{"self":[{"href":"https:\/\/peopleofcostarica.com\/fr\/wp-json\/wp\/v2\/posts\/1893","targetHints":{"allow":["GET"]}}],"collection":[{"href":"https:\/\/peopleofcostarica.com\/fr\/wp-json\/wp\/v2\/posts"}],"about":[{"href":"https:\/\/peopleofcostarica.com\/fr\/wp-json\/wp\/v2\/types\/post"}],"author":[{"embeddable":true,"href":"https:\/\/peopleofcostarica.com\/fr\/wp-json\/wp\/v2\/users\/14"}],"replies":[{"embeddable":true,"href":"https:\/\/peopleofcostarica.com\/fr\/wp-json\/wp\/v2\/comments?post=1893"}],"version-history":[{"count":1,"href":"https:\/\/peopleofcostarica.com\/fr\/wp-json\/wp\/v2\/posts\/1893\/revisions"}],"predecessor-version":[{"id":1899,"href":"https:\/\/peopleofcostarica.com\/fr\/wp-json\/wp\/v2\/posts\/1893\/revisions\/1899"}],"wp:featuredmedia":[{"embeddable":true,"href":"https:\/\/peopleofcostarica.com\/fr\/wp-json\/wp\/v2\/media\/1896"}],"wp:attachment":[{"href":"https:\/\/peopleofcostarica.com\/fr\/wp-json\/wp\/v2\/media?parent=1893"}],"wp:term":[{"taxonomy":"category","embeddable":true,"href":"https:\/\/peopleofcostarica.com\/fr\/wp-json\/wp\/v2\/categories?post=1893"},{"taxonomy":"post_tag","embeddable":true,"href":"https:\/\/peopleofcostarica.com\/fr\/wp-json\/wp\/v2\/tags?post=1893"}],"curies":[{"name":"wp","href":"https:\/\/api.w.org\/{rel}","templated":true}]}}