{"id":1874,"date":"2025-03-13T15:37:44","date_gmt":"2025-03-13T15:37:44","guid":{"rendered":"https:\/\/peopleofcostarica.com\/?p=1874"},"modified":"2025-03-13T15:47:19","modified_gmt":"2025-03-13T15:47:19","slug":"exposition-introspection-de-javier-marten-musee-dr-rafael-calderon-guardia","status":"publish","type":"post","link":"https:\/\/peopleofcostarica.com\/fr\/exposition-introspection-de-javier-marten-musee-dr-rafael-calderon-guardia\/","title":{"rendered":"Exposition Introspection de Javier Mart\u00e9n | Mus\u00e9e Dr. Rafael Calder\u00f3n Guardia"},"content":{"rendered":"\n<p><strong>Exposition &lsquo;Introspection&rsquo; de Javier Mart\u00e9n explore la tridimensionnalit\u00e9.<\/strong><\/p>\n\n\n\n<p>Elle extrait des \u00e9l\u00e9ments de ses peintures, capturant l&rsquo;essence de ses \u0153uvres dans des sculptures, offrant une nouvelle perspective sur son langage artistique.<\/p>\n\n\n\n<h3 class=\"wp-block-heading\"><strong>Date<\/strong>: <\/h3>\n\n\n\n<p>13 f\u00e9vrier 2025 &#8211; 29 mars 2025 <\/p>\n\n\n\n<h3 class=\"wp-block-heading\"><strong>Horaires<\/strong>: <\/h3>\n\n\n\n<p>9h \u00e0 17h <\/p>\n\n\n\n<h3 class=\"wp-block-heading\"><strong>Lieu<\/strong>: <\/h3>\n\n\n\n<p>Mus\u00e9e Rafael \u00c1ngel Calder\u00f3n Guardia <\/p>\n\n\n\n<h3 class=\"wp-block-heading\"><strong>Co\u00fbt<\/strong>: <\/h3>\n\n\n\n<p>Gratuit <\/p>\n\n\n\n<h3 class=\"wp-block-heading\"><strong>Affiliation avec le Minist\u00e8re<\/strong>: <\/h3>\n\n\n\n<p>Rattach\u00e9 <\/p>\n\n\n\n<h3 class=\"wp-block-heading\"><strong>Contact<\/strong>: <\/h3>\n\n\n\n<p>Carla Cordero<\/p>\n\n\n\n<p><a href=\"mailto:relacionespublicas@musecal.go.cr\">relacionespublicas@musecal.go.cr<\/a><\/p>\n\n\n\n<p><a href=\"tel:2255-1218\">2255-1218<\/a><\/p>\n","protected":false},"excerpt":{"rendered":"<p>Exposition &lsquo;Introspection&rsquo; de Javier Mart\u00e9n explore la tridimensionnalit\u00e9. Elle extrait des \u00e9l\u00e9ments de ses peintures, capturant l&rsquo;essence de ses \u0153uvres dans des sculptures, offrant une nouvelle perspective sur son langage artistique. Date: 13 f\u00e9vrier 2025 &#8211; 29 mars 2025 Horaires: 9h \u00e0 17h Lieu: Mus\u00e9e Rafael \u00c1ngel Calder\u00f3n Guardia Co\u00fbt: Gratuit Affiliation avec le Minist\u00e8re: [&hellip;]<\/p>\n","protected":false},"author":14,"featured_media":1869,"comment_status":"open","ping_status":"open","sticky":false,"template":"","format":"standard","meta":{"footnotes":""},"categories":[86],"tags":[],"class_list":["post-1874","post","type-post","status-publish","format-standard","has-post-thumbnail","hentry","category-actualites"],"_links":{"self":[{"href":"https:\/\/peopleofcostarica.com\/fr\/wp-json\/wp\/v2\/posts\/1874","targetHints":{"allow":["GET"]}}],"collection":[{"href":"https:\/\/peopleofcostarica.com\/fr\/wp-json\/wp\/v2\/posts"}],"about":[{"href":"https:\/\/peopleofcostarica.com\/fr\/wp-json\/wp\/v2\/types\/post"}],"author":[{"embeddable":true,"href":"https:\/\/peopleofcostarica.com\/fr\/wp-json\/wp\/v2\/users\/14"}],"replies":[{"embeddable":true,"href":"https:\/\/peopleofcostarica.com\/fr\/wp-json\/wp\/v2\/comments?post=1874"}],"version-history":[{"count":1,"href":"https:\/\/peopleofcostarica.com\/fr\/wp-json\/wp\/v2\/posts\/1874\/revisions"}],"predecessor-version":[{"id":1877,"href":"https:\/\/peopleofcostarica.com\/fr\/wp-json\/wp\/v2\/posts\/1874\/revisions\/1877"}],"wp:featuredmedia":[{"embeddable":true,"href":"https:\/\/peopleofcostarica.com\/fr\/wp-json\/wp\/v2\/media\/1869"}],"wp:attachment":[{"href":"https:\/\/peopleofcostarica.com\/fr\/wp-json\/wp\/v2\/media?parent=1874"}],"wp:term":[{"taxonomy":"category","embeddable":true,"href":"https:\/\/peopleofcostarica.com\/fr\/wp-json\/wp\/v2\/categories?post=1874"},{"taxonomy":"post_tag","embeddable":true,"href":"https:\/\/peopleofcostarica.com\/fr\/wp-json\/wp\/v2\/tags?post=1874"}],"curies":[{"name":"wp","href":"https:\/\/api.w.org\/{rel}","templated":true}]}}