{"id":15922,"date":"2026-09-03T16:25:17","date_gmt":"2026-09-03T22:25:17","guid":{"rendered":"https:\/\/peopleofcostarica.com\/?p=15922"},"modified":"2026-09-03T16:27:07","modified_gmt":"2026-09-03T22:27:07","slug":"une-nouvelle-liaison-avec-lillinois-ouvre-une-nouvelle-porte-vers-le-guanacaste","status":"publish","type":"post","link":"https:\/\/peopleofcostarica.com\/fr\/une-nouvelle-liaison-avec-lillinois-ouvre-une-nouvelle-porte-vers-le-guanacaste\/","title":{"rendered":"Une nouvelle liaison avec l\u2019Illinois ouvre une nouvelle porte vers le Guanacaste"},"content":{"rendered":"\n<p class=\"wp-block-paragraph\">Le Guanacaste b\u00e9n\u00e9ficiera d\u2019une nouvelle liaison a\u00e9rienne avec les \u00c9tats-Unis pendant la saison touristique 2027. \u00c0 partir de f\u00e9vrier, l\u2019a\u00e9roport international Daniel Oduber Quir\u00f3s, \u00e9galement connu sous le nom de Guanacaste Airport, accueillera un vol charter en provenance de Rockford, dans l\u2019Illinois. Cette nouvelle liaison offrira une possibilit\u00e9 suppl\u00e9mentaire de rejoindre directement le Pacifique nord depuis cette r\u00e9gion des \u00c9tats-Unis. <\/p>\n\n\n\n<p class=\"wp-block-paragraph\">La nouvelle liaison d\u00e9butera le 5 f\u00e9vrier 2027 et fonctionnera jusqu\u2019au 2 avril, \u00e0 raison d\u2019un vol par semaine. Le service sera commercialis\u00e9 par Apple Vacations et assur\u00e9 par TUI Airways \u00e0 bord de Boeing 737-800NG pouvant accueillir jusqu\u2019\u00e0 189 passagers. <\/p>\n\n\n\n<h2 class=\"wp-block-heading\">Une liaison adapt\u00e9e \u00e0 la saison touristique<\/h2>\n\n\n\n<p class=\"wp-block-paragraph\">Le nouveau service fonctionnera pendant une p\u00e9riode limit\u00e9e, couvrant les mois de f\u00e9vrier et mars ainsi que les premiers jours d\u2019avril, une p\u00e9riode qui correspond \u00e0 l\u2019une des saisons touristiques les plus actives dans le Guanacaste.<\/p>\n\n\n\n<p class=\"wp-block-paragraph\">Les vols charters permettent notamment de cr\u00e9er des liaisons cibl\u00e9es pendant certaines p\u00e9riodes de l\u2019ann\u00e9e, lorsque la demande touristique est particuli\u00e8rement forte. Dans ce cas, la liaison avec Rockford permettra aux voyageurs de cette r\u00e9gion de l\u2019Illinois de rejoindre directement Liberia sans devoir effectuer de correspondance dans un autre a\u00e9roport.<\/p>\n\n\n\n<p class=\"wp-block-paragraph\">Pour les visiteurs souhaitant s\u00e9journer dans la r\u00e9gion, cette liaison peut ainsi rendre le voyage plus simple et plus direct.<\/p>\n\n\n\n<h2 class=\"wp-block-heading\">Les \u00c9tats-Unis restent un march\u00e9 touristique majeur<\/h2>\n\n\n\n<p class=\"wp-block-paragraph\">L\u2019arriv\u00e9e de cette nouvelle liaison intervient alors que le march\u00e9 am\u00e9ricain continue de jouer un r\u00f4le important dans le tourisme international.<\/p>\n\n\n\n<p class=\"wp-block-paragraph\">Au cours des sept premiers mois de 2026, 1 853 430 touristes internationaux sont arriv\u00e9s dans le pays par voie a\u00e9rienne, selon les donn\u00e9es cit\u00e9es par l\u2019Institut costaricien du tourisme (ICT). Durant cette m\u00eame p\u00e9riode, l\u2019a\u00e9roport de Guanacaste a repr\u00e9sent\u00e9 67,2 % de la croissance nette des arriv\u00e9es internationales par voie a\u00e9rienne. <\/p>\n\n\n\n<p class=\"wp-block-paragraph\">L\u2019importance du march\u00e9 am\u00e9ricain se refl\u00e8te \u00e9galement dans le d\u00e9veloppement des liaisons entre le Guanacaste et diff\u00e9rentes villes des \u00c9tats-Unis. L\u2019a\u00e9roport propose d\u00e9j\u00e0 des vols vers plusieurs destinations am\u00e9ricaines et continue d\u2019\u00e9largir son r\u00e9seau international. <\/p>\n\n\n\n<p class=\"wp-block-paragraph\">L\u2019arriv\u00e9e de Rockford s\u2019inscrit ainsi dans une strat\u00e9gie plus large visant \u00e0 renforcer les connexions avec diff\u00e9rents march\u00e9s am\u00e9ricains, au-del\u00e0 des grandes villes qui concentrent traditionnellement une grande partie du trafic a\u00e9rien international.<\/p>\n\n\n\n<h2 class=\"wp-block-heading\">Une porte d\u2019entr\u00e9e toujours plus connect\u00e9e<\/h2>\n\n\n\n<p class=\"wp-block-paragraph\">L\u2019a\u00e9roport international Daniel Oduber Quir\u00f3s est devenu l\u2019une des principales portes d\u2019entr\u00e9e pour les voyageurs qui souhaitent d\u00e9couvrir les plages et les destinations touristiques du Pacifique nord.<\/p>\n\n\n\n<p class=\"wp-block-paragraph\">Situ\u00e9 \u00e0 environ 12 kilom\u00e8tres \u00e0 l\u2019ouest du centre de Liberia, l\u2019a\u00e9roport permet d\u2019acc\u00e9der facilement aux diff\u00e9rentes zones du Guanacaste et aux r\u00e9gions environnantes.<\/p>\n\n\n\n<p class=\"wp-block-paragraph\">Depuis le terminal, les visiteurs peuvent rejoindre des destinations baln\u00e9aires, des espaces prot\u00e9g\u00e9s, des communaut\u00e9s rurales ainsi qu\u2019un large \u00e9ventail d\u2019exp\u00e9riences li\u00e9es \u00e0 la nature et \u00e0 l\u2019aventure.<\/p>\n\n\n\n<p class=\"wp-block-paragraph\">L\u2019Institut costaricien du tourisme met notamment en avant le patrimoine naturel et culturel du Guanacaste, son importante fa\u00e7ade maritime, la diversit\u00e9 de ses \u00e9cosyst\u00e8mes et ses nombreuses zones prot\u00e9g\u00e9es. <\/p>\n\n\n\n<h2 class=\"wp-block-heading\">Davantage de liaisons directes vers la r\u00e9gion<\/h2>\n\n\n\n<p class=\"wp-block-paragraph\">La liaison avec Rockford n\u2019est pas une initiative isol\u00e9e. En 2026, l\u2019a\u00e9roport et l\u2019ICT ont \u00e9galement annonc\u00e9 de nouvelles liaisons internationales, notamment avec Vancouver, au Canada, qui sera desservie entre d\u00e9cembre 2026 et avril 2027. <\/p>\n\n\n\n<p class=\"wp-block-paragraph\">Fin 2025, de nouvelles liaisons avec Fort Lauderdale et Toronto avaient \u00e9galement \u00e9t\u00e9 inaugur\u00e9es, renfor\u00e7ant les connexions avec les \u00c9tats-Unis et le Canada pendant la haute saison touristique. <\/p>\n\n\n\n<p class=\"wp-block-paragraph\">Ces d\u00e9veloppements montrent que la connectivit\u00e9 a\u00e9rienne continue d\u2019\u00e9voluer en fonction de la demande touristique et des opportunit\u00e9s offertes par les diff\u00e9rents march\u00e9s internationaux.<\/p>\n\n\n\n<h2 class=\"wp-block-heading\">Une opportunit\u00e9 pour l\u2019\u00e9conomie touristique locale<\/h2>\n\n\n\n<p class=\"wp-block-paragraph\">Chaque nouvelle liaison internationale peut avoir des retomb\u00e9es qui d\u00e9passent largement le cadre de l\u2019a\u00e9roport. Les visiteurs qui arrivent dans le Guanacaste ont besoin d\u2019h\u00e9bergement, de transport, de restauration, d\u2019activit\u00e9s et de diff\u00e9rents services pendant leur s\u00e9jour.<\/p>\n\n\n\n<p class=\"wp-block-paragraph\">Cette fr\u00e9quentation repr\u00e9sente des opportunit\u00e9s pour les h\u00f4tels, les agences et op\u00e9rateurs touristiques, les restaurants, les entreprises de transport, les guides et de nombreux autres acteurs li\u00e9s directement ou indirectement au tourisme.<\/p>\n\n\n\n<p class=\"wp-block-paragraph\">Pour les communaut\u00e9s de la r\u00e9gion, une meilleure connectivit\u00e9 permet \u00e9galement de diversifier les march\u00e9s d\u2019origine des visiteurs et de renforcer les liens avec la client\u00e8le internationale.<\/p>\n\n\n\n<p class=\"wp-block-paragraph\">L\u2019arriv\u00e9e de voyageurs en provenance de Rockford repr\u00e9sente donc une nouvelle opportunit\u00e9 pour le Guanacaste de renforcer sa position comme destination facilement accessible depuis les \u00c9tats-Unis.<\/p>\n\n\n\n<h2 class=\"wp-block-heading\">Une liaison saisonni\u00e8re pour la saison 2027<\/h2>\n\n\n\n<p class=\"wp-block-paragraph\">Le vol Rockford\u2013Liberia fonctionnera une fois par semaine entre le 5 f\u00e9vrier et le 2 avril 2027. Bien qu\u2019il s\u2019agisse d\u2019une liaison saisonni\u00e8re, son lancement t\u00e9moigne de l\u2019int\u00e9r\u00eat continu des op\u00e9rateurs touristiques et des compagnies a\u00e9riennes pour r\u00e9pondre \u00e0 la demande durant les mois les plus fr\u00e9quent\u00e9s de l\u2019ann\u00e9e. <\/p>\n\n\n\n<p class=\"wp-block-paragraph\">Pour le Guanacaste, cette nouvelle liaison constitue une porte d\u2019entr\u00e9e suppl\u00e9mentaire vers un march\u00e9 international important et permet \u00e0 davantage de voyageurs de d\u00e9couvrir ses plages, ses paysages naturels et ses nombreuses exp\u00e9riences touristiques.<\/p>\n","protected":false},"excerpt":{"rendered":"<p>Le Guanacaste b\u00e9n\u00e9ficiera d\u2019une nouvelle liaison a\u00e9rienne avec les \u00c9tats-Unis pendant la saison touristique 2027. \u00c0 partir de f\u00e9vrier, l\u2019a\u00e9roport international Daniel Oduber Quir\u00f3s, \u00e9galement connu sous le nom de Guanacaste Airport, accueillera un vol charter en provenance de Rockford, dans l\u2019Illinois. Cette nouvelle liaison offrira une possibilit\u00e9 suppl\u00e9mentaire de rejoindre directement le Pacifique nord [&hellip;]<\/p>\n","protected":false},"author":16,"featured_media":15921,"comment_status":"open","ping_status":"open","sticky":false,"template":"","format":"standard","meta":{"footnotes":""},"categories":[86,92],"tags":[],"class_list":["post-15922","post","type-post","status-publish","format-standard","has-post-thumbnail","hentry","category-actualites","category-le-costa-rica-dans-le-monde"],"_links":{"self":[{"href":"https:\/\/peopleofcostarica.com\/fr\/wp-json\/wp\/v2\/posts\/15922","targetHints":{"allow":["GET"]}}],"collection":[{"href":"https:\/\/peopleofcostarica.com\/fr\/wp-json\/wp\/v2\/posts"}],"about":[{"href":"https:\/\/peopleofcostarica.com\/fr\/wp-json\/wp\/v2\/types\/post"}],"author":[{"embeddable":true,"href":"https:\/\/peopleofcostarica.com\/fr\/wp-json\/wp\/v2\/users\/16"}],"replies":[{"embeddable":true,"href":"https:\/\/peopleofcostarica.com\/fr\/wp-json\/wp\/v2\/comments?post=15922"}],"version-history":[{"count":1,"href":"https:\/\/peopleofcostarica.com\/fr\/wp-json\/wp\/v2\/posts\/15922\/revisions"}],"predecessor-version":[{"id":15923,"href":"https:\/\/peopleofcostarica.com\/fr\/wp-json\/wp\/v2\/posts\/15922\/revisions\/15923"}],"wp:featuredmedia":[{"embeddable":true,"href":"https:\/\/peopleofcostarica.com\/fr\/wp-json\/wp\/v2\/media\/15921"}],"wp:attachment":[{"href":"https:\/\/peopleofcostarica.com\/fr\/wp-json\/wp\/v2\/media?parent=15922"}],"wp:term":[{"taxonomy":"category","embeddable":true,"href":"https:\/\/peopleofcostarica.com\/fr\/wp-json\/wp\/v2\/categories?post=15922"},{"taxonomy":"post_tag","embeddable":true,"href":"https:\/\/peopleofcostarica.com\/fr\/wp-json\/wp\/v2\/tags?post=15922"}],"curies":[{"name":"wp","href":"https:\/\/api.w.org\/{rel}","templated":true}]}}