{"id":15913,"date":"2026-09-03T16:21:48","date_gmt":"2026-09-03T22:21:48","guid":{"rendered":"https:\/\/peopleofcostarica.com\/?p=15913"},"modified":"2026-09-03T16:23:14","modified_gmt":"2026-09-03T22:23:14","slug":"une-campagne-qui-sauve-des-vies-porte-la-croix-rouge-costaricienne-sur-la-scene-mondiale","status":"publish","type":"post","link":"https:\/\/peopleofcostarica.com\/fr\/une-campagne-qui-sauve-des-vies-porte-la-croix-rouge-costaricienne-sur-la-scene-mondiale\/","title":{"rendered":"Une campagne qui sauve des vies porte la Croix-Rouge costaricienne sur la sc\u00e8ne mondiale"},"content":{"rendered":"\n<p class=\"wp-block-paragraph\">Une campagne destin\u00e9e \u00e0 rendre les connaissances en premiers secours plus accessibles vient de recevoir une reconnaissance internationale pour la Croix-Rouge costaricienne. L\u2019initiative \u00ab Minutos que impactan: Primeros Auxilios que Salvan Vidas \u00bb, que l\u2019on pourrait traduire par \u00ab Des minutes qui comptent : les premiers secours qui sauvent des vies \u00bb, a obtenu la troisi\u00e8me place dans la cat\u00e9gorie Sensibilisation du public lors de la Coupe du monde des premiers secours 2026, organis\u00e9e \u00e0 Duba\u00ef, aux \u00c9mirats arabes unis.<\/p>\n\n\n\n<p class=\"wp-block-paragraph\">Cette distinction r\u00e9compense une strat\u00e9gie \u00e9ducative con\u00e7ue pour aider la population \u00e0 savoir comment r\u00e9agir face aux situations d\u2019urgence courantes et \u00e0 comprendre l\u2019importance des premi\u00e8res minutes, avant l\u2019arriv\u00e9e des secours professionnels.<\/p>\n\n\n\n<h2 class=\"wp-block-heading\">Une campagne ax\u00e9e sur la pr\u00e9vention et l\u2019\u00e9ducation<\/h2>\n\n\n\n<p class=\"wp-block-paragraph\">L\u2019initiative a \u00e9t\u00e9 d\u00e9velopp\u00e9e par la Croix-Rouge costaricienne \u00e0 la fin de l\u2019ann\u00e9e 2025 afin de rapprocher les connaissances de base en premiers secours du grand public, notamment gr\u00e2ce \u00e0 des contenus num\u00e9riques pratiques et faciles \u00e0 comprendre.<\/p>\n\n\n\n<p class=\"wp-block-paragraph\">La campagne abordait plusieurs situations susceptibles de survenir au quotidien, notamment les \u00e9touffements, les br\u00fblures, les coupures, les convulsions, la r\u00e9animation cardiopulmonaire (RCP), l\u2019arr\u00eat cardiorespiratoire ainsi que les premiers secours psychologiques.<\/p>\n\n\n\n<p class=\"wp-block-paragraph\">L\u2019objectif n\u2019\u00e9tait pas uniquement de former les professionnels de l\u2019urgence, mais \u00e9galement de donner au grand public des informations simples permettant de reconna\u00eetre une situation d\u2019urgence et d\u2019adopter les premiers gestes appropri\u00e9s.<\/p>\n\n\n\n<p class=\"wp-block-paragraph\">Cette d\u00e9marche s\u2019inscrit dans le travail plus large men\u00e9 par la Croix-Rouge costaricienne, qui assure notamment des services d\u2019urgence, de recherche et de sauvetage, de sant\u00e9 ainsi que des formations aux premiers secours dans diff\u00e9rentes r\u00e9gions du pays.<\/p>\n\n\n\n<h2 class=\"wp-block-heading\">Plus de 1,2 million de vues<\/h2>\n\n\n\n<p class=\"wp-block-paragraph\">L\u2019un des \u00e9l\u00e9ments les plus remarquables de la campagne a \u00e9t\u00e9 son rayonnement sur les plateformes num\u00e9riques.<\/p>\n\n\n\n<p class=\"wp-block-paragraph\">Selon les informations communiqu\u00e9es par la Croix-Rouge costaricienne, les contenus ont d\u00e9pass\u00e9 1,2 million de vues sans investissement dans la publicit\u00e9. La campagne a principalement \u00e9t\u00e9 diffus\u00e9e de mani\u00e8re organique et certains contenus ont \u00e9galement \u00e9t\u00e9 relay\u00e9s par les m\u00e9dias nationaux.<\/p>\n\n\n\n<p class=\"wp-block-paragraph\">Ce r\u00e9sultat montre comment les plateformes num\u00e9riques peuvent contribuer \u00e0 diffuser des connaissances pratiques bien au-del\u00e0 des formations traditionnelles et toucher des personnes qui n\u2019auraient pas n\u00e9cessairement acc\u00e8s \u00e0 une formation aux premiers secours.<\/p>\n\n\n\n<h2 class=\"wp-block-heading\">Du concours r\u00e9gional \u00e0 la sc\u00e8ne internationale<\/h2>\n\n\n\n<p class=\"wp-block-paragraph\">La campagne a d\u2019abord particip\u00e9 \u00e0 une phase de qualification r\u00e9gionale organis\u00e9e dans le cadre de la F\u00e9d\u00e9ration internationale des Soci\u00e9t\u00e9s de la Croix-Rouge et du Croissant-Rouge (IFRC).<\/p>\n\n\n\n<p class=\"wp-block-paragraph\">Apr\u00e8s avoir remport\u00e9 cette \u00e9tape r\u00e9gionale, l\u2019initiative costaricienne s\u2019est qualifi\u00e9e pour la Coupe du monde des premiers secours, o\u00f9 elle a repr\u00e9sent\u00e9 l\u2019ensemble du continent am\u00e9ricain. Elle a finalement obtenu la troisi\u00e8me place dans la cat\u00e9gorie Sensibilisation du public.<\/p>\n\n\n\n<p class=\"wp-block-paragraph\">La comp\u00e9tition internationale a r\u00e9uni des initiatives port\u00e9es par diff\u00e9rentes Soci\u00e9t\u00e9s de la Croix-Rouge et organisations du Croissant-Rouge, notamment de Colombie, de Chine, de Bulgarie, de Singapour, d\u2019Ukraine, du Royaume-Uni, du Nigeria, d\u2019Arabie saoudite, de Palestine et du Soudan.<\/p>\n\n\n\n<h2 class=\"wp-block-heading\">Pourquoi l\u2019\u00e9ducation aux premiers secours est importante<\/h2>\n\n\n\n<p class=\"wp-block-paragraph\">Une situation d\u2019urgence peut survenir \u00e0 la maison, sur la route, pendant une activit\u00e9 sportive ou dans un espace public. Dans de nombreux cas, les personnes pr\u00e9sentes sur les lieux sont les premi\u00e8res \u00e0 pouvoir intervenir.<\/p>\n\n\n\n<p class=\"wp-block-paragraph\">Pour cette raison, conna\u00eetre les gestes de base des premiers secours constitue un \u00e9l\u00e9ment important de la pr\u00e9paration des communaut\u00e9s. Il ne s\u2019agit pas de remplacer les services d\u2019urgence professionnels, mais de permettre aux t\u00e9moins d\u2019une situation de r\u00e9agir de mani\u00e8re appropri\u00e9e pendant les premi\u00e8res minutes, avant l\u2019arriv\u00e9e des secours sp\u00e9cialis\u00e9s.<\/p>\n\n\n\n<p class=\"wp-block-paragraph\">La Croix-Rouge costaricienne int\u00e8gre depuis longtemps les premiers secours et la r\u00e9ponse aux urgences \u00e0 son action humanitaire. Ses services comprennent notamment la prise en charge des urgences et la formation aux premiers secours, contribuant ainsi \u00e0 renforcer les capacit\u00e9s des communaut\u00e9s face aux situations d\u2019urgence.<\/p>\n\n\n\n<h2 class=\"wp-block-heading\">Une reconnaissance internationale pour un travail r\u00e9alis\u00e9 localement<\/h2>\n\n\n\n<p class=\"wp-block-paragraph\">La troisi\u00e8me place obtenue \u00e0 Duba\u00ef constitue une reconnaissance internationale pour une initiative d\u00e9velopp\u00e9e localement avec un objectif avant tout \u00e9ducatif.<\/p>\n\n\n\n<p class=\"wp-block-paragraph\">\u00ab Minutos que impactan: Primeros Auxilios que Salvan Vidas \u00bb montre qu\u2019une information sur les premiers secours peut \u00eatre transform\u00e9e en contenu num\u00e9rique accessible et atteindre un large public sans d\u00e9pendre d\u2019un investissement publicitaire.<\/p>\n\n\n\n<p class=\"wp-block-paragraph\">Au-del\u00e0 du r\u00e9sultat obtenu lors de la comp\u00e9tition, la campagne met en avant un message plus large : donner aux citoyens les connaissances et la confiance n\u00e9cessaires pour r\u00e9agir correctement lors d\u2019une urgence peut contribuer \u00e0 construire des communaut\u00e9s mieux pr\u00e9par\u00e9es et plus s\u00fbres.<\/p>\n","protected":false},"excerpt":{"rendered":"<p>Une campagne destin\u00e9e \u00e0 rendre les connaissances en premiers secours plus accessibles vient de recevoir une reconnaissance internationale pour la Croix-Rouge costaricienne. L\u2019initiative \u00ab Minutos que impactan: Primeros Auxilios que Salvan Vidas \u00bb, que l\u2019on pourrait traduire par \u00ab Des minutes qui comptent : les premiers secours qui sauvent des vies \u00bb, a obtenu la [&hellip;]<\/p>\n","protected":false},"author":16,"featured_media":15912,"comment_status":"open","ping_status":"open","sticky":false,"template":"","format":"standard","meta":{"footnotes":""},"categories":[86,92],"tags":[],"class_list":["post-15913","post","type-post","status-publish","format-standard","has-post-thumbnail","hentry","category-actualites","category-le-costa-rica-dans-le-monde"],"_links":{"self":[{"href":"https:\/\/peopleofcostarica.com\/fr\/wp-json\/wp\/v2\/posts\/15913","targetHints":{"allow":["GET"]}}],"collection":[{"href":"https:\/\/peopleofcostarica.com\/fr\/wp-json\/wp\/v2\/posts"}],"about":[{"href":"https:\/\/peopleofcostarica.com\/fr\/wp-json\/wp\/v2\/types\/post"}],"author":[{"embeddable":true,"href":"https:\/\/peopleofcostarica.com\/fr\/wp-json\/wp\/v2\/users\/16"}],"replies":[{"embeddable":true,"href":"https:\/\/peopleofcostarica.com\/fr\/wp-json\/wp\/v2\/comments?post=15913"}],"version-history":[{"count":1,"href":"https:\/\/peopleofcostarica.com\/fr\/wp-json\/wp\/v2\/posts\/15913\/revisions"}],"predecessor-version":[{"id":15914,"href":"https:\/\/peopleofcostarica.com\/fr\/wp-json\/wp\/v2\/posts\/15913\/revisions\/15914"}],"wp:featuredmedia":[{"embeddable":true,"href":"https:\/\/peopleofcostarica.com\/fr\/wp-json\/wp\/v2\/media\/15912"}],"wp:attachment":[{"href":"https:\/\/peopleofcostarica.com\/fr\/wp-json\/wp\/v2\/media?parent=15913"}],"wp:term":[{"taxonomy":"category","embeddable":true,"href":"https:\/\/peopleofcostarica.com\/fr\/wp-json\/wp\/v2\/categories?post=15913"},{"taxonomy":"post_tag","embeddable":true,"href":"https:\/\/peopleofcostarica.com\/fr\/wp-json\/wp\/v2\/tags?post=15913"}],"curies":[{"name":"wp","href":"https:\/\/api.w.org\/{rel}","templated":true}]}}