{"id":15828,"date":"2026-09-01T10:48:10","date_gmt":"2026-09-01T16:48:10","guid":{"rendered":"https:\/\/peopleofcostarica.com\/?p=15828"},"modified":"2026-09-01T10:49:14","modified_gmt":"2026-09-01T16:49:14","slug":"raquel-solis-decroche-un-troisieme-titre-consecutif-en-xterra","status":"publish","type":"post","link":"https:\/\/peopleofcostarica.com\/fr\/raquel-solis-decroche-un-troisieme-titre-consecutif-en-xterra\/","title":{"rendered":"Raquel Sol\u00eds d\u00e9croche un troisi\u00e8me titre cons\u00e9cutif en XTERRA"},"content":{"rendered":"\n<p class=\"wp-block-paragraph\">La triathl\u00e8te costaricienne Raquel Sol\u00eds s\u2019est une nouvelle fois impos\u00e9e \u00e0 Las Catalinas en remportant l\u2019\u00e9dition 2026 de XTERRA Costa Rica. Cette victoire lui permet de d\u00e9crocher un troisi\u00e8me titre cons\u00e9cutif dans la cat\u00e9gorie Elite F\u00e9minine du triathlon tout-terrain.<\/p>\n\n\n\n<p class=\"wp-block-paragraph\">La course principale s\u2019est d\u00e9roul\u00e9e le dimanche 23 ao\u00fbt \u00e0 Las Catalinas, dans la province de Guanacaste, au terme de trois journ\u00e9es de comp\u00e9tition r\u00e9unissant des athl\u00e8tes costariciens et internationaux dans plusieurs disciplines. XTERRA a confirm\u00e9 les victoires de Raquel Sol\u00eds et de l\u2019Am\u00e9ricain Sullivan Middaugh dans les cat\u00e9gories Elite F\u00e9minine et Masculine du Full Distance.<\/p>\n\n\n\n<h2 class=\"wp-block-heading\">Une troisi\u00e8me victoire cons\u00e9cutive<\/h2>\n\n\n\n<p class=\"wp-block-paragraph\">Raquel Sol\u00eds a termin\u00e9 le parcours Full Distance en 2 h 52 min 42 s. L\u2019Am\u00e9ricaine Suzie Snyder a pris la deuxi\u00e8me place en 2 h 56 min 33 s, tandis que l\u2019Allemande Lorena Erl a compl\u00e9t\u00e9 le podium en 2 h 57 min 14 s.<\/p>\n\n\n\n<p class=\"wp-block-paragraph\">Cette victoire constitue le troisi\u00e8me titre cons\u00e9cutif de Sol\u00eds \u00e0 Las Catalinas. Elle avait d\u00e9j\u00e0 remport\u00e9 l\u2019\u00e9preuve en 2024 et en 2025, confirmant sa domination r\u00e9cente dans la cat\u00e9gorie f\u00e9minine de XTERRA Costa Rica.<\/p>\n\n\n\n<p class=\"wp-block-paragraph\">Selon l\u2019organisation XTERRA, la Costaricienne a pris les commandes d\u00e8s la natation et a rapidement creus\u00e9 l\u2019\u00e9cart. Suzie Snyder est parvenue \u00e0 revenir \u00e0 sa hauteur pendant la partie cycliste, mais Sol\u00eds a repris l\u2019avantage lors de la course \u00e0 pied et a conserv\u00e9 la t\u00eate jusqu\u2019\u00e0 l\u2019arriv\u00e9e.<\/p>\n\n\n\n<h2 class=\"wp-block-heading\">Une \u00e9preuve entre natation, VTT et trail<\/h2>\n\n\n\n<p class=\"wp-block-paragraph\">Le Full Distance de XTERRA est un triathlon tout-terrain qui combine trois disciplines : la natation en eau libre, le VTT et la course \u00e0 pied sur sentiers.<\/p>\n\n\n\n<p class=\"wp-block-paragraph\">L\u2019\u00e9preuve de 2026 a permis aux participants d\u2019\u00e9voluer dans les paysages naturels de Las Catalinas, entre les eaux de la c\u00f4te, les sentiers de VTT et les chemins traversant la for\u00eat tropicale s\u00e8che de la r\u00e9gion.<\/p>\n\n\n\n<p class=\"wp-block-paragraph\">Ce format repr\u00e9sente un d\u00e9fi diff\u00e9rent du triathlon traditionnel sur route. Les athl\u00e8tes doivent faire preuve d\u2019endurance dans l\u2019eau, de ma\u00eetrise technique \u00e0 v\u00e9lo et d\u2019adaptation aux terrains accident\u00e9s pendant la course \u00e0 pied.<\/p>\n\n\n\n<h2 class=\"wp-block-heading\">Une forte participation internationale<\/h2>\n\n\n\n<p class=\"wp-block-paragraph\">L\u2019\u00e9dition 2026 a r\u00e9uni pr\u00e8s de 1 000 athl\u00e8tes venus de 18 pays, selon l\u2019organisation XTERRA. Plusieurs figures reconnues du triathlon et des disciplines tout-terrain ont \u00e9galement particip\u00e9 \u00e0 l\u2019\u00e9v\u00e9nement.<\/p>\n\n\n\n<p class=\"wp-block-paragraph\">Parmi elles figurait le Britannique Alistair Brownlee, double champion olympique, qui a fait son retour sur le circuit XTERRA \u00e0 l\u2019occasion de cette comp\u00e9tition \u00e0 Las Catalinas.<\/p>\n\n\n\n<p class=\"wp-block-paragraph\">Les Am\u00e9ricains Sullivan Middaugh, Porter Middaugh et Josiah Middaugh \u00e9taient \u00e9galement pr\u00e9sents, aux c\u00f4t\u00e9s de Reed Legg et de l\u2019Allemand Sebastian Neef.<\/p>\n\n\n\n<p class=\"wp-block-paragraph\">Chez les hommes Elite, Sullivan Middaugh s\u2019est impos\u00e9 en 2 h 12 min 44 s. Reed Legg a termin\u00e9 deuxi\u00e8me et Sebastian Neef troisi\u00e8me. Alistair Brownlee a pris la neuvi\u00e8me place.<\/p>\n\n\n\n<h2 class=\"wp-block-heading\">XTERRA renforce sa pr\u00e9sence dans le Guanacaste<\/h2>\n\n\n\n<p class=\"wp-block-paragraph\">L\u2019\u00e9dition 2026 ne s\u2019est pas limit\u00e9e au triathlon. Pendant trois jours, Las Catalinas a \u00e9galement accueilli des \u00e9preuves de trail, de natation en eau libre, des comp\u00e9titions pour les jeunes ainsi que diff\u00e9rentes cat\u00e9gories ouvertes aux participants de plusieurs niveaux.<\/p>\n\n\n\n<p class=\"wp-block-paragraph\">L\u2019un des principaux temps forts a \u00e9t\u00e9 la premi\u00e8re \u00e9dition au Costa Rica du XTERRA Americas Trail Run Championship. Ce championnat continental comprenait notamment un Trail Marathon et un Half Trail Marathon, avec plusieurs victoires costariciennes.<\/p>\n\n\n\n<p class=\"wp-block-paragraph\">Certaines \u00e9preuves offraient \u00e9galement des possibilit\u00e9s de qualification pour le XTERRA Trail Run World Championship.<\/p>\n\n\n\n<h2 class=\"wp-block-heading\">Las Catalinas, un site devenu incontournable pour les sports outdoor<\/h2>\n\n\n\n<p class=\"wp-block-paragraph\">XTERRA a progressivement fait de Las Catalinas un lieu important pour les sports d\u2019endurance tout-terrain au Costa Rica. La r\u00e9gion r\u00e9unit dans un m\u00eame environnement la mer, la for\u00eat tropicale s\u00e8che et un r\u00e9seau de sentiers adapt\u00e9s au VTT et au trail.<\/p>\n\n\n\n<p class=\"wp-block-paragraph\">L\u2019\u00e9dition 2026 a encore renforc\u00e9 la dimension internationale de l\u2019\u00e9v\u00e9nement, avec des participants venus de 18 pays et un programme combinant comp\u00e9tition de haut niveau et \u00e9preuves accessibles \u00e0 diff\u00e9rentes cat\u00e9gories d\u2019\u00e2ge et de niveau.<\/p>\n\n\n\n<h2 class=\"wp-block-heading\">Une nouvelle \u00e9tape pour le triathlon costaricien<\/h2>\n\n\n\n<p class=\"wp-block-paragraph\">Avec ce troisi\u00e8me succ\u00e8s cons\u00e9cutif, Raquel Sol\u00eds confirme sa place parmi les principales figures du XTERRA Costa Rica.<\/p>\n\n\n\n<p class=\"wp-block-paragraph\">Ses victoires en 2024, 2025 et 2026 lui permettent de conserver un bilan parfait sur l\u2019\u00e9preuve Full Distance depuis le retour de XTERRA \u00e0 Las Catalinas. Son nouveau titre illustre \u00e9galement la progression des athl\u00e8tes costariciens dans les comp\u00e9titions internationales de sports d\u2019endurance tout-terrain.<\/p>\n\n\n\n<h3 class=\"wp-block-heading\">Sources<\/h3>\n\n\n\n<p class=\"wp-block-paragraph\">Les informations de cet article ont \u00e9t\u00e9 v\u00e9rifi\u00e9es \u00e0 partir du compte rendu officiel de XTERRA et de la page officielle de XTERRA Costa Rica, qui rassemble les informations de l\u2019\u00e9v\u00e9nement et les r\u00e9sultats 2026.<\/p>\n","protected":false},"excerpt":{"rendered":"<p>La triathl\u00e8te costaricienne Raquel Sol\u00eds s\u2019est une nouvelle fois impos\u00e9e \u00e0 Las Catalinas en remportant l\u2019\u00e9dition 2026 de XTERRA Costa Rica. Cette victoire lui permet de d\u00e9crocher un troisi\u00e8me titre cons\u00e9cutif dans la cat\u00e9gorie Elite F\u00e9minine du triathlon tout-terrain. La course principale s\u2019est d\u00e9roul\u00e9e le dimanche 23 ao\u00fbt \u00e0 Las Catalinas, dans la province de [&hellip;]<\/p>\n","protected":false},"author":16,"featured_media":15827,"comment_status":"open","ping_status":"open","sticky":false,"template":"","format":"standard","meta":{"footnotes":""},"categories":[86,100],"tags":[],"class_list":["post-15828","post","type-post","status-publish","format-standard","has-post-thumbnail","hentry","category-actualites","category-sportif"],"_links":{"self":[{"href":"https:\/\/peopleofcostarica.com\/fr\/wp-json\/wp\/v2\/posts\/15828","targetHints":{"allow":["GET"]}}],"collection":[{"href":"https:\/\/peopleofcostarica.com\/fr\/wp-json\/wp\/v2\/posts"}],"about":[{"href":"https:\/\/peopleofcostarica.com\/fr\/wp-json\/wp\/v2\/types\/post"}],"author":[{"embeddable":true,"href":"https:\/\/peopleofcostarica.com\/fr\/wp-json\/wp\/v2\/users\/16"}],"replies":[{"embeddable":true,"href":"https:\/\/peopleofcostarica.com\/fr\/wp-json\/wp\/v2\/comments?post=15828"}],"version-history":[{"count":1,"href":"https:\/\/peopleofcostarica.com\/fr\/wp-json\/wp\/v2\/posts\/15828\/revisions"}],"predecessor-version":[{"id":15829,"href":"https:\/\/peopleofcostarica.com\/fr\/wp-json\/wp\/v2\/posts\/15828\/revisions\/15829"}],"wp:featuredmedia":[{"embeddable":true,"href":"https:\/\/peopleofcostarica.com\/fr\/wp-json\/wp\/v2\/media\/15827"}],"wp:attachment":[{"href":"https:\/\/peopleofcostarica.com\/fr\/wp-json\/wp\/v2\/media?parent=15828"}],"wp:term":[{"taxonomy":"category","embeddable":true,"href":"https:\/\/peopleofcostarica.com\/fr\/wp-json\/wp\/v2\/categories?post=15828"},{"taxonomy":"post_tag","embeddable":true,"href":"https:\/\/peopleofcostarica.com\/fr\/wp-json\/wp\/v2\/tags?post=15828"}],"curies":[{"name":"wp","href":"https:\/\/api.w.org\/{rel}","templated":true}]}}