{"id":12713,"date":"2026-04-30T11:57:55","date_gmt":"2026-04-30T17:57:55","guid":{"rendered":"https:\/\/peopleofcostarica.com\/?p=12713"},"modified":"2026-04-30T11:59:20","modified_gmt":"2026-04-30T17:59:20","slug":"modernisation-de-la-peche-artisanale-a-guanacaste-livraison-de-moteurs-aux-familles-cotieres","status":"publish","type":"post","link":"https:\/\/peopleofcostarica.com\/fr\/modernisation-de-la-peche-artisanale-a-guanacaste-livraison-de-moteurs-aux-familles-cotieres\/","title":{"rendered":"Modernisation de la p\u00eache artisanale \u00e0 Guanacaste : livraison de moteurs aux familles c\u00f4ti\u00e8res"},"content":{"rendered":"\n<h3 class=\"wp-block-heading\">Livraison de moteurs pour renforcer la p\u00eache locale<\/h3>\n\n\n\n<p>Un total de 28 familles d\u00e9di\u00e9es \u00e0 la p\u00eache artisanale et touristique dans diff\u00e9rentes communaut\u00e9s c\u00f4ti\u00e8res de Guanacaste ont re\u00e7u des moteurs hors-bord modernes dans le cadre d\u2019une initiative de l\u2019Instituto de Desarrollo Rural (Inder).<br>La remise a eu lieu le 27 avril 2026, avec un investissement d\u2019environ \u20a1167,4 millions, visant \u00e0 moderniser les embarcations dans des zones telles que Flamingo et Tamarindo (Santa Cruz), Puerto San Pablo et Puerto Thiel (Nandayure), Puerto Jes\u00fas, Puerto Pochote et S\u00e1mara (Nicoya), ainsi que El Jobo et Cuajiniquil (La Cruz).<\/p>\n\n\n\n<p>Selon les rapports officiels d\u2019Inder, la fourniture de ces nouveaux moteurs hors-bord permet aux familles b\u00e9n\u00e9ficiaires d\u2019am\u00e9liorer la s\u00e9curit\u00e9 en mer, de r\u00e9duire les co\u00fbts d\u2019exploitation et d\u2019acc\u00e9der \u00e0 des zones de p\u00eache plus \u00e9loign\u00e9es, ce qui peut se traduire par de meilleures opportunit\u00e9s de revenus pour le secteur de la p\u00eache artisanale.<\/p>\n\n\n\n<h3 class=\"wp-block-heading\">Objectifs de l\u2019initiative<\/h3>\n\n\n\n<p>Le projet vise \u00e0 renforcer la s\u00e9curit\u00e9, la productivit\u00e9 et la durabilit\u00e9 de la p\u00eache artisanale et touristique en int\u00e9grant des \u00e9quipements plus efficaces en termes de consommation de carburant. Cela am\u00e9liore non seulement les conditions de travail, mais favorise \u00e9galement des pratiques plus respectueuses de l\u2019environnement dans les activit\u00e9s maritimes et c\u00f4ti\u00e8res.<\/p>\n\n\n\n<p>L\u2019initiative est men\u00e9e avec la collaboration technique de l\u2019Instituto Costarricense de Pesca y Acuicultura et de la C\u00e1mara de Pescadores, Armadores y Actividades Afines de Guanacaste, coordonnant les efforts institutionnels pour am\u00e9liorer les conditions de travail du secteur de la p\u00eache.<\/p>\n\n\n\n<h3 class=\"wp-block-heading\">Impact sur les communaut\u00e9s c\u00f4ti\u00e8res<\/h3>\n\n\n\n<p>Gr\u00e2ce \u00e0 l\u2019int\u00e9gration de moteurs plus modernes, les familles b\u00e9n\u00e9ficiaires pourront travailler de mani\u00e8re plus efficace, \u00e9largir leur zone d\u2019activit\u00e9 en mer et r\u00e9duire leur d\u00e9pendance \u00e0 des \u00e9quipements anciens qui repr\u00e9sentaient souvent un risque ou un co\u00fbt financier \u00e9lev\u00e9. Cela constitue un soutien direct \u00e0 l\u2019\u00e9conomie locale et aux moyens de subsistance des communaut\u00e9s c\u00f4ti\u00e8res.<\/p>\n\n\n\n<h3 class=\"wp-block-heading\">Contexte de soutien \u00e0 la p\u00eache artisanale<\/h3>\n\n\n\n<p>Ce type d\u2019actions fait partie d\u2019un effort plus large d\u2019Inder et d\u2019Incopesca pour renforcer le secteur de la p\u00eache artisanale au Costa Rica. Des projets similaires ont \u00e9t\u00e9 mis en \u0153uvre dans d\u2019autres r\u00e9gions du pays, comme la livraison de 53 moteurs de technologie moderne \u00e0 des familles du Pacifique central, avec un investissement de plus de \u20a1306 millions, visant \u00e9galement \u00e0 am\u00e9liorer la productivit\u00e9, la s\u00e9curit\u00e9 et la durabilit\u00e9 du secteur.<\/p>\n\n\n\n<p>Par ailleurs, des initiatives d\u00e9velopp\u00e9es conjointement par le Ministerio de Agricultura y Ganader\u00eda, Incopesca et l\u2019Organizaci\u00f3n de las Naciones Unidas para la Alimentaci\u00f3n y la Agricultura visent \u00e0 promouvoir la p\u00eache durable et le d\u00e9veloppement de l\u2019aquaculture le long des c\u00f4tes du Costa Rica, avec des plans ax\u00e9s sur l\u2019am\u00e9lioration de la gestion des ressources marines et la cr\u00e9ation d\u2019opportunit\u00e9s \u00e9conomiques pour les familles qui d\u00e9pendent de ces activit\u00e9s.<\/p>\n\n\n\n<h3 class=\"wp-block-heading\">Sources officielles<\/h3>\n\n\n\n<p>INDER : <em>Inder fortalece sector pesquero del Pac\u00edfico con entrega de motores de \u00faltima tecnolog\u00eda<\/em><br>Inder : <em>Noticias sobre pesca artesanal y entrega de motores en Guanacaste<\/em><br>FAO, MAG e Incopesca impulsan proyecto para fortalecer la pesca artesanal y la acuicultura en Costa Rica*<\/p>\n","protected":false},"excerpt":{"rendered":"<p>Livraison de moteurs pour renforcer la p\u00eache locale Un total de 28 familles d\u00e9di\u00e9es \u00e0 la p\u00eache artisanale et touristique dans diff\u00e9rentes communaut\u00e9s c\u00f4ti\u00e8res de Guanacaste ont re\u00e7u des moteurs hors-bord modernes dans le cadre d\u2019une initiative de l\u2019Instituto de Desarrollo Rural (Inder).La remise a eu lieu le 27 avril 2026, avec un investissement d\u2019environ [&hellip;]<\/p>\n","protected":false},"author":16,"featured_media":12712,"comment_status":"open","ping_status":"open","sticky":false,"template":"","format":"standard","meta":{"footnotes":""},"categories":[86,98],"tags":[],"class_list":["post-12713","post","type-post","status-publish","format-standard","has-post-thumbnail","hentry","category-actualites","category-nouvelles-nationales"],"_links":{"self":[{"href":"https:\/\/peopleofcostarica.com\/fr\/wp-json\/wp\/v2\/posts\/12713","targetHints":{"allow":["GET"]}}],"collection":[{"href":"https:\/\/peopleofcostarica.com\/fr\/wp-json\/wp\/v2\/posts"}],"about":[{"href":"https:\/\/peopleofcostarica.com\/fr\/wp-json\/wp\/v2\/types\/post"}],"author":[{"embeddable":true,"href":"https:\/\/peopleofcostarica.com\/fr\/wp-json\/wp\/v2\/users\/16"}],"replies":[{"embeddable":true,"href":"https:\/\/peopleofcostarica.com\/fr\/wp-json\/wp\/v2\/comments?post=12713"}],"version-history":[{"count":1,"href":"https:\/\/peopleofcostarica.com\/fr\/wp-json\/wp\/v2\/posts\/12713\/revisions"}],"predecessor-version":[{"id":12714,"href":"https:\/\/peopleofcostarica.com\/fr\/wp-json\/wp\/v2\/posts\/12713\/revisions\/12714"}],"wp:featuredmedia":[{"embeddable":true,"href":"https:\/\/peopleofcostarica.com\/fr\/wp-json\/wp\/v2\/media\/12712"}],"wp:attachment":[{"href":"https:\/\/peopleofcostarica.com\/fr\/wp-json\/wp\/v2\/media?parent=12713"}],"wp:term":[{"taxonomy":"category","embeddable":true,"href":"https:\/\/peopleofcostarica.com\/fr\/wp-json\/wp\/v2\/categories?post=12713"},{"taxonomy":"post_tag","embeddable":true,"href":"https:\/\/peopleofcostarica.com\/fr\/wp-json\/wp\/v2\/tags?post=12713"}],"curies":[{"name":"wp","href":"https:\/\/api.w.org\/{rel}","templated":true}]}}