{"id":12703,"date":"2026-04-30T11:52:10","date_gmt":"2026-04-30T17:52:10","guid":{"rendered":"https:\/\/peopleofcostarica.com\/?p=12703"},"modified":"2026-04-30T11:54:58","modified_gmt":"2026-04-30T17:54:58","slug":"le-costa-rica-lance-la-construction-du-centre-national-de-gymnastique-a-heredia","status":"publish","type":"post","link":"https:\/\/peopleofcostarica.com\/fr\/le-costa-rica-lance-la-construction-du-centre-national-de-gymnastique-a-heredia\/","title":{"rendered":"Le Costa Rica lance la construction du Centre National de Gymnastique \u00e0 Heredia"},"content":{"rendered":"\n<p>La construction du Centre National de Gymnastique a r\u00e9cemment d\u00e9but\u00e9 \u00e0 Heredia, avec pour objectif de renforcer l\u2019infrastructure sportive du pays et d\u2019offrir des installations sp\u00e9cialis\u00e9es pour le d\u00e9veloppement de la gymnastique dans toutes ses disciplines. Le projet est situ\u00e9 sur le c\u00f4t\u00e9 ouest de l\u2019H\u00f4pital de Heredia et fait partie d\u2019une initiative plus large de promotion du sport national.<\/p>\n\n\n\n<p>Le projet repr\u00e9sente une avanc\u00e9e significative pour les athl\u00e8tes costariciens, puisqu\u2019il comprendra un gymnase d\u2019entra\u00eenement con\u00e7u selon des sp\u00e9cifications techniques fournies par l\u2019Instituto Costarricense del Deporte y la Recreaci\u00f3n (Icoder), l\u2019organisme charg\u00e9 de coordonner le d\u00e9veloppement des sports f\u00e9d\u00e9r\u00e9s au Costa Rica.<\/p>\n\n\n\n<h3 class=\"wp-block-heading\">Investissement et financement<\/h3>\n\n\n\n<p>La construction du centre sera financ\u00e9e par des ressources combin\u00e9es de la Municipalidad de Heredia, qui apportera \u20a1600 millions, et de l\u2019Icoder, qui contribuera \u00e0 hauteur de \u20a1500 millions, refl\u00e9tant un effort conjoint entre les institutions locales et nationales pour promouvoir le sport.<\/p>\n\n\n\n<h3 class=\"wp-block-heading\">B\u00e9n\u00e9fices pour les athl\u00e8tes et la communaut\u00e9<\/h3>\n\n\n\n<p>Le nouveau Centre National de Gymnastique b\u00e9n\u00e9ficiera directement \u00e0 environ 2 500 athl\u00e8tes issus de disciplines telles que la gymnastique rythmique, artistique, a\u00e9robique, le parkour, le trampoline et la gymnastique pour tous, leur permettant de s\u2019entra\u00eener et de concourir dans des installations adapt\u00e9es \u00e0 leurs besoins. De plus, un impact indirect est pr\u00e9vu pour environ 5 000 personnes, comprenant les familles, les entra\u00eeneurs et les membres d\u2019associations sportives affili\u00e9es.<\/p>\n\n\n\n<p>Ce type d\u2019infrastructure favorise \u00e9galement le d\u00e9veloppement d\u2019\u00e9v\u00e9nements sportifs nationaux et r\u00e9gionaux, augmentant les opportunit\u00e9s de participation et d\u2019exp\u00e9rience pour les sportifs costariciens.<\/p>\n\n\n\n<h3 class=\"wp-block-heading\">\u00c9tapes et extension du projet<\/h3>\n\n\n\n<p>La premi\u00e8re \u00e9tape du projet pr\u00e9voit la construction du gymnase principal, dont l\u2019ach\u00e8vement est estim\u00e9 \u00e0 environ 11 mois. Afin de faciliter de futures extensions, la Municipalit\u00e9 de Heredia est d\u00e9j\u00e0 en cours d\u2019acquisition de terrains suppl\u00e9mentaires. L\u2019objectif est de disposer d\u2019un espace suffisant pour des infrastructures compl\u00e9mentaires, telles que des installations de natation et des zones de stationnement pour les visiteurs.<\/p>\n\n\n\n<p>Le site sera administr\u00e9 par la Federaci\u00f3n Deportiva de Gimnasia y Afines de Costa Rica, qui mettra en place un mod\u00e8le de gestion ax\u00e9 sur l\u2019autosoutenabilit\u00e9 et l\u2019autogestion du centre une fois en fonctionnement.<\/p>\n\n\n\n<h3 class=\"wp-block-heading\">Importance pour le d\u00e9veloppement sportif national<\/h3>\n\n\n\n<p>La construction de ce centre sp\u00e9cialis\u00e9 repr\u00e9sente une avanc\u00e9e importante pour le sport au Costa Rica, en offrant un espace permettant aux athl\u00e8tes de se former dans des conditions optimales et en donnant aux organisations sportives nationales un lieu pour les entra\u00eenements, les comp\u00e9titions et les activit\u00e9s formatives qui devaient auparavant se d\u00e9rouler dans des installations non sp\u00e9cialis\u00e9es.<\/p>\n\n\n\n<p><strong>Sources officielles et de r\u00e9f\u00e9rence<\/strong><\/p>\n\n\n\n<p>\u2022 CRHoy, \u00ab Arranca la construcci\u00f3n del Centro Nacional de Gimnasia en Heredia \u00bb \u2014 couverture du d\u00e9but des travaux et d\u00e9tails du projet.<br>\u2022 Instituto Costarricense del Deporte y la Recreaci\u00f3n (Icoder) \u2014 donn\u00e9es institutionnelles sur la promotion et le d\u00e9veloppement des infrastructures sportives au Costa Rica.<br>\u2022 Municipalidad de Heredia \u2014 informations officielles sur le financement et les accords municipaux li\u00e9s au projet.<\/p>\n","protected":false},"excerpt":{"rendered":"<p>La construction du Centre National de Gymnastique a r\u00e9cemment d\u00e9but\u00e9 \u00e0 Heredia, avec pour objectif de renforcer l\u2019infrastructure sportive du pays et d\u2019offrir des installations sp\u00e9cialis\u00e9es pour le d\u00e9veloppement de la gymnastique dans toutes ses disciplines. Le projet est situ\u00e9 sur le c\u00f4t\u00e9 ouest de l\u2019H\u00f4pital de Heredia et fait partie d\u2019une initiative plus large [&hellip;]<\/p>\n","protected":false},"author":16,"featured_media":12702,"comment_status":"open","ping_status":"open","sticky":false,"template":"","format":"standard","meta":{"footnotes":""},"categories":[86,100],"tags":[],"class_list":["post-12703","post","type-post","status-publish","format-standard","has-post-thumbnail","hentry","category-actualites","category-sportif"],"_links":{"self":[{"href":"https:\/\/peopleofcostarica.com\/fr\/wp-json\/wp\/v2\/posts\/12703","targetHints":{"allow":["GET"]}}],"collection":[{"href":"https:\/\/peopleofcostarica.com\/fr\/wp-json\/wp\/v2\/posts"}],"about":[{"href":"https:\/\/peopleofcostarica.com\/fr\/wp-json\/wp\/v2\/types\/post"}],"author":[{"embeddable":true,"href":"https:\/\/peopleofcostarica.com\/fr\/wp-json\/wp\/v2\/users\/16"}],"replies":[{"embeddable":true,"href":"https:\/\/peopleofcostarica.com\/fr\/wp-json\/wp\/v2\/comments?post=12703"}],"version-history":[{"count":1,"href":"https:\/\/peopleofcostarica.com\/fr\/wp-json\/wp\/v2\/posts\/12703\/revisions"}],"predecessor-version":[{"id":12704,"href":"https:\/\/peopleofcostarica.com\/fr\/wp-json\/wp\/v2\/posts\/12703\/revisions\/12704"}],"wp:featuredmedia":[{"embeddable":true,"href":"https:\/\/peopleofcostarica.com\/fr\/wp-json\/wp\/v2\/media\/12702"}],"wp:attachment":[{"href":"https:\/\/peopleofcostarica.com\/fr\/wp-json\/wp\/v2\/media?parent=12703"}],"wp:term":[{"taxonomy":"category","embeddable":true,"href":"https:\/\/peopleofcostarica.com\/fr\/wp-json\/wp\/v2\/categories?post=12703"},{"taxonomy":"post_tag","embeddable":true,"href":"https:\/\/peopleofcostarica.com\/fr\/wp-json\/wp\/v2\/tags?post=12703"}],"curies":[{"name":"wp","href":"https:\/\/api.w.org\/{rel}","templated":true}]}}