{"id":12694,"date":"2026-04-30T11:46:12","date_gmt":"2026-04-30T17:46:12","guid":{"rendered":"https:\/\/peopleofcostarica.com\/?p=12694"},"modified":"2026-04-30T11:48:12","modified_gmt":"2026-04-30T17:48:12","slug":"puntarenas-adopte-un-moratoire-pour-freiner-les-extractions-dans-la-riviere-guacimal","status":"publish","type":"post","link":"https:\/\/peopleofcostarica.com\/fr\/puntarenas-adopte-un-moratoire-pour-freiner-les-extractions-dans-la-riviere-guacimal\/","title":{"rendered":"Puntarenas adopte un moratoire pour freiner les extractions dans la rivi\u00e8re Guacimal"},"content":{"rendered":"\n<h3 class=\"wp-block-heading\">Contexte et d\u00e9cision du Conseil municipal<\/h3>\n\n\n\n<p>Le Conseil municipal de Puntarenas a approuv\u00e9 \u00e0 l\u2019unanimit\u00e9 un <strong>moratoire limitant les activit\u00e9s d\u2019extraction de mat\u00e9riaux dans le lit et sur les berges de la rivi\u00e8re Guacimal<\/strong>. Cette d\u00e9cision fait suite aux pr\u00e9occupations croissantes, tant techniques que citoyennes, concernant les dommages environnementaux caus\u00e9s par ces pratiques, notamment l\u2019\u00e9rosion, la d\u00e9gradation des habitats naturels et les risques pour les infrastructures locales. Cette mesure vise \u00e0 <strong>prot\u00e9ger les ressources hydriques et \u00e0 garantir la durabilit\u00e9 environnementale<\/strong> de la r\u00e9gion.<\/p>\n\n\n\n<h3 class=\"wp-block-heading\">Ce que le moratoire restreint<\/h3>\n\n\n\n<p>Le moratoire suspend temporairement <strong>l\u2019\u00e9mission de nouveaux permis d\u2019extraction de granulats<\/strong> tels que le gravier et le sable dans les zones critiques de la rivi\u00e8re, ainsi que <strong>l\u2019extension des activit\u00e9s existantes<\/strong> qui ne respectent pas les crit\u00e8res environnementaux actualis\u00e9s. L\u2019objectif est de <strong>prot\u00e9ger le cours de la rivi\u00e8re et ses berges<\/strong>, de r\u00e9duire l\u2019\u00e9rosion et de limiter les impacts \u00e0 moyen et long terme sur la qualit\u00e9 de l\u2019eau et les \u00e9cosyst\u00e8mes riverains.<\/p>\n\n\n\n<p>L\u2019accord invite \u00e9galement les autorit\u00e9s environnementales nationales \u00e0 <strong>mener des \u00e9valuations techniques coordonn\u00e9es<\/strong> afin de d\u00e9finir des crit\u00e8res de gestion durable fond\u00e9s sur la g\u00e9omorphologie, la dynamique hydrologique et les priorit\u00e9s \u00e9cologiques.<\/p>\n\n\n\n<h3 class=\"wp-block-heading\">Impacts environnementaux des extractions non r\u00e9gul\u00e9es<\/h3>\n\n\n\n<p>Les sp\u00e9cialistes de l\u2019environnement et les organisations communautaires soulignent que <strong>les extractions non r\u00e9gul\u00e9es de s\u00e9diments<\/strong> peuvent avoir des cons\u00e9quences graves sur les \u00e9cosyst\u00e8mes fluviaux. Parmi celles-ci figurent la <strong>perturbation de l\u2019\u00e9quilibre naturel des s\u00e9diments<\/strong>, la destruction des habitats aquatiques, l\u2019augmentation de la turbidit\u00e9 de l\u2019eau, la d\u00e9gradation progressive des berges et un risque accru <strong>d\u2019inondations et de d\u00e9bordements<\/strong> pendant la saison des pluies.<\/p>\n\n\n\n<p>Pour les communaut\u00e9s voisines, l\u2019\u00e9tat de la rivi\u00e8re Guacimal est directement li\u00e9 \u00e0 la s\u00e9curit\u00e9 des <strong>infrastructures publiques, ponts, routes et propri\u00e9t\u00e9s priv\u00e9es<\/strong>.<\/p>\n\n\n\n<h3 class=\"wp-block-heading\">R\u00e9actions et points de vue<\/h3>\n\n\n\n<p>Les habitants, les groupes environnementaux et les leaders communautaires soutiennent cette d\u00e9cision municipale, estimant que le moratoire est une <strong>mesure n\u00e9cessaire pour \u00e9viter des dommages irr\u00e9versibles<\/strong> aux \u00e9cosyst\u00e8mes. Beaucoup insistent sur l\u2019importance de compl\u00e9ter cette initiative par des <strong>plans de restauration \u00e9cologique<\/strong> et des programmes de suivi \u00e0 long terme.<\/p>\n\n\n\n<p>Par ailleurs, des repr\u00e9sentants du secteur extractif soulignent la n\u00e9cessit\u00e9 d\u2019une <strong>transition progressive et organis\u00e9e<\/strong>, car de nombreuses familles d\u00e9pendent \u00e9conomiquement de cette activit\u00e9. Des initiatives de dialogue ont \u00e9t\u00e9 propos\u00e9es pour explorer des alternatives durables.<\/p>\n\n\n\n<h3 class=\"wp-block-heading\">Cadre juridique et coordination institutionnelle<\/h3>\n\n\n\n<p>Ce moratoire s\u2019inscrit dans les comp\u00e9tences municipales en mati\u00e8re de <strong>r\u00e9glementation de l\u2019usage du sol, d\u2019am\u00e9nagement du territoire et de protection des ressources naturelles<\/strong>. Il met \u00e9galement en \u00e9vidence la n\u00e9cessit\u00e9 de collaborer avec des institutions nationales telles que <strong>le MINAE (Minist\u00e8re de l\u2019Environnement et de l\u2019\u00c9nergie)<\/strong> et le <strong>SINAC (Syst\u00e8me national des aires de conservation)<\/strong> afin d\u2019assurer la coh\u00e9rence avec les politiques nationales de gestion des bassins versants et de protection de l\u2019eau.<\/p>\n\n\n\n<h3 class=\"wp-block-heading\">L\u2019importance des actions environnementales locales<\/h3>\n\n\n\n<p>La d\u00e9cision adopt\u00e9e \u00e0 Puntarenas refl\u00e8te une tendance croissante de <strong>gestion locale proactive face aux d\u00e9fis environnementaux<\/strong>. De telles mesures peuvent servir de mod\u00e8le pour d\u2019autres r\u00e9gions confront\u00e9es \u00e0 des probl\u00e9matiques similaires li\u00e9es \u00e0 l\u2019extraction de mat\u00e9riaux et \u00e0 la protection des \u00e9cosyst\u00e8mes fluviaux.<\/p>\n\n\n\n<h3 class=\"wp-block-heading\">Sources officielles et de r\u00e9f\u00e9rence<\/h3>\n\n\n\n<p>\u2022 Delfino.cr \u2014 couverture de la d\u00e9cision municipale et de ses motivations environnementales<br>\u2022 MINAE \u2014 cadre national de gestion des ressources hydriques<br>\u2022 SINAC \u2014 politiques officielles de protection des bassins versants et des \u00e9cosyst\u00e8mes<\/p>\n","protected":false},"excerpt":{"rendered":"<p>Contexte et d\u00e9cision du Conseil municipal Le Conseil municipal de Puntarenas a approuv\u00e9 \u00e0 l\u2019unanimit\u00e9 un moratoire limitant les activit\u00e9s d\u2019extraction de mat\u00e9riaux dans le lit et sur les berges de la rivi\u00e8re Guacimal. Cette d\u00e9cision fait suite aux pr\u00e9occupations croissantes, tant techniques que citoyennes, concernant les dommages environnementaux caus\u00e9s par ces pratiques, notamment l\u2019\u00e9rosion, [&hellip;]<\/p>\n","protected":false},"author":16,"featured_media":12693,"comment_status":"open","ping_status":"open","sticky":false,"template":"","format":"standard","meta":{"footnotes":""},"categories":[86,90],"tags":[],"class_list":["post-12694","post","type-post","status-publish","format-standard","has-post-thumbnail","hentry","category-actualites","category-climat-et-environnement"],"_links":{"self":[{"href":"https:\/\/peopleofcostarica.com\/fr\/wp-json\/wp\/v2\/posts\/12694","targetHints":{"allow":["GET"]}}],"collection":[{"href":"https:\/\/peopleofcostarica.com\/fr\/wp-json\/wp\/v2\/posts"}],"about":[{"href":"https:\/\/peopleofcostarica.com\/fr\/wp-json\/wp\/v2\/types\/post"}],"author":[{"embeddable":true,"href":"https:\/\/peopleofcostarica.com\/fr\/wp-json\/wp\/v2\/users\/16"}],"replies":[{"embeddable":true,"href":"https:\/\/peopleofcostarica.com\/fr\/wp-json\/wp\/v2\/comments?post=12694"}],"version-history":[{"count":1,"href":"https:\/\/peopleofcostarica.com\/fr\/wp-json\/wp\/v2\/posts\/12694\/revisions"}],"predecessor-version":[{"id":12695,"href":"https:\/\/peopleofcostarica.com\/fr\/wp-json\/wp\/v2\/posts\/12694\/revisions\/12695"}],"wp:featuredmedia":[{"embeddable":true,"href":"https:\/\/peopleofcostarica.com\/fr\/wp-json\/wp\/v2\/media\/12693"}],"wp:attachment":[{"href":"https:\/\/peopleofcostarica.com\/fr\/wp-json\/wp\/v2\/media?parent=12694"}],"wp:term":[{"taxonomy":"category","embeddable":true,"href":"https:\/\/peopleofcostarica.com\/fr\/wp-json\/wp\/v2\/categories?post=12694"},{"taxonomy":"post_tag","embeddable":true,"href":"https:\/\/peopleofcostarica.com\/fr\/wp-json\/wp\/v2\/tags?post=12694"}],"curies":[{"name":"wp","href":"https:\/\/api.w.org\/{rel}","templated":true}]}}