{"id":12675,"date":"2026-04-29T09:27:02","date_gmt":"2026-04-29T15:27:02","guid":{"rendered":"https:\/\/peopleofcostarica.com\/?p=12675"},"modified":"2026-04-29T09:29:29","modified_gmt":"2026-04-29T15:29:29","slug":"san-jose-lance-la-renovation-despaces-publics-cles-pour-revitaliser-le-centre-urbain","status":"publish","type":"post","link":"https:\/\/peopleofcostarica.com\/fr\/san-jose-lance-la-renovation-despaces-publics-cles-pour-revitaliser-le-centre-urbain\/","title":{"rendered":"San Jos\u00e9 lance la r\u00e9novation d\u2019espaces publics cl\u00e9s pour revitaliser le centre urbain"},"content":{"rendered":"\n<p>San Jos\u00e9 poursuit un ambitieux plan de transformation urbaine visant \u00e0 r\u00e9nover des espaces publics embl\u00e9matiques, am\u00e9liorer la qualit\u00e9 de vie des habitants et encourager l\u2019utilisation des zones historiques de la capitale. Le projet, d\u00e9j\u00e0 en cours, comprend des interventions dans des places et des parcs centraux avec un accent sur l\u2019accessibilit\u00e9, la s\u00e9curit\u00e9, la durabilit\u00e9 et la dynamisation sociale.<\/p>\n\n\n\n<h2 class=\"wp-block-heading\"><strong>Am\u00e9liorations du Parque Central, de la Plaza de las Garant\u00edas Sociales et de la Plaza Gonz\u00e1lez V\u00edquez<\/strong><\/h2>\n\n\n\n<p>La Municipalit\u00e9 de San Jos\u00e9 a annonc\u00e9 la mise en \u0153uvre d\u2019un plan global pour intervenir dans plusieurs espaces publics au c\u0153ur de la ville, notamment le Parque Central, la Plaza de las Garant\u00edas Sociales et la Plaza Gonz\u00e1lez V\u00edquez. Ces lieux, consid\u00e9r\u00e9s comme des points de rencontre traditionnels pour les habitants, b\u00e9n\u00e9ficieront d\u2019am\u00e9liorations d\u2019infrastructures, d\u2019\u00e9clairage, d\u2019espaces verts et de mobilier urbain afin de les rendre plus s\u00fbrs, plus attractifs et plus fonctionnels.<\/p>\n\n\n\n<p>Au Parque Central, environ \u20a1648 millions de colones sont consacr\u00e9s \u00e0 la r\u00e9novation, et le processus d\u2019appel d\u2019offres est d\u00e9j\u00e0 en cours dans le syst\u00e8me d\u2019achats publics.<\/p>\n\n\n\n<h2 class=\"wp-block-heading\"><strong>Objectifs du plan d\u2019intervention<\/strong><\/h2>\n\n\n\n<p>Le maire de San Jos\u00e9, Diego Miranda, a indiqu\u00e9 que l\u2019objectif principal de ces interventions est d\u2019offrir des environnements plus s\u00fbrs, plus organis\u00e9s et plus fonctionnels pour les usagers, tout en renfor\u00e7ant la pr\u00e9sence citoyenne dans des espaces historiquement d\u00e9di\u00e9s \u00e0 la vie sociale.<\/p>\n\n\n\n<p>Le projet vise \u00e9galement \u00e0 encourager l\u2019utilisation de ces espaces pendant davantage d\u2019heures dans la journ\u00e9e. Dans ce cadre, la Municipalit\u00e9 a \u00e9galement annonc\u00e9 l\u2019installation d\u2019un nouvel \u00e9clairage au Parc m\u00e9tropolitain La Sabana.<\/p>\n\n\n\n<h2 class=\"wp-block-heading\"><strong>R\u00e9novation int\u00e9grale des places<\/strong><\/h2>\n\n\n\n<p>La Plaza de las Garant\u00edas Sociales, situ\u00e9e derri\u00e8re le si\u00e8ge de la S\u00e9curit\u00e9 Sociale, fera l\u2019objet d\u2019une intervention estim\u00e9e \u00e0 plus de \u20a11,015 milliard de colones afin de cr\u00e9er un environnement plus accessible et durable.<\/p>\n\n\n\n<p>La Plaza Gonz\u00e1lez V\u00edquez b\u00e9n\u00e9ficiera \u00e9galement d\u2019importantes am\u00e9liorations, avec un investissement pr\u00e9vu de plus de \u20a12,2 milliards de colones incluant la r\u00e9novation des trottoirs, l\u2019\u00e9clairage, un gymnase ext\u00e9rieur et la r\u00e9habilitation des espaces sportifs.<\/p>\n\n\n\n<h2 class=\"wp-block-heading\"><strong>Vers un centre urbain plus vivant et accessible<\/strong><\/h2>\n\n\n\n<p>Gr\u00e2ce \u00e0 ces travaux, San Jos\u00e9 se dirige vers un centre urbain plus s\u00fbr, plus accessible et plus attractif, valorisant des espaces publics qui renforcent le tissu social tout en s\u2019adaptant aux besoins actuels de la communaut\u00e9.<\/p>\n\n\n\n<h3 class=\"wp-block-heading\"><strong>Sources<\/strong><\/h3>\n\n\n\n<ul class=\"wp-block-list\">\n<li>Municipalit\u00e9 de San Jos\u00e9 \u2013 Annonces officielles et dossiers d\u2019achats publics<\/li>\n\n\n\n<li>Syst\u00e8me costaricien d\u2019achats publics (SICOP)<\/li>\n\n\n\n<li>Institut costaricien du sport et de la r\u00e9cr\u00e9ation (ICODER)<\/li>\n\n\n\n<li>Registre du patrimoine architectural du Costa Rica<\/li>\n\n\n\n<li>Article du m\u00e9dia The Tico Times sur les projets de r\u00e9novation urbaine \u00e0 San Jos\u00e9<\/li>\n<\/ul>\n","protected":false},"excerpt":{"rendered":"<p>San Jos\u00e9 poursuit un ambitieux plan de transformation urbaine visant \u00e0 r\u00e9nover des espaces publics embl\u00e9matiques, am\u00e9liorer la qualit\u00e9 de vie des habitants et encourager l\u2019utilisation des zones historiques de la capitale. Le projet, d\u00e9j\u00e0 en cours, comprend des interventions dans des places et des parcs centraux avec un accent sur l\u2019accessibilit\u00e9, la s\u00e9curit\u00e9, la [&hellip;]<\/p>\n","protected":false},"author":16,"featured_media":12674,"comment_status":"open","ping_status":"open","sticky":false,"template":"","format":"standard","meta":{"footnotes":""},"categories":[86,98],"tags":[],"class_list":["post-12675","post","type-post","status-publish","format-standard","has-post-thumbnail","hentry","category-actualites","category-nouvelles-nationales"],"_links":{"self":[{"href":"https:\/\/peopleofcostarica.com\/fr\/wp-json\/wp\/v2\/posts\/12675","targetHints":{"allow":["GET"]}}],"collection":[{"href":"https:\/\/peopleofcostarica.com\/fr\/wp-json\/wp\/v2\/posts"}],"about":[{"href":"https:\/\/peopleofcostarica.com\/fr\/wp-json\/wp\/v2\/types\/post"}],"author":[{"embeddable":true,"href":"https:\/\/peopleofcostarica.com\/fr\/wp-json\/wp\/v2\/users\/16"}],"replies":[{"embeddable":true,"href":"https:\/\/peopleofcostarica.com\/fr\/wp-json\/wp\/v2\/comments?post=12675"}],"version-history":[{"count":1,"href":"https:\/\/peopleofcostarica.com\/fr\/wp-json\/wp\/v2\/posts\/12675\/revisions"}],"predecessor-version":[{"id":12676,"href":"https:\/\/peopleofcostarica.com\/fr\/wp-json\/wp\/v2\/posts\/12675\/revisions\/12676"}],"wp:featuredmedia":[{"embeddable":true,"href":"https:\/\/peopleofcostarica.com\/fr\/wp-json\/wp\/v2\/media\/12674"}],"wp:attachment":[{"href":"https:\/\/peopleofcostarica.com\/fr\/wp-json\/wp\/v2\/media?parent=12675"}],"wp:term":[{"taxonomy":"category","embeddable":true,"href":"https:\/\/peopleofcostarica.com\/fr\/wp-json\/wp\/v2\/categories?post=12675"},{"taxonomy":"post_tag","embeddable":true,"href":"https:\/\/peopleofcostarica.com\/fr\/wp-json\/wp\/v2\/tags?post=12675"}],"curies":[{"name":"wp","href":"https:\/\/api.w.org\/{rel}","templated":true}]}}