{"id":12659,"date":"2026-04-28T15:34:30","date_gmt":"2026-04-28T21:34:30","guid":{"rendered":"https:\/\/peopleofcostarica.com\/?p=12659"},"modified":"2026-04-28T15:37:57","modified_gmt":"2026-04-28T21:37:57","slug":"cartago-accueillera-un-workshop-collaboratif-pour-renforcer-la-presence-digitale-des-entrepreneurs","status":"publish","type":"post","link":"https:\/\/peopleofcostarica.com\/fr\/cartago-accueillera-un-workshop-collaboratif-pour-renforcer-la-presence-digitale-des-entrepreneurs\/","title":{"rendered":"Cartago accueillera un workshop collaboratif pour renforcer la pr\u00e9sence digitale des entrepreneurs"},"content":{"rendered":"\n<p>La communaut\u00e9&nbsp;<strong>Cartago WordPress Meetup<\/strong>&nbsp;organise le&nbsp;<strong>Workshop Co-cr\u00e9atif :&nbsp;<em>Boostez votre entreprise sur les r\u00e9seaux sociaux<\/em><\/strong>, une session pratique destin\u00e9e \u00e0 fournir des outils techniques et strat\u00e9giques aux entrepreneurs et petites entreprises souhaitant am\u00e9liorer leur pr\u00e9sence digitale sur des plateformes comme Instagram, Facebook et LinkedIn. Cet atelier fait partie des activit\u00e9s officielles de pr\u00e9paration du&nbsp;<strong>WordCamp Costa Rica 2026<\/strong>, un rassemblement mondial qui promeut l\u2019apprentissage, la collaboration et l\u2019\u00e9change de connaissances au sein de l\u2019\u00e9cosyst\u00e8me WordPress.&nbsp;<\/p>\n\n\n\n<p>Contrairement aux ateliers traditionnels, ce workshop repose sur une&nbsp;<strong>m\u00e9thodologie pratique et collaborative<\/strong>, o\u00f9 les participants travaillent directement sur leurs propres outils et profils num\u00e9riques avec l\u2019accompagnement d\u2019experts de la communaut\u00e9. Cette approche interactive permet d\u2019obtenir des r\u00e9sultats concrets et applicables imm\u00e9diatement.&nbsp;<\/p>\n\n\n\n<p>L\u2019\u00e9v\u00e9nement met en valeur la communaut\u00e9 locale de Cartago, un groupe de d\u00e9veloppeurs, designers, \u00e9diteurs de contenu et passionn\u00e9s qui se rencontrent r\u00e9guli\u00e8rement pour partager des connaissances et bonnes pratiques autour du web, du marketing digital et de WordPress.&nbsp;<\/p>\n\n\n\n<h3 class=\"wp-block-heading\"><strong>Informations cl\u00e9s de l\u2019\u00e9v\u00e9nement<\/strong><\/h3>\n\n\n\n<p><strong>Nom de l\u2019\u00e9v\u00e9nement :<\/strong>&nbsp;Workshop Co-cr\u00e9atif :&nbsp;<em>Boostez votre entreprise sur les r\u00e9seaux sociaux<\/em><br><strong>Organisateur :<\/strong>&nbsp;Communaut\u00e9 WordPress Cartago<br><strong>Date :<\/strong>&nbsp;<strong>Samedi 16 mai 2026<\/strong><br><strong>Heure de d\u00e9but :<\/strong>&nbsp;<strong>9h00<\/strong><br><strong>Lieu :<\/strong>&nbsp;<strong>Laboratorio de Innovaci\u00f3n Beenova (COVAO)<\/strong>&nbsp;\u2014 Cartago, Costa Rica&nbsp;<em>(adresse exacte fournie par les organisateurs)<\/em><br><strong>Co\u00fbt :<\/strong>&nbsp;Gratuit<br><strong>Format :<\/strong>&nbsp;Atelier pratique de co-cr\u00e9ation sur les r\u00e9seaux sociaux et le marketing digital<br><strong>Inscriptions :<\/strong>&nbsp;Ouvertes via la page officielle&nbsp;<strong>Meetup<\/strong>&nbsp;de WordPress Cartago Meetup.&nbsp;<\/p>\n\n\n\n<p><strong>Conditions de participation :<\/strong><br>\u2022&nbsp;<strong>Apporter un ordinateur portable<\/strong>&nbsp;pour le travail pratique<br>\u2022&nbsp;<strong>Disposer d\u2019un compte Gmail<\/strong>&nbsp;associ\u00e9 \u00e0 son entreprise<\/p>\n\n\n\n<p>Les places \u00e9tant limit\u00e9es pour assurer un accompagnement technique de qualit\u00e9, il est conseill\u00e9 de s\u2019inscrire rapidement.&nbsp;<\/p>\n\n\n\n<h3 class=\"wp-block-heading\"><strong>Qu\u2019est-ce que la communaut\u00e9 WordPress et pourquoi est-elle importante<\/strong><\/h3>\n\n\n\n<p>La communaut\u00e9&nbsp;<strong>WordPress<\/strong>&nbsp;est un r\u00e9seau mondial de d\u00e9veloppeurs, marketeurs, designers, entrepreneurs et passionn\u00e9s qui soutiennent et utilisent cette plateforme open-source. Les Meetups WordPress locaux permettent de se rencontrer en personne, d\u2019apprendre les uns des autres et de renforcer les comp\u00e9tences num\u00e9riques \u00e0 tous les niveaux.&nbsp;<\/p>\n\n\n\n<p>Des \u00e9v\u00e9nements tels que les WordCamps \u2014 organis\u00e9s dans le monde entier \u2014 couvrent une vari\u00e9t\u00e9 de sujets li\u00e9s \u00e0 WordPress et \u00e0 l\u2019entrepreneuriat num\u00e9rique, contribuant \u00e0 \u00e9largir l\u2019acc\u00e8s aux comp\u00e9tences et aux opportunit\u00e9s pour les professionnels et les petites entreprises.&nbsp;<\/p>\n\n\n\n<h2 class=\"wp-block-heading\"><strong>Soucres officielles<\/strong><\/h2>\n\n\n\n<ul class=\"wp-block-list\">\n<li>Meetup \u2013 Event listing for\u00a0<em>Workshop Co-creative: Potencia tu Emprendimiento en Redes Sociales<\/em>\u00a0(Cartago WordPress Meetup)\u00a0<\/li>\n\n\n\n<li>Meetup \u2013 Description of the Cartago WordPress Meetup group\u00a0<\/li>\n\n\n\n<li>WordPress Events \u2013 Overview of global WordPress event ecosystem and WordCamps<\/li>\n<\/ul>\n","protected":false},"excerpt":{"rendered":"<p>La communaut\u00e9&nbsp;Cartago WordPress Meetup&nbsp;organise le&nbsp;Workshop Co-cr\u00e9atif :&nbsp;Boostez votre entreprise sur les r\u00e9seaux sociaux, une session pratique destin\u00e9e \u00e0 fournir des outils techniques et strat\u00e9giques aux entrepreneurs et petites entreprises souhaitant am\u00e9liorer leur pr\u00e9sence digitale sur des plateformes comme Instagram, Facebook et LinkedIn. Cet atelier fait partie des activit\u00e9s officielles de pr\u00e9paration du&nbsp;WordCamp Costa Rica 2026, [&hellip;]<\/p>\n","protected":false},"author":16,"featured_media":12658,"comment_status":"open","ping_status":"open","sticky":false,"template":"","format":"standard","meta":{"footnotes":""},"categories":[86],"tags":[],"class_list":["post-12659","post","type-post","status-publish","format-standard","has-post-thumbnail","hentry","category-actualites"],"_links":{"self":[{"href":"https:\/\/peopleofcostarica.com\/fr\/wp-json\/wp\/v2\/posts\/12659","targetHints":{"allow":["GET"]}}],"collection":[{"href":"https:\/\/peopleofcostarica.com\/fr\/wp-json\/wp\/v2\/posts"}],"about":[{"href":"https:\/\/peopleofcostarica.com\/fr\/wp-json\/wp\/v2\/types\/post"}],"author":[{"embeddable":true,"href":"https:\/\/peopleofcostarica.com\/fr\/wp-json\/wp\/v2\/users\/16"}],"replies":[{"embeddable":true,"href":"https:\/\/peopleofcostarica.com\/fr\/wp-json\/wp\/v2\/comments?post=12659"}],"version-history":[{"count":1,"href":"https:\/\/peopleofcostarica.com\/fr\/wp-json\/wp\/v2\/posts\/12659\/revisions"}],"predecessor-version":[{"id":12660,"href":"https:\/\/peopleofcostarica.com\/fr\/wp-json\/wp\/v2\/posts\/12659\/revisions\/12660"}],"wp:featuredmedia":[{"embeddable":true,"href":"https:\/\/peopleofcostarica.com\/fr\/wp-json\/wp\/v2\/media\/12658"}],"wp:attachment":[{"href":"https:\/\/peopleofcostarica.com\/fr\/wp-json\/wp\/v2\/media?parent=12659"}],"wp:term":[{"taxonomy":"category","embeddable":true,"href":"https:\/\/peopleofcostarica.com\/fr\/wp-json\/wp\/v2\/categories?post=12659"},{"taxonomy":"post_tag","embeddable":true,"href":"https:\/\/peopleofcostarica.com\/fr\/wp-json\/wp\/v2\/tags?post=12659"}],"curies":[{"name":"wp","href":"https:\/\/api.w.org\/{rel}","templated":true}]}}