{"id":12644,"date":"2026-04-28T11:29:22","date_gmt":"2026-04-28T17:29:22","guid":{"rendered":"https:\/\/peopleofcostarica.com\/?p=12644"},"modified":"2026-04-28T11:30:15","modified_gmt":"2026-04-28T17:30:15","slug":"fermeture-et-modernisation-de-la-route-entre-escazu-et-alajuelita-ce-qui-change-et-pourquoi","status":"publish","type":"post","link":"https:\/\/peopleofcostarica.com\/fr\/fermeture-et-modernisation-de-la-route-entre-escazu-et-alajuelita-ce-qui-change-et-pourquoi\/","title":{"rendered":"Fermeture et modernisation de la route entre Escaz\u00fa et Alajuelita : ce qui change et pourquoi"},"content":{"rendered":"\n<p>La&nbsp;<strong>Route Nationale Secondaire 177<\/strong>, qui relie le centre de&nbsp;<em>Escaz\u00fa<\/em>&nbsp;\u00e0&nbsp;<em>Alajuelita<\/em>, sera&nbsp;<strong>ferm\u00e9e \u00e0 la circulation pendant environ huit mois<\/strong>&nbsp;\u00e0 partir du&nbsp;<strong>11 mai 2026<\/strong>, dans le cadre d\u2019un projet important d\u2019am\u00e9lioration routi\u00e8re. Cette mesure affecte un tron\u00e7on d\u2019environ un kilom\u00e8tre entre le centre commercial Montescaz\u00fa et l\u2019entr\u00e9e de la communaut\u00e9 de Nuevo Horizonte.&nbsp;<\/p>\n\n\n\n<p>L\u2019objectif principal de cette intervention est de moderniser une route essentielle pour la mobilit\u00e9 quotidienne dans la&nbsp;<em>Grande Aire M\u00e9tropolitaine<\/em>, qui pr\u00e9sentait des besoins d\u2019entretien et d\u2019adaptation aux standards actuels de s\u00e9curit\u00e9 et de capacit\u00e9.&nbsp;<\/p>\n\n\n\n<h2 class=\"wp-block-heading\"><strong>Principaux travaux pr\u00e9vus<\/strong><\/h2>\n\n\n\n<p>Le projet comprend plusieurs am\u00e9liorations structurales, notamment :<\/p>\n\n\n\n<ul class=\"wp-block-list\">\n<li>La construction de\u00a0<strong>nouveaux trottoirs et bordures<\/strong>\u00a0pour renforcer la s\u00e9curit\u00e9 des pi\u00e9tons<\/li>\n\n\n\n<li>L\u2019installation d\u2019un\u00a0<strong>syst\u00e8me moderne d\u2019\u00e9vacuation des eaux pluviales<\/strong>\u00a0afin de r\u00e9duire les risques d\u2019inondation<\/li>\n\n\n\n<li>La r\u00e9habilitation du\u00a0<strong>rev\u00eatement routier<\/strong>\u00a0pour am\u00e9liorer la durabilit\u00e9 de la chauss\u00e9e<\/li>\n\n\n\n<li>L\u2019<strong>extension du pont sur le r\u00edo Agres \u00e0 deux voies<\/strong>, ce qui facilitera le flux de v\u00e9hicules et r\u00e9duira les embouteillages\u00a0<\/li>\n<\/ul>\n\n\n\n<p>Le co\u00fbt total estim\u00e9 du projet est de&nbsp;<strong>\u20a11,9 milliard de colones<\/strong>, financ\u00e9 par la&nbsp;<em>Municipalit\u00e9 d\u2019Escaz\u00fa<\/em>&nbsp;avec le soutien des institutions nationales.&nbsp;<\/p>\n\n\n\n<h2 class=\"wp-block-heading\"><strong>Coordination institutionnelle du projet<\/strong><\/h2>\n\n\n\n<p>La&nbsp;<strong>Route 177<\/strong>&nbsp;fait partie du&nbsp;<strong>r\u00e9seau routier national du Costa Rica<\/strong>, administr\u00e9 par le&nbsp;<strong>Consejo Nacional de Vialidad<\/strong>(CONAVI), sous la direction du&nbsp;<strong>Ministerio de Obras P\u00fablicas y Transportes<\/strong>&nbsp;(MOPT). Ces organismes sont responsables de la planification, de la construction et de l\u2019entretien des routes nationales du pays.&nbsp;<\/p>\n\n\n\n<p>Le&nbsp;<strong>Instituto Costarricense de Acueductos y Alcantarillados<\/strong>&nbsp;(AyA) intervient aussi dans ce projet en raison des travaux li\u00e9s au syst\u00e8me de drainage pluvial, qui touchent les infrastructures d\u2019eau et d\u2019assainissement.&nbsp;<\/p>\n\n\n\n<h2 class=\"wp-block-heading\"><strong>Impact sur la circulation et recommandations<\/strong><\/h2>\n\n\n\n<p>Pendant la p\u00e9riode de fermeture, la circulation normale des v\u00e9hicules ne sera pas autoris\u00e9e, avec seulement un acc\u00e8s contr\u00f4l\u00e9 pour les r\u00e9sidents des zones affect\u00e9es. Les autorit\u00e9s recommandent :<\/p>\n\n\n\n<ul class=\"wp-block-list\">\n<li>De\u00a0<strong>planifier les trajets \u00e0 l\u2019avance<\/strong>\u00a0en tenant compte des itin\u00e9raires alternatifs\u00a0<\/li>\n\n\n\n<li>De\u00a0<strong>pr\u00e9voir plus de temps de d\u00e9placement<\/strong>\u00a0en raison des d\u00e9viations\u00a0<\/li>\n\n\n\n<li>De\u00a0<strong>suivre les indications et les communications officielles<\/strong>\u00a0publi\u00e9es par les institutions comp\u00e9tentes\u00a0<\/li>\n<\/ul>\n\n\n\n<p>Ces travaux visent \u00e0 offrir une route plus s\u00fbre, plus durable et mieux adapt\u00e9e \u00e0 la circulation quotidienne dans une zone strat\u00e9gique du r\u00e9seau routier national.<\/p>\n\n\n\n<h2 class=\"wp-block-heading\"><strong>Sources officielles recommand\u00e9es \u00e0 citer<\/strong><\/h2>\n\n\n\n<ul class=\"wp-block-list\">\n<li>CR Hoy \u2013 Reportage sur la fermeture et les travaux de la route 177 entre Escaz\u00fa et Alajuelita\u00a0<\/li>\n\n\n\n<li>Wikipedia \u2013 Informations g\u00e9n\u00e9rales sur le r\u00e9seau routier national (syst\u00e8me routier du Costa Rica)<\/li>\n<\/ul>\n","protected":false},"excerpt":{"rendered":"<p>La&nbsp;Route Nationale Secondaire 177, qui relie le centre de&nbsp;Escaz\u00fa&nbsp;\u00e0&nbsp;Alajuelita, sera&nbsp;ferm\u00e9e \u00e0 la circulation pendant environ huit mois&nbsp;\u00e0 partir du&nbsp;11 mai 2026, dans le cadre d\u2019un projet important d\u2019am\u00e9lioration routi\u00e8re. Cette mesure affecte un tron\u00e7on d\u2019environ un kilom\u00e8tre entre le centre commercial Montescaz\u00fa et l\u2019entr\u00e9e de la communaut\u00e9 de Nuevo Horizonte.&nbsp; L\u2019objectif principal de cette intervention [&hellip;]<\/p>\n","protected":false},"author":16,"featured_media":12643,"comment_status":"open","ping_status":"open","sticky":false,"template":"","format":"standard","meta":{"footnotes":""},"categories":[86,98],"tags":[],"class_list":["post-12644","post","type-post","status-publish","format-standard","has-post-thumbnail","hentry","category-actualites","category-nouvelles-nationales"],"_links":{"self":[{"href":"https:\/\/peopleofcostarica.com\/fr\/wp-json\/wp\/v2\/posts\/12644","targetHints":{"allow":["GET"]}}],"collection":[{"href":"https:\/\/peopleofcostarica.com\/fr\/wp-json\/wp\/v2\/posts"}],"about":[{"href":"https:\/\/peopleofcostarica.com\/fr\/wp-json\/wp\/v2\/types\/post"}],"author":[{"embeddable":true,"href":"https:\/\/peopleofcostarica.com\/fr\/wp-json\/wp\/v2\/users\/16"}],"replies":[{"embeddable":true,"href":"https:\/\/peopleofcostarica.com\/fr\/wp-json\/wp\/v2\/comments?post=12644"}],"version-history":[{"count":1,"href":"https:\/\/peopleofcostarica.com\/fr\/wp-json\/wp\/v2\/posts\/12644\/revisions"}],"predecessor-version":[{"id":12645,"href":"https:\/\/peopleofcostarica.com\/fr\/wp-json\/wp\/v2\/posts\/12644\/revisions\/12645"}],"wp:featuredmedia":[{"embeddable":true,"href":"https:\/\/peopleofcostarica.com\/fr\/wp-json\/wp\/v2\/media\/12643"}],"wp:attachment":[{"href":"https:\/\/peopleofcostarica.com\/fr\/wp-json\/wp\/v2\/media?parent=12644"}],"wp:term":[{"taxonomy":"category","embeddable":true,"href":"https:\/\/peopleofcostarica.com\/fr\/wp-json\/wp\/v2\/categories?post=12644"},{"taxonomy":"post_tag","embeddable":true,"href":"https:\/\/peopleofcostarica.com\/fr\/wp-json\/wp\/v2\/tags?post=12644"}],"curies":[{"name":"wp","href":"https:\/\/api.w.org\/{rel}","templated":true}]}}