{"id":12637,"date":"2026-04-28T11:12:59","date_gmt":"2026-04-28T17:12:59","guid":{"rendered":"https:\/\/peopleofcostarica.com\/?p=12637"},"modified":"2026-04-28T11:14:15","modified_gmt":"2026-04-28T17:14:15","slug":"naomy-valle-recoit-une-reconnaissance-internationale-qui-valorise-la-boxe-feminine-costaricienne","status":"publish","type":"post","link":"https:\/\/peopleofcostarica.com\/fr\/naomy-valle-recoit-une-reconnaissance-internationale-qui-valorise-la-boxe-feminine-costaricienne\/","title":{"rendered":"Naomy Valle re\u00e7oit une reconnaissance internationale qui valorise la boxe f\u00e9minine costaricienne"},"content":{"rendered":"\n<p>La boxeuse costaricienne&nbsp;<strong>Naomy Valle<\/strong>&nbsp;a \u00e9t\u00e9 r\u00e9cemment honor\u00e9e \u00e0 Las Vegas par le&nbsp;<strong>National Boxing Hall of Fame<\/strong>, o\u00f9 elle a \u00e9t\u00e9 distingu\u00e9e comme l\u2019athl\u00e8te \u00e0 la progression la plus remarquable de l\u2019ann\u00e9e. Cette distinction a \u00e9t\u00e9 remise lors d\u2019une c\u00e9r\u00e9monie r\u00e9unissant des figures historiques de la boxe mondiale tout en mettant en lumi\u00e8re des carri\u00e8res \u00e9mergentes \u00e0 fort potentiel international.<\/p>\n\n\n\n<p>Pour la jeune pugiliste, ce moment a signifi\u00e9 partager la sc\u00e8ne avec des l\u00e9gendes du sport et confirmer que son nom d\u00e9passe d\u00e9sormais les fronti\u00e8res de l\u2019Am\u00e9rique centrale.<\/p>\n\n\n\n<h2 class=\"wp-block-heading\"><strong>Une carri\u00e8re professionnelle en pleine ascension depuis 2022<\/strong><\/h2>\n\n\n\n<p>Depuis son passage au professionnalisme en 2022, Valle affiche une progression constante sur le ring. Son palmar\u00e8s refl\u00e8te r\u00e9gularit\u00e9 et performance, la pla\u00e7ant parmi les jeunes espoirs les plus prometteurs de la boxe f\u00e9minine latino-am\u00e9ricaine.<\/p>\n\n\n\n<p>Un tournant majeur a \u00e9t\u00e9 la conqu\u00eate du titre mondial jeunesse du&nbsp;<strong>Consejo Mundial de Boxeo<\/strong>&nbsp;(WBC) dans la cat\u00e9gorie des 108 livres, apr\u00e8s sa victoire contre la Mexicaine Yelmy S\u00e1nchez \u00e0 Playa del Carmen.<\/p>\n\n\n\n<h2 class=\"wp-block-heading\"><strong>Le soutien d\u2019une promotrice de port\u00e9e internationale<\/strong><\/h2>\n\n\n\n<p>Une autre \u00e9tape cl\u00e9 de sa carri\u00e8re a \u00e9t\u00e9 sa signature avec&nbsp;<strong>Most Valuable Promotions<\/strong>&nbsp;(MVP), une promotrice reconnue pour propulser de nouveaux talents sur des sc\u00e8nes m\u00e9diatis\u00e9es. Ce partenariat lui offre une visibilit\u00e9 accrue et des combats strat\u00e9giques pour acc\u00e9l\u00e9rer sa progression.<\/p>\n\n\n\n<h2 class=\"wp-block-heading\"><strong>La port\u00e9e symbolique du Boxing Hall of Fame<\/strong><\/h2>\n\n\n\n<p>Le National Boxing Hall of Fame honore les boxeurs, entra\u00eeneurs et personnalit\u00e9s ayant marqu\u00e9 l\u2019histoire de ce sport. Il d\u00e9cerne \u00e9galement des distinctions sp\u00e9ciales aux athl\u00e8tes dont l\u2019ascension rapide et l\u2019impact sont remarquables.<\/p>\n\n\n\n<h2 class=\"wp-block-heading\"><strong>Une fiert\u00e9 pour le Costa Rica et pour le sport f\u00e9minin<\/strong><\/h2>\n\n\n\n<p>Naomy Valle rappelle r\u00e9guli\u00e8rement que repr\u00e9senter le Costa Rica dans la boxe professionnelle est un immense honneur. Sa pr\u00e9sence sur la sc\u00e8ne internationale contribue \u00e0 valoriser le talent sportif f\u00e9minin du pays et \u00e0 inspirer de nouvelles g\u00e9n\u00e9rations.<\/p>\n\n\n\n<h3 class=\"wp-block-heading\"><strong>Sources officielles recommand\u00e9es \u00e0 citer<\/strong><\/h3>\n\n\n\n<ul class=\"wp-block-list\">\n<li>CR Hoy \u2013 Couverture de la remise du prix \u00e0 Las Vegas<\/li>\n\n\n\n<li>BoxRec \u2013 Historique officiel des combats et palmar\u00e8s de Naomy Valle<\/li>\n\n\n\n<li>World Boxing Council (WBC) \u2013 Informations sur son titre mondial jeunesse<\/li>\n\n\n\n<li>Most Valuable Promotions \u2013 D\u00e9tails sur sa signature avec MVP<\/li>\n\n\n\n<li>National Boxing Hall of Fame \u2013 Informations sur l\u2019institution et ses distinctions<\/li>\n<\/ul>\n","protected":false},"excerpt":{"rendered":"<p>La boxeuse costaricienne&nbsp;Naomy Valle&nbsp;a \u00e9t\u00e9 r\u00e9cemment honor\u00e9e \u00e0 Las Vegas par le&nbsp;National Boxing Hall of Fame, o\u00f9 elle a \u00e9t\u00e9 distingu\u00e9e comme l\u2019athl\u00e8te \u00e0 la progression la plus remarquable de l\u2019ann\u00e9e. Cette distinction a \u00e9t\u00e9 remise lors d\u2019une c\u00e9r\u00e9monie r\u00e9unissant des figures historiques de la boxe mondiale tout en mettant en lumi\u00e8re des carri\u00e8res \u00e9mergentes [&hellip;]<\/p>\n","protected":false},"author":16,"featured_media":12636,"comment_status":"open","ping_status":"open","sticky":false,"template":"","format":"standard","meta":{"footnotes":""},"categories":[100,86],"tags":[],"class_list":["post-12637","post","type-post","status-publish","format-standard","has-post-thumbnail","hentry","category-sportif","category-actualites"],"_links":{"self":[{"href":"https:\/\/peopleofcostarica.com\/fr\/wp-json\/wp\/v2\/posts\/12637","targetHints":{"allow":["GET"]}}],"collection":[{"href":"https:\/\/peopleofcostarica.com\/fr\/wp-json\/wp\/v2\/posts"}],"about":[{"href":"https:\/\/peopleofcostarica.com\/fr\/wp-json\/wp\/v2\/types\/post"}],"author":[{"embeddable":true,"href":"https:\/\/peopleofcostarica.com\/fr\/wp-json\/wp\/v2\/users\/16"}],"replies":[{"embeddable":true,"href":"https:\/\/peopleofcostarica.com\/fr\/wp-json\/wp\/v2\/comments?post=12637"}],"version-history":[{"count":1,"href":"https:\/\/peopleofcostarica.com\/fr\/wp-json\/wp\/v2\/posts\/12637\/revisions"}],"predecessor-version":[{"id":12638,"href":"https:\/\/peopleofcostarica.com\/fr\/wp-json\/wp\/v2\/posts\/12637\/revisions\/12638"}],"wp:featuredmedia":[{"embeddable":true,"href":"https:\/\/peopleofcostarica.com\/fr\/wp-json\/wp\/v2\/media\/12636"}],"wp:attachment":[{"href":"https:\/\/peopleofcostarica.com\/fr\/wp-json\/wp\/v2\/media?parent=12637"}],"wp:term":[{"taxonomy":"category","embeddable":true,"href":"https:\/\/peopleofcostarica.com\/fr\/wp-json\/wp\/v2\/categories?post=12637"},{"taxonomy":"post_tag","embeddable":true,"href":"https:\/\/peopleofcostarica.com\/fr\/wp-json\/wp\/v2\/tags?post=12637"}],"curies":[{"name":"wp","href":"https:\/\/api.w.org\/{rel}","templated":true}]}}