{"id":12628,"date":"2026-04-26T13:45:25","date_gmt":"2026-04-26T19:45:25","guid":{"rendered":"https:\/\/peopleofcostarica.com\/?p=12628"},"modified":"2026-04-26T13:47:05","modified_gmt":"2026-04-26T19:47:05","slug":"le-costa-rica-enregistre-un-impact-social-historique-lors-de-la-journee-des-bonnes-actions-2026","status":"publish","type":"post","link":"https:\/\/peopleofcostarica.com\/fr\/le-costa-rica-enregistre-un-impact-social-historique-lors-de-la-journee-des-bonnes-actions-2026\/","title":{"rendered":"Le Costa Rica enregistre un impact social historique lors de la Journ\u00e9e des bonnes actions 2026"},"content":{"rendered":"\n<h2 class=\"wp-block-heading\"><strong>Une journ\u00e9e nationale de volontariat aux r\u00e9sultats records<\/strong><\/h2>\n\n\n\n<p>Le mouvement de la Journ\u00e9e des bonnes actions au Costa Rica a cl\u00f4tur\u00e9 son \u00e9dition 2026 avec des r\u00e9sultats historiques, atteignant plus de 33 000 b\u00e9n\u00e9ficiaires directs dans tout le pays et s\u2019imposant comme l\u2019une des principales initiatives de volontariat et d\u2019action sociale au niveau national.<\/p>\n\n\n\n<p>Le programme a r\u00e9uni des organisations sociales, des entreprises, des institutions publiques et des volontaires dans des activit\u00e9s r\u00e9parties dans les sept provinces du pays, ax\u00e9es sur l\u2019\u00e9ducation, le bien-\u00eatre communautaire, l\u2019environnement et le soutien aux populations vuln\u00e9rables.<\/p>\n\n\n\n<p>Selon les r\u00e9sultats officiels, cette \u00e9dition a \u00e9galement \u00e9largi son impact indirect, g\u00e9n\u00e9rant un effet multiplicateur dans les communaut\u00e9s et les familles concern\u00e9es.<\/p>\n\n\n\n<h2 class=\"wp-block-heading\"><strong>Un mouvement mondial fortement pr\u00e9sent au Costa Rica<\/strong><\/h2>\n\n\n\n<p>La Journ\u00e9e des bonnes actions est une initiative internationale pr\u00e9sente dans plus de 100 pays, cr\u00e9\u00e9e en 2007 afin de promouvoir la solidarit\u00e9 et le volontariat comme outils de transformation sociale.<\/p>\n\n\n\n<p>Le Costa Rica a rejoint ce mouvement en 2014 et est devenu l\u2019un des pays les plus actifs de la r\u00e9gion, en reliant les secteurs priv\u00e9, acad\u00e9mique, public et associatif.<\/p>\n\n\n\n<p>Dans le pays, le mouvement est coordonn\u00e9 par la Fundaci\u00f3n Construyendo Sonrisas, qui sert de lien entre les initiatives sociales et les acteurs institutionnels. <\/p>\n\n\n\n<h2 class=\"wp-block-heading\"><strong>Volontariat, entreprises et communaut\u00e9s au c\u0153ur de l\u2019impact<\/strong><\/h2>\n\n\n\n<p>L\u2019\u00e9dition 2026 s\u2019est distingu\u00e9e par la participation conjointe d\u2019entreprises, de b\u00e9n\u00e9voles et d\u2019organisations communautaires, mettant en \u0153uvre plus d\u2019une centaine de projets sociaux et environnementaux.<\/p>\n\n\n\n<p>Les activit\u00e9s comprenaient des journ\u00e9es de soutien communautaire, des campagnes de nettoyage, des am\u00e9liorations d\u2019espaces publics et des programmes d\u2019aide aux populations vuln\u00e9rables.<\/p>\n\n\n\n<p>Ce mod\u00e8le multisectoriel a renforc\u00e9 la coordination entre acteurs sociaux et \u00e9largi la port\u00e9e des actions. <\/p>\n\n\n\n<h2 class=\"wp-block-heading\"><strong>Une approche fond\u00e9e sur la mesure de l\u2019impact social<\/strong><\/h2>\n\n\n\n<p>L\u2019un des aspects les plus importants de cette \u00e9dition a \u00e9t\u00e9 l\u2019adoption de m\u00e9thodologies plus rigoureuses pour mesurer l\u2019impact r\u00e9el des actions men\u00e9es.<\/p>\n\n\n\n<p>Cela a permis de distinguer les b\u00e9n\u00e9ficiaires directs de l\u2019impact \u00e9largi, renfor\u00e7ant ainsi les mod\u00e8les de volontariat bas\u00e9s sur la transparence et les r\u00e9sultats.<\/p>\n\n\n\n<p>Le mouvement \u00e9volue \u00e9galement vers une logique de continuit\u00e9, avec des actions qui s\u2019inscrivent dans des processus annuels. <\/p>\n\n\n\n<h2 class=\"wp-block-heading\"><strong>Un pays qui renforce sa culture de solidarit\u00e9<\/strong><\/h2>\n\n\n\n<p>Le Costa Rica s\u2019est impos\u00e9 comme une r\u00e9f\u00e9rence r\u00e9gionale en mati\u00e8re de volontariat structur\u00e9, int\u00e9grant diff\u00e9rents secteurs dans des projets \u00e0 impact social.<\/p>\n\n\n\n<p>Ces programmes contribuent non seulement \u00e0 r\u00e9pondre \u00e0 des besoins imm\u00e9diats, mais aussi \u00e0 renforcer la participation citoyenne et la responsabilit\u00e9 sociale.<\/p>\n\n\n\n<p>La croissance du mouvement refl\u00e8te une tendance nationale vers une coop\u00e9ration accrue entre soci\u00e9t\u00e9 civile, entreprises et institutions publiques.<\/p>\n\n\n\n<h2 class=\"wp-block-heading\"><strong>Sources officielles et de r\u00e9f\u00e9rence<\/strong><\/h2>\n\n\n\n<p>Fundaci\u00f3n Construyendo Sonrisas \u2014 coordination du mouvement au Costa Rica<br>Good Deeds Day Global \u2014 initiative internationale de volontariat<br>Minist\u00e8re du Travail et de la S\u00e9curit\u00e9 sociale du Costa Rica \u2014 programmes sociaux et volontariat<br>Delfino.cr \u2014 couverture du mouvement 2026<\/p>\n","protected":false},"excerpt":{"rendered":"<p>Une journ\u00e9e nationale de volontariat aux r\u00e9sultats records Le mouvement de la Journ\u00e9e des bonnes actions au Costa Rica a cl\u00f4tur\u00e9 son \u00e9dition 2026 avec des r\u00e9sultats historiques, atteignant plus de 33 000 b\u00e9n\u00e9ficiaires directs dans tout le pays et s\u2019imposant comme l\u2019une des principales initiatives de volontariat et d\u2019action sociale au niveau national. Le [&hellip;]<\/p>\n","protected":false},"author":16,"featured_media":12627,"comment_status":"open","ping_status":"open","sticky":false,"template":"","format":"standard","meta":{"footnotes":""},"categories":[86,98],"tags":[],"class_list":["post-12628","post","type-post","status-publish","format-standard","has-post-thumbnail","hentry","category-actualites","category-nouvelles-nationales"],"_links":{"self":[{"href":"https:\/\/peopleofcostarica.com\/fr\/wp-json\/wp\/v2\/posts\/12628","targetHints":{"allow":["GET"]}}],"collection":[{"href":"https:\/\/peopleofcostarica.com\/fr\/wp-json\/wp\/v2\/posts"}],"about":[{"href":"https:\/\/peopleofcostarica.com\/fr\/wp-json\/wp\/v2\/types\/post"}],"author":[{"embeddable":true,"href":"https:\/\/peopleofcostarica.com\/fr\/wp-json\/wp\/v2\/users\/16"}],"replies":[{"embeddable":true,"href":"https:\/\/peopleofcostarica.com\/fr\/wp-json\/wp\/v2\/comments?post=12628"}],"version-history":[{"count":1,"href":"https:\/\/peopleofcostarica.com\/fr\/wp-json\/wp\/v2\/posts\/12628\/revisions"}],"predecessor-version":[{"id":12629,"href":"https:\/\/peopleofcostarica.com\/fr\/wp-json\/wp\/v2\/posts\/12628\/revisions\/12629"}],"wp:featuredmedia":[{"embeddable":true,"href":"https:\/\/peopleofcostarica.com\/fr\/wp-json\/wp\/v2\/media\/12627"}],"wp:attachment":[{"href":"https:\/\/peopleofcostarica.com\/fr\/wp-json\/wp\/v2\/media?parent=12628"}],"wp:term":[{"taxonomy":"category","embeddable":true,"href":"https:\/\/peopleofcostarica.com\/fr\/wp-json\/wp\/v2\/categories?post=12628"},{"taxonomy":"post_tag","embeddable":true,"href":"https:\/\/peopleofcostarica.com\/fr\/wp-json\/wp\/v2\/tags?post=12628"}],"curies":[{"name":"wp","href":"https:\/\/api.w.org\/{rel}","templated":true}]}}