{"id":12607,"date":"2026-04-26T13:28:15","date_gmt":"2026-04-26T19:28:15","guid":{"rendered":"https:\/\/peopleofcostarica.com\/?p=12607"},"modified":"2026-04-26T13:31:09","modified_gmt":"2026-04-26T19:31:09","slug":"volontariat-nocturne-et-conservation-marine-dans-le-pacifique-sud-du-costa-rica-un-reseau-citoyen-en-action","status":"publish","type":"post","link":"https:\/\/peopleofcostarica.com\/fr\/volontariat-nocturne-et-conservation-marine-dans-le-pacifique-sud-du-costa-rica-un-reseau-citoyen-en-action\/","title":{"rendered":"Volontariat nocturne et conservation marine dans le Pacifique Sud du Costa Rica : un r\u00e9seau citoyen en action"},"content":{"rendered":"\n<h2 class=\"wp-block-heading\"><strong>Patrouilles communautaires pour prot\u00e9ger la vie marine<\/strong><\/h2>\n\n\n\n<p>Dans le Pacifique Sud du Costa Rica, notamment dans des zones \u00e0 forte biodiversit\u00e9, un r\u00e9seau de volontaires environnementaux r\u00e9alise des patrouilles nocturnes visant \u00e0 prot\u00e9ger la faune marine, en particulier les tortues marines venant pondre sur les plages.<\/p>\n\n\n\n<p>Ces initiatives combinent les efforts d\u2019organisations locales, de b\u00e9n\u00e9voles nationaux et internationaux ainsi que de projets de conservation coordonn\u00e9s avec les autorit\u00e9s environnementales.<\/p>\n\n\n\n<p>Les programmes de conservation indiquent que les volontaires effectuent des rondes nocturnes sur des plages cl\u00e9s, surveillant la nidification des tortues et soutenant les efforts de protection directe des habitats.<\/p>\n\n\n\n<h2 class=\"wp-block-heading\"><strong>Le r\u00f4le de Earthrace Conservation dans la protection du Pacifique<\/strong><\/h2>\n\n\n\n<p>L\u2019une des organisations actives dans la r\u00e9gion est Earthrace Conservation, qui travaille sur la surveillance marine et la protection des \u00e9cosyst\u00e8mes gr\u00e2ce \u00e0 des patrouilles, du suivi et une coop\u00e9ration avec les autorit\u00e9s publiques.<\/p>\n\n\n\n<p>L\u2019organisation op\u00e8re en coordination avec le&nbsp;Ministerio de Ambiente y Energ\u00eda&nbsp;et d\u2019autres acteurs de la conservation, en fournissant des moyens logistiques comme des embarcations et des technologies de suivi maritime.<\/p>\n\n\n\n<p>Earthrace a \u00e9galement particip\u00e9 \u00e0 des op\u00e9rations de contr\u00f4le contre la p\u00eache ill\u00e9gale dans des zones marines sensibles du Pacifique Sud.<\/p>\n\n\n\n<p>Cette coop\u00e9ration s\u2019inscrit dans des accords internationaux visant \u00e0 renforcer la surveillance et la protection des aires marines prot\u00e9g\u00e9es.<\/p>\n\n\n\n<h2 class=\"wp-block-heading\"><strong>Une r\u00e9gion parmi les plus riches en biodiversit\u00e9 au monde<\/strong><\/h2>\n\n\n\n<p>Le Pacifique Sud du Costa Rica, incluant la p\u00e9ninsule d\u2019Osa, est reconnu mondialement pour sa biodiversit\u00e9 exceptionnelle.<\/p>\n\n\n\n<p>Cette r\u00e9gion abrite des \u00e9cosyst\u00e8mes de mangroves, des plages de nidification et des corridors marins essentiels pour les tortues marines, les requins et de nombreuses esp\u00e8ces animales.<\/p>\n\n\n\n<h2 class=\"wp-block-heading\"><strong>Le volontariat comme outil de conservation<\/strong><\/h2>\n\n\n\n<p>Le volontariat environnemental est devenu un outil central de conservation dans le sud du pays. Ces programmes incluent des patrouilles de plages, le suivi des esp\u00e8ces, la reforestation et le soutien \u00e0 la recherche scientifique.<\/p>\n\n\n\n<p>Des organisations comme Osa Conservation soulignent que le travail des b\u00e9n\u00e9voles contribue directement \u00e0 la protection de la biodiversit\u00e9 et au renforcement des \u00e9cosyst\u00e8mes.<\/p>\n\n\n\n<p>Ces programmes favorisent \u00e9galement l\u2019\u00e9ducation environnementale et l\u2019implication des communaut\u00e9s locales et internationales.<\/p>\n\n\n\n<h2 class=\"wp-block-heading\"><strong>D\u00e9fis : pression humaine et protection des \u00e9cosyst\u00e8mes<\/strong><\/h2>\n\n\n\n<p>Malgr\u00e9 les efforts de conservation, le Pacifique Sud fait face \u00e0 des d\u00e9fis importants tels que la p\u00eache ill\u00e9gale, la pression touristique, la pollution marine et la perte d\u2019habitats.<\/p>\n\n\n\n<p>Des rapports r\u00e9cents soulignent la n\u00e9cessit\u00e9 de renforcer la pr\u00e9sence institutionnelle pour garantir le respect des lois environnementales.<\/p>\n\n\n\n<h2 class=\"wp-block-heading\"><strong>Un mod\u00e8le de conservation bas\u00e9 sur l\u2019action directe<\/strong><\/h2>\n\n\n\n<p>Les patrouilles nocturnes et le volontariat illustrent un mod\u00e8le de conservation active combinant science, engagement communautaire et action sur le terrain.<\/p>\n\n\n\n<p>Ce mod\u00e8le renforce la protection des esp\u00e8ces menac\u00e9es tout en favorisant la sensibilisation environnementale et la participation citoyenne.<\/p>\n\n\n\n<p>Le Costa Rica continue ainsi de d\u00e9velopper des mod\u00e8les hybrides o\u00f9 technologie, b\u00e9n\u00e9volat et institutions travaillent ensemble.<\/p>\n\n\n\n<h2 class=\"wp-block-heading\"><strong>Sources officielles et de r\u00e9f\u00e9rence<\/strong><\/h2>\n\n\n\n<ul class=\"wp-block-list\">\n<li>Ministerio de Ambiente y Energ\u00eda\u00a0\u2014 gestion des aires prot\u00e9g\u00e9es<\/li>\n\n\n\n<li>Sistema Nacional de \u00c1reas de Conservaci\u00f3n\u00a0\u2014 \u00e9cosyst\u00e8mes marins et terrestres<\/li>\n\n\n\n<li>Earthrace Conservation \u2014 surveillance et protection marine dans le Pacifique Sud<\/li>\n\n\n\n<li>Osa Conservation \u2014 programmes de volontariat et conservation<\/li>\n\n\n\n<li>Observador CR \u2014 couverture des initiatives de conservation<\/li>\n<\/ul>\n","protected":false},"excerpt":{"rendered":"<p>Patrouilles communautaires pour prot\u00e9ger la vie marine Dans le Pacifique Sud du Costa Rica, notamment dans des zones \u00e0 forte biodiversit\u00e9, un r\u00e9seau de volontaires environnementaux r\u00e9alise des patrouilles nocturnes visant \u00e0 prot\u00e9ger la faune marine, en particulier les tortues marines venant pondre sur les plages. Ces initiatives combinent les efforts d\u2019organisations locales, de b\u00e9n\u00e9voles [&hellip;]<\/p>\n","protected":false},"author":16,"featured_media":12609,"comment_status":"open","ping_status":"open","sticky":false,"template":"","format":"standard","meta":{"footnotes":""},"categories":[86,90],"tags":[],"class_list":["post-12607","post","type-post","status-publish","format-standard","has-post-thumbnail","hentry","category-actualites","category-climat-et-environnement"],"_links":{"self":[{"href":"https:\/\/peopleofcostarica.com\/fr\/wp-json\/wp\/v2\/posts\/12607","targetHints":{"allow":["GET"]}}],"collection":[{"href":"https:\/\/peopleofcostarica.com\/fr\/wp-json\/wp\/v2\/posts"}],"about":[{"href":"https:\/\/peopleofcostarica.com\/fr\/wp-json\/wp\/v2\/types\/post"}],"author":[{"embeddable":true,"href":"https:\/\/peopleofcostarica.com\/fr\/wp-json\/wp\/v2\/users\/16"}],"replies":[{"embeddable":true,"href":"https:\/\/peopleofcostarica.com\/fr\/wp-json\/wp\/v2\/comments?post=12607"}],"version-history":[{"count":1,"href":"https:\/\/peopleofcostarica.com\/fr\/wp-json\/wp\/v2\/posts\/12607\/revisions"}],"predecessor-version":[{"id":12608,"href":"https:\/\/peopleofcostarica.com\/fr\/wp-json\/wp\/v2\/posts\/12607\/revisions\/12608"}],"wp:featuredmedia":[{"embeddable":true,"href":"https:\/\/peopleofcostarica.com\/fr\/wp-json\/wp\/v2\/media\/12609"}],"wp:attachment":[{"href":"https:\/\/peopleofcostarica.com\/fr\/wp-json\/wp\/v2\/media?parent=12607"}],"wp:term":[{"taxonomy":"category","embeddable":true,"href":"https:\/\/peopleofcostarica.com\/fr\/wp-json\/wp\/v2\/categories?post=12607"},{"taxonomy":"post_tag","embeddable":true,"href":"https:\/\/peopleofcostarica.com\/fr\/wp-json\/wp\/v2\/tags?post=12607"}],"curies":[{"name":"wp","href":"https:\/\/api.w.org\/{rel}","templated":true}]}}